{"id":20103,"date":"2017-09-29T11:37:20","date_gmt":"2017-09-29T14:37:20","guid":{"rendered":"https:\/\/www.dentalpress.com.br\/portal\/?p=20103"},"modified":"2017-10-05T08:33:21","modified_gmt":"2017-10-05T11:33:21","slug":"realinhamento-do-plano-oclusal","status":"publish","type":"post","link":"https:\/\/dentalpress.com.br\/portal\/realinhamento-do-plano-oclusal\/","title":{"rendered":"Realinhamento do plano oclusal em reabilita\u00e7\u00e3o oral: import\u00e2ncia e modalidades terap\u00eauticas"},"content":{"rendered":"<figure id=\"attachment_20112\" aria-describedby=\"caption-attachment-20112\" style=\"width: 510px\" class=\"wp-caption aligncenter\"><a href=\"https:\/\/dentalpress.com.br\/portal\/wp-content\/uploads\/2017\/09\/Realinhamento-do-plano-oclusal.png\"><img fetchpriority=\"high\" decoding=\"async\" class=\"wp-image-20112\" title=\"Realinhamento do plano oclusal\" src=\"https:\/\/dentalpress.com.br\/portal\/wp-content\/uploads\/2017\/09\/Realinhamento-do-plano-oclusal-300x199.png\" alt=\"Realinhamento do plano oclusal\" width=\"510\" height=\"338\" srcset=\"\/wp-content\/uploads\/2017\/09\/Realinhamento-do-plano-oclusal-300x199.png 300w, \/wp-content\/uploads\/2017\/09\/Realinhamento-do-plano-oclusal-768x509.png 768w, \/wp-content\/uploads\/2017\/09\/Realinhamento-do-plano-oclusal-780x516.png 780w, \/wp-content\/uploads\/2017\/09\/Realinhamento-do-plano-oclusal-585x387.png 585w, \/wp-content\/uploads\/2017\/09\/Realinhamento-do-plano-oclusal-263x175.png 263w, \/wp-content\/uploads\/2017\/09\/Realinhamento-do-plano-oclusal.png 900w\" sizes=\"(max-width: 510px) 100vw, 510px\" \/><\/a><figcaption id=\"caption-attachment-20112\" class=\"wp-caption-text\">Grave extrus\u00e3o dos <a href=\"https:\/\/dentalpress.com.br\/portal\/curso-de-aperfeicoamento-em-cirurgia-de-dentes-retidos\/\">dentes<\/a> e do maci\u00e7o \u00f3sseo maxilar. Aus\u00eancia de espa\u00e7o prot\u00e9tico entre as arcadas. (Foto: reprodu\u00e7\u00e3o)<\/figcaption><\/figure>\n<p><strong>Autores:\u00a0<\/strong>Jos\u00e9 Augusto C\u00e9sar Discacciati; Leonardo Alc\u00e2ntara Cunha Lima;\u00a0C\u00e9lia Alc\u00e2ntara Cunha Lima;\u00a0Rose Vieira Toyama; Eduardo Lemos de Souza; Marcos Dias Lanza e Evandro Guimar\u00e3es Aguiar.<\/p>\n<p><strong>Resumo:\u00a0<\/strong>A n\u00e3o reposi\u00e7\u00e3o de dentes posteriores extra\u00eddos pode gerar altera\u00e7\u00f5es no plano oclusal devido a inclina\u00e7\u00f5es dent\u00e1rias e supraerup\u00e7\u00f5es. Essa desarmonia pode influenciar negativamente no arco de fechamento e nas excurs\u00f5es laterais da mand\u00edbula, devido \u00e0s interfer\u00eancias na guia anterior. Diferentes modalidades terap\u00eauticas t\u00eam sido aplicadas visando o restabelecimento da <a href=\"https:\/\/dentalpress.com.br\/portal\/especializacao-em-harmonizacao-orofacial\/\">harmonia<\/a> do plano oclusal. A odontoplastia, ou desgaste compensat\u00f3rio, o preparo e confec\u00e7\u00e3o de coroas ou onlays, a osteotomia segmentar e intrus\u00e3o ortod\u00f4ntica s\u00e3o algumas dessas modalidades. Objetivo: O objetivo desse estudo \u00e9 discutir a import\u00e2ncia da realiza\u00e7\u00e3o desses procedimentos como parte integrante do planejamento do tratamento odontol\u00f3gico, e apresentar quatro casos cl\u00ednicos em que foram utilizadas diferentes modalidades terap\u00eauticas com esse fim. Conclus\u00e3o: Concluiu-se que cada caso deve ser conduzido de acordo com suas caracter\u00edsticas iniciais e que o realinhamento da harmonia do plano oclusal, quando indicado, \u00e9 uma condi\u00e7\u00e3o obrigat\u00f3ria durante os procedimentos restauradores.<\/p>\n<h2><a href=\"http:\/\/grupo.dentalpress.com.br\/fdf7d7f822aa61a715a7\">Quero baixar o artigo na \u00edntegra!<\/a><\/h2>\n","protected":false},"excerpt":{"rendered":"<p>Autores:\u00a0Jos\u00e9 Augusto C\u00e9sar Discacciati; Leonardo Alc\u00e2ntara Cunha Lima;\u00a0C\u00e9lia Alc\u00e2ntara Cunha Lima;\u00a0Rose Vieira Toyama; Eduardo Lemos de Souza; Marcos Dias Lanza e Evandro Guimar\u00e3es Aguiar. Resumo:\u00a0A n\u00e3o reposi\u00e7\u00e3o de dentes posteriores extra\u00eddos pode gerar altera\u00e7\u00f5es no plano oclusal devido a inclina\u00e7\u00f5es dent\u00e1rias e supraerup\u00e7\u00f5es. Essa desarmonia pode influenciar negativamente no arco de fechamento e nas excurs\u00f5es<\/p>\n","protected":false},"author":20,"featured_media":20112,"comment_status":"open","ping_status":"closed","sticky":false,"template":"","format":"standard","meta":{"footnotes":""},"categories":[],"tags":[],"class_list":["post-20103","post","type-post","status-publish","format-standard","has-post-thumbnail"],"aioseo_notices":[],"amp_enabled":true,"_links":{"self":[{"href":"https:\/\/dentalpress.com.br\/portal\/wp-json\/wp\/v2\/posts\/20103","targetHints":{"allow":["GET"]}}],"collection":[{"href":"https:\/\/dentalpress.com.br\/portal\/wp-json\/wp\/v2\/posts"}],"about":[{"href":"https:\/\/dentalpress.com.br\/portal\/wp-json\/wp\/v2\/types\/post"}],"author":[{"embeddable":true,"href":"https:\/\/dentalpress.com.br\/portal\/wp-json\/wp\/v2\/users\/20"}],"replies":[{"embeddable":true,"href":"https:\/\/dentalpress.com.br\/portal\/wp-json\/wp\/v2\/comments?post=20103"}],"version-history":[{"count":0,"href":"https:\/\/dentalpress.com.br\/portal\/wp-json\/wp\/v2\/posts\/20103\/revisions"}],"wp:featuredmedia":[{"embeddable":true,"href":"https:\/\/dentalpress.com.br\/portal\/wp-json\/wp\/v2\/media\/20112"}],"wp:attachment":[{"href":"https:\/\/dentalpress.com.br\/portal\/wp-json\/wp\/v2\/media?parent=20103"}],"wp:term":[{"taxonomy":"category","embeddable":true,"href":"https:\/\/dentalpress.com.br\/portal\/wp-json\/wp\/v2\/categories?post=20103"},{"taxonomy":"post_tag","embeddable":true,"href":"https:\/\/dentalpress.com.br\/portal\/wp-json\/wp\/v2\/tags?post=20103"}],"curies":[{"name":"wp","href":"https:\/\/api.w.org\/{rel}","templated":true}]}}