{"id":20091,"date":"2017-09-29T12:33:02","date_gmt":"2017-09-29T15:33:02","guid":{"rendered":"https:\/\/www.dentalpress.com.br\/portal\/?p=20091"},"modified":"2017-09-29T13:26:12","modified_gmt":"2017-09-29T16:26:12","slug":"aperfeicoamento-dtm","status":"publish","type":"post","link":"https:\/\/dentalpress.com.br\/portal\/aperfeicoamento-dtm\/","title":{"rendered":"Rodrigo Poluha abre 2\u00ba m\u00f3dulo de Aperfei\u00e7oamento em DTM"},"content":{"rendered":"<figure id=\"attachment_20094\" aria-describedby=\"caption-attachment-20094\" style=\"width: 410px\" class=\"wp-caption alignleft\"><a href=\"https:\/\/dentalpress.com.br\/portal\/wp-content\/uploads\/2017\/09\/Rodrigo-Polaha.jpg\"><img fetchpriority=\"high\" decoding=\"async\" class=\"wp-image-20094\" title=\"aperfei\u00e7oamento\" src=\"https:\/\/dentalpress.com.br\/portal\/wp-content\/uploads\/2017\/09\/Rodrigo-Polaha-300x200.jpg\" alt=\"aperfei\u00e7oamento em DTM\" width=\"410\" height=\"273\" srcset=\"\/wp-content\/uploads\/2017\/09\/Rodrigo-Polaha-300x200.jpg 300w, \/wp-content\/uploads\/2017\/09\/Rodrigo-Polaha-768x512.jpg 768w, \/wp-content\/uploads\/2017\/09\/Rodrigo-Polaha-585x390.jpg 585w, \/wp-content\/uploads\/2017\/09\/Rodrigo-Polaha-263x175.jpg 263w, \/wp-content\/uploads\/2017\/09\/Rodrigo-Polaha.jpg 900w\" sizes=\"(max-width: 410px) 100vw, 410px\" \/><\/a><figcaption id=\"caption-attachment-20094\" class=\"wp-caption-text\">Rodrigo Poluha inicia 2\u00ba m\u00f3dulo de <a href=\"https:\/\/dentalpress.com.br\/portal\/curso-de-aperfeicoamento-em-cirurgia-de-dentes-retidos\/\">Aperfei\u00e7oamento<\/a> DTM (Foto: Ang\u00e9lica Nogaroto\/Dental Press)<\/figcaption><\/figure>\n<p><span style=\"font-weight: 400;\">A Dental Press recebe o Dr. Rodrigo Lorenzi Poluha\u00a0para ministrar a aula <em>Exames Cl\u00ednicos em DTM<\/em>, do 2\u00ba m\u00f3dulo de <em>Aperfei\u00e7oamento em Disfun\u00e7\u00e3o Temporomandibular (DTM) e Dor Orofacial<\/em>, na manh\u00e3 desta sexta-feira (29).<\/span><\/p>\n<p><span style=\"font-weight: 400;\">Durante a tarde, Dr. Rafael Silva comanda a aula <em>Etiologia das DTM<\/em>. O 2\u00ba m\u00f3dulo encerra com\u00a0<em>Tratamento Farmacol\u00f3gico no Controle da Dor, <\/em>ministrado pelo Wagner Hummig.<\/span><\/p>\n<p><span style=\"font-weight: 400;\"><em>Aperfei\u00e7oamento em DTM<\/em> tem como objetivo capacitar os cirurgi\u00f5es-dentistas a diagnosticar e tratar diferentes patologias que acometem as articula\u00e7\u00f5es temporomandibulares, a musculatura mastigat\u00f3ria e os nervos da face. Integra, ainda, o tratamento da S\u00edndrome da Apneia e Hipopneia do Sono &#8211; intimamente relacionado ao universo das DTMs.<\/span><\/p>\n<p>O <a href=\"https:\/\/dentalpress.com.br\/portal\/como-inserir-lasers-de-baixa-e-alta-potencia-na-rotina-clinica\/\">curso<\/a>, que iniciou em agosto, est\u00e1 na 7\u00ba turma. Sob coordena\u00e7\u00e3o dos doutores Bruno D\u2019Aurea Furquim e Rafael dos Santos Silva, ter\u00e1 dura\u00e7\u00e3o de um ano, com m\u00f3dulos mensais de dois dias.<\/p>\n<h2>Professores<\/h2>\n<p><span style=\"font-weight: 400;\"><a href=\"https:\/\/www.escavador.com\/sobre\/4458462\/rodrigo-lorenzi-poluha\">Rodrigo Poluha<\/a> \u00e9 especialista em Resid\u00eancia em Pr\u00f3tese Dent\u00e1ria e mestrando em Odontologia Integrada, ambos pela Universidade Estadual de Maring\u00e1 (UEM).<\/span><\/p>\n<p><span style=\"font-weight: 400;\"><a href=\"https:\/\/www.escavador.com\/sobre\/5769984\/rafael-dos-santos-silva\">Rafael Silva<\/a> \u00e9 professor adjunto do Departamento de Odontologia da Universidade Estadual de Maring\u00e1 (UEM), mestre em Reabilita\u00e7\u00e3o Oral pela Faculdade de Odontologia de Bauru (USP),\u00a0doutor e em Reabilita\u00e7\u00e3o Oral pela Faculdade de Odontologia de Bauru (USP) e pela Universidade da Calif\u00f3rnia, Los Angeles (UCLA\/USA) e especialista em Disfun\u00e7\u00e3o T<\/span><span style=\"font-weight: 400;\">emporomandibular e Dor Orofacial pelo CFO e especialista em Pr\u00f3tese Dent\u00e1ria pela PROFIS\/FOB\/USP.<\/span><\/p>\n<p><span style=\"font-weight: 400;\"><a href=\"https:\/\/www.escavador.com\/sobre\/7569253\/wagner-hummig\">Wagner Hummig<\/a> \u00e9 especialista em DTM e Dor Orofacial, mestre em Farmacologia da Dor pela Universidade Federal do Paran\u00e1 (UFPR), Professor convidado na Universidade Tuiuti do Paran\u00e1 no curso de Especializa\u00e7\u00e3o em Disfun\u00e7\u00e3o Temporomandibular e Dor Orofacial (DTM) e coordenador odont\u00f3logo do Setor de Cefaleia e Dor Orofacial (SCDOF) do Instituto de Neurologia de Curitiba (INC-PR).<\/span><\/p>\n<p><a href=\"https:\/\/www.dentalpresscursos.com\/dtm-dor-orofacial\">Para mais informa\u00e7\u00f5es sobre o curso, clique aqui.<\/a><\/p>\n<p>Confira as fotos:<\/p>\n<pre>[flickr_set id=\"72157687766151375\"]<\/pre>\n","protected":false},"excerpt":{"rendered":"<p>A Dental Press recebe o Dr. Rodrigo Lorenzi Poluha\u00a0para ministrar a aula Exames Cl\u00ednicos em DTM, do 2\u00ba m\u00f3dulo de Aperfei\u00e7oamento em Disfun\u00e7\u00e3o Temporomandibular (DTM) e Dor Orofacial, na manh\u00e3 desta sexta-feira (29). Durante a tarde, Dr. Rafael Silva comanda a aula Etiologia das DTM. O 2\u00ba m\u00f3dulo encerra com\u00a0Tratamento Farmacol\u00f3gico no Controle da Dor,<\/p>\n","protected":false},"author":23,"featured_media":20094,"comment_status":"open","ping_status":"closed","sticky":false,"template":"","format":"standard","meta":{"footnotes":""},"categories":[],"tags":[],"class_list":["post-20091","post","type-post","status-publish","format-standard","has-post-thumbnail"],"aioseo_notices":[],"amp_enabled":true,"_links":{"self":[{"href":"https:\/\/dentalpress.com.br\/portal\/wp-json\/wp\/v2\/posts\/20091","targetHints":{"allow":["GET"]}}],"collection":[{"href":"https:\/\/dentalpress.com.br\/portal\/wp-json\/wp\/v2\/posts"}],"about":[{"href":"https:\/\/dentalpress.com.br\/portal\/wp-json\/wp\/v2\/types\/post"}],"author":[{"embeddable":true,"href":"https:\/\/dentalpress.com.br\/portal\/wp-json\/wp\/v2\/users\/23"}],"replies":[{"embeddable":true,"href":"https:\/\/dentalpress.com.br\/portal\/wp-json\/wp\/v2\/comments?post=20091"}],"version-history":[{"count":0,"href":"https:\/\/dentalpress.com.br\/portal\/wp-json\/wp\/v2\/posts\/20091\/revisions"}],"wp:featuredmedia":[{"embeddable":true,"href":"https:\/\/dentalpress.com.br\/portal\/wp-json\/wp\/v2\/media\/20094"}],"wp:attachment":[{"href":"https:\/\/dentalpress.com.br\/portal\/wp-json\/wp\/v2\/media?parent=20091"}],"wp:term":[{"taxonomy":"category","embeddable":true,"href":"https:\/\/dentalpress.com.br\/portal\/wp-json\/wp\/v2\/categories?post=20091"},{"taxonomy":"post_tag","embeddable":true,"href":"https:\/\/dentalpress.com.br\/portal\/wp-json\/wp\/v2\/tags?post=20091"}],"curies":[{"name":"wp","href":"https:\/\/api.w.org\/{rel}","templated":true}]}}