{"id":20073,"date":"2017-09-29T10:12:29","date_gmt":"2017-09-29T13:12:29","guid":{"rendered":"https:\/\/www.dentalpress.com.br\/portal\/?p=20073"},"modified":"2017-09-29T16:08:09","modified_gmt":"2017-09-29T19:08:09","slug":"livro-abor","status":"publish","type":"post","link":"https:\/\/dentalpress.com.br\/portal\/livro-abor\/","title":{"rendered":"Livro do 11\u00ba Congresso Internacional ABOR re\u00fane trabalhos cient\u00edficos apresentados"},"content":{"rendered":"<p><a href=\"https:\/\/loja.dentalpress.com.br\/abor2017.html\"><span style=\"font-weight: 400;\"><img fetchpriority=\"high\" decoding=\"async\" class=\"wp-image-20090 aligncenter\" src=\"https:\/\/dentalpress.com.br\/portal\/wp-content\/uploads\/2017\/09\/Captura-de-Tela-2017-09-29-a\u0300s-09.37.51.png\" alt=\"livro ABOR\" width=\"348\" height=\"450\" srcset=\"\/wp-content\/uploads\/2017\/09\/Captura-de-Tela-2017-09-29-a\u0300s-09.37.51.png 530w, \/wp-content\/uploads\/2017\/09\/Captura-de-Tela-2017-09-29-a\u0300s-09.37.51-232x300.png 232w\" sizes=\"(max-width: 348px) 100vw, 348px\" \/><\/span><\/a><\/p>\n<p><span style=\"font-weight: 400;\">A perpetua\u00e7\u00e3o do conhecimento \u00e9 o cerne dos livros. Com mais de 300 p\u00e1ginas, divididas em 19 cap\u00edtulos, o livro oficial do\u00a0<a href=\"https:\/\/abor.com.br\/evento\/11-congresso-da-associacao-brasileira-de-ortodontia\/comercial\"><em>11\u00ba Congresso Internacional ABOR<\/em><\/a> traz o registro impresso do conte\u00fado cient\u00edfico que ser\u00e1 apresentado oralmente no congresso.<\/span><\/p>\n<p><span style=\"font-weight: 400;\">Organizado por <a href=\"https:\/\/www.dentalpress.com.br\/portal\/editorial-david-normando\/\">David Normando<\/a>, editor-chefe da Dental Press Journal of Orthodontics (DPJO) e presidente do congresso, e <a href=\"https:\/\/www.dentalpress.com.br\/portal\/dra-flavia-artese-assume-direcao-abor\/\">Flavia Artese<\/a>, presidente da ABOR, o livro lan\u00e7ado pela <a href=\"https:\/\/abor.com.br\/\">Associac\u0327a\u0303o Brasileira de Ortodontia e Ortopedia Facial (ABOR)<\/a>, em parceria com a editora Dental Press, re\u00fane trabalhos de pesquisadores e cli\u0301nicos internacionalmente renomados em prol da difus\u00e3o do conhecimento cient\u00edfico. <\/span><\/p>\n<p><span style=\"font-weight: 400;\">A capa ilustra os primeiros habitantes da Am\u00e9rica Latina, os ind\u00edgenas, e foi concebida pelo diretor de arte da Dental Press, o\u00a0 designer gra\u0301fico Ju\u0301nior Bianchi.<\/span><\/p>\n<p><span style=\"font-weight: 400;\">A venda do livro 1<\/span><span style=\"font-weight: 400;\">1\u00ba Congresso Internacional ABOR <\/span><span style=\"font-weight: 400;\">est\u00e1 sendo feita na Dental Press <\/span><span style=\"font-weight: 400;\">Store. <a href=\"https:\/\/loja.dentalpress.com.br\/abor2017.html\" target=\"_blank\" rel=\"noopener\">Clique aqui para a<\/a><\/span>dquirir seu exemplar.<\/p>\n<h2><strong>Congresso ABOR<\/strong><\/h2>\n<p><span style=\"font-weight: 400;\">O 11\u00ba Congresso Internacional da Associa\u00e7\u00e3o Brasileira de <a href=\"https:\/\/dentalpress.com.br\/portal\/excelencia-em-ortodontia-2\/\">Ortodontia<\/a> e Ortopedia Facial (ABOR) ser\u00e1 realizado entre os dias 11 e 14 de outubro de 2017, a cidade de Bel\u00e9m (PA), no Hangar Centro de Conven\u00e7\u00f5es e Feira da Amaz\u00f4nia.<\/span><\/p>\n<p><span style=\"font-weight: 400;\">O congresso oferecer\u00e1 12 <a href=\"https:\/\/dentalpress.com.br\/portal\/especializacao-em-implantodontia-transforme-sua-carreira-com-precisao-e-seguranca\/\">cursos<\/a>, dois simp\u00f3sios, 22 mini-cursos e mais de 40 confer\u00eancias com grandes expoentes da Ortodontia nacional e internacional.<\/span><\/p>\n<p><span style=\"font-weight: 400;\">Os convidados internacionais s\u00e3o Carlos Flores-Mir (Canad\u00e1), Marco Rosa (It\u00e1lia), Kevin O\u2019Brien (Inglaterra), Mario Polo (Porto Rico) e Rodrigo Vieccili (EUA). Entre os brasileiros est\u00e3o grandes nomes como Aldilson Ramos, Carlos Alexandre C\u00e2mara, Laurindo Furquim, Guilherme Janson, Daniela Garib, Liliana Maltagliati, Maur\u00edcio Araujo, Bruno Furquim, Marcos Janson, Ertty Silva, Paulo Conti, Guilherme Janson, Roberto Brand\u00e3o, Silvia Reis e Telma Ara\u00fajo, entre muitos outros.<\/span><\/p>\n<h2><strong>Inscri\u00e7\u00f5es<\/strong><\/h2>\n<p><span style=\"font-weight: 400;\">As inscri\u00e7\u00f5es devem ser feitas pelo site do congresso, onde est\u00e3o dispon\u00edveis todas as informa\u00e7\u00f5es sobre o evento: programa\u00e7\u00e3o completa, submiss\u00e3o de trabalhos cient\u00edficos, comiss\u00e3o organizadora, al\u00e9m de pontos tur\u00edsticos de Bel\u00e9m e indica\u00e7\u00f5es de hot\u00e9is. <\/span><a href=\"https:\/\/abor.com.br\/congresso-2017\/home\"><b>Clique aqui<\/b><\/a><span style=\"font-weight: 400;\"> para acessar.<\/span><\/p>\n<p><a href=\"https:\/\/abor.com.br\/congresso-2017\/home\"><img decoding=\"async\" class=\"alignnone wp-image-18464 size-full\" title=\"livro\" src=\"https:\/\/dentalpress.com.br\/portal\/wp-content\/uploads\/2017\/05\/congresso-abor.jpg\" alt=\"livro\" width=\"935\" height=\"396\" srcset=\"\/wp-content\/uploads\/2017\/05\/congresso-abor.jpg 935w, \/wp-content\/uploads\/2017\/05\/congresso-abor-300x127.jpg 300w, \/wp-content\/uploads\/2017\/05\/congresso-abor-768x325.jpg 768w, \/wp-content\/uploads\/2017\/05\/congresso-abor-585x248.jpg 585w\" sizes=\"(max-width: 935px) 100vw, 935px\" \/><\/a><\/p>\n","protected":false},"excerpt":{"rendered":"<p>A perpetua\u00e7\u00e3o do conhecimento \u00e9 o cerne dos livros. Com mais de 300 p\u00e1ginas, divididas em 19 cap\u00edtulos, o livro oficial do\u00a011\u00ba Congresso Internacional ABOR traz o registro impresso do conte\u00fado cient\u00edfico que ser\u00e1 apresentado oralmente no congresso. Organizado por David Normando, editor-chefe da Dental Press Journal of Orthodontics (DPJO) e presidente do congresso, e<\/p>\n","protected":false},"author":23,"featured_media":20092,"comment_status":"open","ping_status":"closed","sticky":false,"template":"","format":"standard","meta":{"footnotes":""},"categories":[],"tags":[],"class_list":["post-20073","post","type-post","status-publish","format-standard","has-post-thumbnail"],"aioseo_notices":[],"amp_enabled":true,"_links":{"self":[{"href":"https:\/\/dentalpress.com.br\/portal\/wp-json\/wp\/v2\/posts\/20073","targetHints":{"allow":["GET"]}}],"collection":[{"href":"https:\/\/dentalpress.com.br\/portal\/wp-json\/wp\/v2\/posts"}],"about":[{"href":"https:\/\/dentalpress.com.br\/portal\/wp-json\/wp\/v2\/types\/post"}],"author":[{"embeddable":true,"href":"https:\/\/dentalpress.com.br\/portal\/wp-json\/wp\/v2\/users\/23"}],"replies":[{"embeddable":true,"href":"https:\/\/dentalpress.com.br\/portal\/wp-json\/wp\/v2\/comments?post=20073"}],"version-history":[{"count":0,"href":"https:\/\/dentalpress.com.br\/portal\/wp-json\/wp\/v2\/posts\/20073\/revisions"}],"wp:featuredmedia":[{"embeddable":true,"href":"https:\/\/dentalpress.com.br\/portal\/wp-json\/wp\/v2\/media\/20092"}],"wp:attachment":[{"href":"https:\/\/dentalpress.com.br\/portal\/wp-json\/wp\/v2\/media?parent=20073"}],"wp:term":[{"taxonomy":"category","embeddable":true,"href":"https:\/\/dentalpress.com.br\/portal\/wp-json\/wp\/v2\/categories?post=20073"},{"taxonomy":"post_tag","embeddable":true,"href":"https:\/\/dentalpress.com.br\/portal\/wp-json\/wp\/v2\/tags?post=20073"}],"curies":[{"name":"wp","href":"https:\/\/api.w.org\/{rel}","templated":true}]}}