{"id":19844,"date":"2017-09-13T13:42:08","date_gmt":"2017-09-13T16:42:08","guid":{"rendered":"https:\/\/www.dentalpress.com.br\/portal\/?p=19844"},"modified":"2017-09-14T11:57:03","modified_gmt":"2017-09-14T14:57:03","slug":"posicao-mandibula-emprego","status":"publish","type":"post","link":"https:\/\/dentalpress.com.br\/portal\/posicao-mandibula-emprego\/","title":{"rendered":"Posi\u00e7\u00e3o da mand\u00edbula tem forte influ\u00eancia na contrata\u00e7\u00e3o de profissionais"},"content":{"rendered":"<p><a href=\"https:\/\/dentalpress.com.br\/portal\/wp-content\/uploads\/2017\/09\/mandibula.jpg\"><img fetchpriority=\"high\" decoding=\"async\" class=\"alignnone size-full wp-image-19845\" src=\"https:\/\/dentalpress.com.br\/portal\/wp-content\/uploads\/2017\/09\/mandibula.jpg\" alt=\"\" width=\"840\" height=\"560\" srcset=\"\/wp-content\/uploads\/2017\/09\/mandibula.jpg 840w, \/wp-content\/uploads\/2017\/09\/mandibula-300x200.jpg 300w, \/wp-content\/uploads\/2017\/09\/mandibula-768x512.jpg 768w, \/wp-content\/uploads\/2017\/09\/mandibula-585x390.jpg 585w, \/wp-content\/uploads\/2017\/09\/mandibula-263x175.jpg 263w\" sizes=\"(max-width: 840px) 100vw, 840px\" \/><\/a><\/p>\n<p>A posi\u00e7\u00e3o da mand\u00edbula \u2013 mais para frente ou mais para tr\u00e1s \u2013 influencia na atratividade facial, na contrata\u00e7\u00e3o para um emprego e na percep\u00e7\u00e3o da condi\u00e7\u00e3o socioecon\u00f4mica dos indiv\u00edduos. Foi o que constatou um estudo realizado por um grupo de pesquisadores do Departamento de Odontologia da Universidade Federal do Rio Grande do Norte (UFRN), publicado na Dental Press Journal of Orthodontics, volume 22, n\u00famero 3. A pesquisa foi liderada por Hallissa Simpl\u00edcio Gomes Pereira, professora adjunta da UFRN.<\/p>\n<h4><a href=\"https:\/\/www.dentalpress.com.br\/portal\/quanto-vale-um-sorriso\/\" target=\"_blank\" rel=\"noopener\">&gt;&gt;&gt; Leia tamb\u00e9m: Quando vale um sorriso?<\/a><\/h4>\n<p>Um homem negro, um homem branco, uma mulher negra e uma mulher <a href=\"https:\/\/dentalpress.com.br\/portal\/curso-de-aperfeicoamento-em-estetica-vermelha-e-branca\/\">branca<\/a> com faces harm\u00f4nicas serviram como modelos para obten\u00e7\u00e3o de uma fotografia de perfil facial. Cada fotografia obtida foi digitalmente manipulada para a obten\u00e7\u00e3o de sete perfis faciais: um ideal, tr\u00eas simulando avan\u00e7o mandibular e tr\u00eas simulando retrus\u00e3o mandibular, originando 28 fotografias. Estas fotografias foram avaliadas por meio de um question\u00e1rio por quatro grupos de avaliadores: ortodontistas, cirurgi\u00f5es bucomaxilofaciais, artistas visuais e leigos<\/p>\n<p>Os resultados demonstraram que a posi\u00e7\u00e3o da mand\u00edbula teve forte influ\u00eancia sobre o qu\u00e3o agrad\u00e1vel \u00e9 considerada a face de um indiv\u00edduo. Os perfis apontados como mais atrativos tamb\u00e9m foram considerados como mais favor\u00e1veis \u00e0 contrata\u00e7\u00e3o para vaga de um emprego. Poucas diferen\u00e7as significativas entre os diferentes grupos de avaliadores foram observadas.<\/p>\n<h4><a href=\"https:\/\/www.dentalpress.com.br\/portal\/sorriso-andre-machado\/\" target=\"_blank\" rel=\"noopener\">&gt;&gt;&gt; Leia tamb\u00e9m:\u00a0O que o seu sorriso pode fazer por voc\u00ea? \u2013 por Andr\u00e9 W. Machado<\/a><\/h4>\n<p>\u201cNota-se, portanto, estreita rela\u00e7\u00e3o da atratividade facial com uma maior facilidade das pessoas para se conseguir um emprego\u201d, dizem os autores, no texto. Quando se questionou qual dos perfis aparentava ter melhor condi\u00e7\u00e3o socioecon\u00f4mica, observou-se que, de modo geral, os mesmos perfis escolhidos como mais atrativos e merecedores de vagas de emprego foram os apontados como os mais elevados na escala socioecon\u00f4mica. Dessa forma, o estudo lan\u00e7a luz sobre a import\u00e2ncia da <a href=\"https:\/\/dentalpress.com.br\/portal\/excelencia-em-ortodontia-2\/\">Ortodontia<\/a> no contexto social.<\/p>\n<p>Outros autores j\u00e1 haviam realizado estudos semelhantes. No entanto, nenhum deles avaliou a influ\u00eancia na percep\u00e7\u00e3o do perfil socioecon\u00f4mico. Outro aspecto interessante da pesquisa \u00e9 a inclus\u00e3o do grupo de artistas visuais, profissionais que n\u00e3o disp\u00f5em da forma\u00e7\u00e3o t\u00e9cnica de ortodontistas e cirurgi\u00f5es, mas que tamb\u00e9m baseiam o julgamento em princ\u00edpios est\u00e9ticos.<\/p>\n<p>Gostou deste conte\u00fado? <a href=\"https:\/\/loja.dentalpress.com.br\/revistas\/revista-dental-press-journal-of-orthodontics-em-portugues.html\" target=\"_blank\" rel=\"noopener\"><strong>Clique aqui<\/strong><\/a> e saiba como assinar a DPJO, a revista oficial da Associa\u00e7\u00e3o Brasileira de Ortodontia e Ortopedia Facial (ABOR).<\/p>\n<p><a href=\"https:\/\/loja.dentalpress.com.br\/revistas\/revista-dental-press-journal-of-orthodontics-em-portugues.html\" target=\"_blank\" rel=\"noopener\"><img decoding=\"async\" class=\"alignnone size-full wp-image-18576\" src=\"https:\/\/dentalpress.com.br\/portal\/wp-content\/uploads\/2017\/06\/Rev-DPJO-V22N2-newsletter.png\" alt=\"\" width=\"774\" height=\"240\" srcset=\"\/wp-content\/uploads\/2017\/06\/Rev-DPJO-V22N2-newsletter.png 774w, \/wp-content\/uploads\/2017\/06\/Rev-DPJO-V22N2-newsletter-300x93.png 300w, \/wp-content\/uploads\/2017\/06\/Rev-DPJO-V22N2-newsletter-768x238.png 768w, \/wp-content\/uploads\/2017\/06\/Rev-DPJO-V22N2-newsletter-585x181.png 585w\" sizes=\"(max-width: 774px) 100vw, 774px\" \/><\/a><\/p>\n","protected":false},"excerpt":{"rendered":"<p>A posi\u00e7\u00e3o da mand\u00edbula \u2013 mais para frente ou mais para tr\u00e1s \u2013 influencia na atratividade facial, na contrata\u00e7\u00e3o para um emprego e na percep\u00e7\u00e3o da condi\u00e7\u00e3o socioecon\u00f4mica dos indiv\u00edduos. Foi o que constatou um estudo realizado por um grupo de pesquisadores do Departamento de Odontologia da Universidade Federal do Rio Grande do Norte (UFRN),<\/p>\n","protected":false},"author":11,"featured_media":19845,"comment_status":"open","ping_status":"closed","sticky":false,"template":"","format":"standard","meta":{"footnotes":""},"categories":[],"tags":[],"class_list":["post-19844","post","type-post","status-publish","format-standard","has-post-thumbnail"],"aioseo_notices":[],"amp_enabled":true,"_links":{"self":[{"href":"https:\/\/dentalpress.com.br\/portal\/wp-json\/wp\/v2\/posts\/19844","targetHints":{"allow":["GET"]}}],"collection":[{"href":"https:\/\/dentalpress.com.br\/portal\/wp-json\/wp\/v2\/posts"}],"about":[{"href":"https:\/\/dentalpress.com.br\/portal\/wp-json\/wp\/v2\/types\/post"}],"author":[{"embeddable":true,"href":"https:\/\/dentalpress.com.br\/portal\/wp-json\/wp\/v2\/users\/11"}],"replies":[{"embeddable":true,"href":"https:\/\/dentalpress.com.br\/portal\/wp-json\/wp\/v2\/comments?post=19844"}],"version-history":[{"count":0,"href":"https:\/\/dentalpress.com.br\/portal\/wp-json\/wp\/v2\/posts\/19844\/revisions"}],"wp:featuredmedia":[{"embeddable":true,"href":"https:\/\/dentalpress.com.br\/portal\/wp-json\/wp\/v2\/media\/19845"}],"wp:attachment":[{"href":"https:\/\/dentalpress.com.br\/portal\/wp-json\/wp\/v2\/media?parent=19844"}],"wp:term":[{"taxonomy":"category","embeddable":true,"href":"https:\/\/dentalpress.com.br\/portal\/wp-json\/wp\/v2\/categories?post=19844"},{"taxonomy":"post_tag","embeddable":true,"href":"https:\/\/dentalpress.com.br\/portal\/wp-json\/wp\/v2\/tags?post=19844"}],"curies":[{"name":"wp","href":"https:\/\/api.w.org\/{rel}","templated":true}]}}