{"id":19830,"date":"2017-09-12T13:32:56","date_gmt":"2017-09-12T16:32:56","guid":{"rendered":"https:\/\/www.dentalpress.com.br\/portal\/?p=19830"},"modified":"2017-09-12T13:41:19","modified_gmt":"2017-09-12T16:41:19","slug":"5-dicas-materiais-odontologicos-organizados","status":"publish","type":"post","link":"https:\/\/dentalpress.com.br\/portal\/5-dicas-materiais-odontologicos-organizados\/","title":{"rendered":"5 dicas para manter os materiais odontol\u00f3gicos organizados"},"content":{"rendered":"<p dir=\"ltr\">Conseguir concentrar todos os materiais odontol\u00f3gicos em um s\u00f3 lugar n\u00e3o \u00e9 tarefa f\u00e1cil. Para os dentistas que fazem <a href=\"https:\/\/dentalpress.com.br\/portal\/especializacao-em-implantodontia-transforme-sua-carreira-com-precisao-e-seguranca\/\">cursos<\/a>, ou que atendem em diferentes endere\u00e7os, transport\u00e1-los adequadamente tamb\u00e9m torna-se um cen\u00e1rio desafiador. Por isso, \u00e9 fundamental ter muita aten\u00e7\u00e3o para evitar desorganiza\u00e7\u00e3o e perda.<\/p>\n<figure id=\"attachment_19833\" aria-describedby=\"caption-attachment-19833\" style=\"width: 960px\" class=\"wp-caption alignnone\"><a href=\"https:\/\/dentalpress.com.br\/portal\/wp-content\/uploads\/2017\/09\/d.pack_.jpg\"><img fetchpriority=\"high\" decoding=\"async\" class=\"wp-image-19833 size-full\" src=\"https:\/\/dentalpress.com.br\/portal\/wp-content\/uploads\/2017\/09\/d.pack_.jpg\" alt=\"dentpack\" width=\"960\" height=\"640\" srcset=\"\/wp-content\/uploads\/2017\/09\/d.pack_.jpg 960w, \/wp-content\/uploads\/2017\/09\/d.pack_-300x200.jpg 300w, \/wp-content\/uploads\/2017\/09\/d.pack_-768x512.jpg 768w, \/wp-content\/uploads\/2017\/09\/d.pack_-585x390.jpg 585w, \/wp-content\/uploads\/2017\/09\/d.pack_-263x175.jpg 263w\" sizes=\"(max-width: 960px) 100vw, 960px\" \/><\/a><figcaption id=\"caption-attachment-19833\" class=\"wp-caption-text\">Mochila criada por <a href=\"https:\/\/dentalpress.com.br\/portal\/reforma-tributaria-impacta-dentistas-e-pacientes-com-custos\/\">dentista<\/a> facilita transporte de materiais odontol\u00f3gicos (Foto: Divulga\u00e7\u00e3o)<\/figcaption><\/figure>\n<p dir=\"ltr\">Dentro desse contexto, a dentista Camila Gerszewski, mestre em Odontologia Cl\u00ednica e criadora da D.Pack &#8211; mochila especial para o transporte adequado dos instrumentais odontol\u00f3gicos -, mostra que manter os equipamentos organizados pode melhorar a rotina dos profissionais do setor. \u201cO dentista trabalha com v\u00e1rios objetos. Muitos fazem p\u00f3s-gradua\u00e7\u00e3o ou cursos de especializa\u00e7\u00e3o, al\u00e9m de realizarem atendimentos em diferentes cl\u00ednicas. Isso faz com que o profissional tenha de carreg\u00e1-los nesses diversos trajetos. Em vista disso, \u00e9 essencial preservar a arruma\u00e7\u00e3o, sem esquecer da higiene, manuten\u00e7\u00e3o e isolamento\u201d, ressalta Camila.<\/p>\n<p dir=\"ltr\">Para facilitar o dia-a-dia dos dentistas, Camila listou cinco dicas para conservar a organiza\u00e7\u00e3o. Confira:<\/p>\n<h4 dir=\"ltr\">1. Ter em mente todos os instrumentos profissionais<\/h4>\n<figure id=\"attachment_19834\" aria-describedby=\"caption-attachment-19834\" style=\"width: 600px\" class=\"wp-caption aligncenter\"><a href=\"https:\/\/dentalpress.com.br\/portal\/wp-content\/uploads\/2017\/09\/materiais.jpg\"><img decoding=\"async\" class=\"wp-image-19834\" src=\"https:\/\/dentalpress.com.br\/portal\/wp-content\/uploads\/2017\/09\/materiais.jpg\" alt=\"\" width=\"600\" height=\"389\" srcset=\"\/wp-content\/uploads\/2017\/09\/materiais.jpg 1000w, \/wp-content\/uploads\/2017\/09\/materiais-300x195.jpg 300w, \/wp-content\/uploads\/2017\/09\/materiais-768x498.jpg 768w, \/wp-content\/uploads\/2017\/09\/materiais-585x380.jpg 585w\" sizes=\"(max-width: 600px) 100vw, 600px\" \/><\/a><figcaption id=\"caption-attachment-19834\" class=\"wp-caption-text\">(Foto: Freepik)<\/figcaption><\/figure>\n<p>Tanto os estudantes de Odontologia, como os dentistas j\u00e1 formados, t\u00eam uma sobrecarga de material. Para garantir que todos fiquem organizados e sejam encontrados assim que necess\u00e1rio, \u00e9 primordial saber todos os itens que comp\u00f5em a rotina de trabalho. Pode parecer irrelevante, por\u00e9m \u00e9 essencial reservar um tempo para realizar um levantamento dos instrumentos profissionais.<\/p>\n<h4 dir=\"ltr\">2. Registro dos materiais<\/h4>\n<p dir=\"ltr\">Camila aconselha que o exerc\u00edcio do t\u00f3pico anterior seja registrado em planilhas, documentos de texto, softwares pr\u00f3prios ou, ainda, em aplicativos espec\u00edficos para esse tipo de registro. Essa documenta\u00e7\u00e3o ser\u00e1 uma esp\u00e9cie de \u201cguia\u201d, que dever\u00e1 ser atualizada a cada nova aquisi\u00e7\u00e3o, para assegurar quando algo novo deve ser comprado.<\/p>\n<h4 dir=\"ltr\">3. Identifica\u00e7\u00e3o<\/h4>\n<figure id=\"attachment_19835\" aria-describedby=\"caption-attachment-19835\" style=\"width: 600px\" class=\"wp-caption aligncenter\"><a href=\"https:\/\/dentalpress.com.br\/portal\/wp-content\/uploads\/2017\/09\/etiqueta.png\"><img decoding=\"async\" class=\"wp-image-19835\" src=\"https:\/\/dentalpress.com.br\/portal\/wp-content\/uploads\/2017\/09\/etiqueta.png\" alt=\"\" width=\"600\" height=\"365\" srcset=\"\/wp-content\/uploads\/2017\/09\/etiqueta.png 805w, \/wp-content\/uploads\/2017\/09\/etiqueta-300x183.png 300w, \/wp-content\/uploads\/2017\/09\/etiqueta-768x467.png 768w, \/wp-content\/uploads\/2017\/09\/etiqueta-585x356.png 585w\" sizes=\"(max-width: 600px) 100vw, 600px\" \/><\/a><figcaption id=\"caption-attachment-19835\" class=\"wp-caption-text\">(Foto: Reprodu\u00e7\u00e3o)<\/figcaption><\/figure>\n<p dir=\"ltr\">Diante da locomo\u00e7\u00e3o para atendimento em diferentes lugares e deslocamento de casa para o trabalho, para algum <a href=\"https:\/\/dentalpress.com.br\/portal\/como-inserir-lasers-de-baixa-e-alta-potencia-na-rotina-clinica\/\">curso<\/a> ou evento externo, \u00e9 constante o encontro com outros colegas de profiss\u00e3o. Por isso, a dentista salienta que identificar os instrumentais \u00e9 primordial, para evitar que eles sejam trocados ou confundidos com o dos outros especialistas, j\u00e1 que s\u00e3o pequenos e muito parecidos. Uma boa op\u00e7\u00e3o para este quesito seria gravar as iniciais do nome com etiquetas ou at\u00e9 mesmo identificadores pr\u00f3prios.<\/p>\n<h4 dir=\"ltr\">4. Isolamento das ferramentas<\/h4>\n<p dir=\"ltr\">Ter um espa\u00e7o destinado apenas para os equipamentos odontol\u00f3gicos \u00e9 fundamental. Se o profissional ainda n\u00e3o tem um consult\u00f3rio pessoal, ou n\u00e3o conta com um arm\u00e1rio na faculdade, provavelmente precisa deixar os itens em casa. Camila destaca que escolher apenas uma \u00e1rea para alocar as ferramentas possibilita que tudo se concentre apenas em um lugar, o que evita perdas e, assim, previne desorganiza\u00e7\u00e3o.<\/p>\n<h4 dir=\"ltr\">5. Usar meio apropriado para carregar os materiais<\/h4>\n<figure id=\"attachment_19837\" aria-describedby=\"caption-attachment-19837\" style=\"width: 500px\" class=\"wp-caption aligncenter\"><a href=\"https:\/\/dentalpress.com.br\/portal\/wp-content\/uploads\/2017\/09\/dpack1.png\"><img loading=\"lazy\" decoding=\"async\" class=\"wp-image-19837\" src=\"https:\/\/dentalpress.com.br\/portal\/wp-content\/uploads\/2017\/09\/dpack1.png\" alt=\"\" width=\"500\" height=\"385\" srcset=\"\/wp-content\/uploads\/2017\/09\/dpack1.png 687w, \/wp-content\/uploads\/2017\/09\/dpack1-300x231.png 300w, \/wp-content\/uploads\/2017\/09\/dpack1-585x450.png 585w\" sizes=\"(max-width: 500px) 100vw, 500px\" \/><\/a><figcaption id=\"caption-attachment-19837\" class=\"wp-caption-text\">D.Pack tem compartimentos espec\u00edficos para caixas de materiais (Foto: Divulga\u00e7\u00e3o)<\/figcaption><\/figure>\n<p>&nbsp;<\/p>\n<p dir=\"ltr\">Outra dica da Camila para preservar a ordena\u00e7\u00e3o \u00e9 carregar os equipamentos adequadamente. Levar os objetos em mochilas pr\u00f3prias \u00e9 um meio de proteger e impedir o desgaste, que desse modo ter\u00e3o mais vida \u00fatil. &#8220;Investir em mochilas desse tipo pode parecer, num primeiro momento, um gasto desnecess\u00e1rio, mas \u00e9 uma aplica\u00e7\u00e3o importante para a praticidade e mobilidade&#8221;, diz.<\/p>\n<h2 dir=\"ltr\">D.Pack<\/h2>\n<p dir=\"ltr\">A ideia de criar uma mochila especial para o transporte de equipamentos odontol\u00f3gicos surgiu da pr\u00f3pria necessidade, quando Camila cursava o mestrado e sentia dificuldade ao carregar seus materiais. Junto de seu marido, o\u00a0publicit\u00e1rio e especialista em gest\u00e3o de marcas Fabr\u00edcio Figueiredo, fundou em 2016 a empresa DentPack, que lan\u00e7ou no mercado a primeira mochila exclusiva para o transporte de materiais odontol\u00f3gicos.<\/p>\n<figure id=\"attachment_19838\" aria-describedby=\"caption-attachment-19838\" style=\"width: 600px\" class=\"wp-caption aligncenter\"><a href=\"https:\/\/dentalpress.com.br\/portal\/wp-content\/uploads\/2017\/09\/dentpack2.jpg\"><img loading=\"lazy\" decoding=\"async\" class=\"wp-image-19838\" src=\"https:\/\/dentalpress.com.br\/portal\/wp-content\/uploads\/2017\/09\/dentpack2.jpg\" alt=\"\" width=\"600\" height=\"451\" srcset=\"\/wp-content\/uploads\/2017\/09\/dentpack2.jpg 800w, \/wp-content\/uploads\/2017\/09\/dentpack2-300x225.jpg 300w, \/wp-content\/uploads\/2017\/09\/dentpack2-768x577.jpg 768w, \/wp-content\/uploads\/2017\/09\/dentpack2-585x439.jpg 585w\" sizes=\"(max-width: 600px) 100vw, 600px\" \/><\/a><figcaption id=\"caption-attachment-19838\" class=\"wp-caption-text\">Fabr\u00edcio Figueiredo e Camila Gerszewski, criadores da DentPack (Foto: Divulga\u00e7\u00e3o)<\/figcaption><\/figure>\n<p dir=\"ltr\">Fabricada em rip stop,\u00a0material utilizado em paraquedas e roupas militares, a mochila tem todo o apoio das costas acolchoado e antitranspirante. A vantagem desse tecido, feito com fios de nylon, \u00e9 a durabilidade, resist\u00eancia e biosseguran\u00e7a.<\/p>\n<p dir=\"ltr\">O casal de empreendedores, que mora em Curitiba (PR), mant\u00eam ainda um projeto social vinculado \u00e0 empresa. A cada dez mochilas vendidas, Camila oferece tratamento odontol\u00f3gico a uma crian\u00e7a carente.<\/p>\n","protected":false},"excerpt":{"rendered":"<p>Conseguir concentrar todos os materiais odontol\u00f3gicos em um s\u00f3 lugar n\u00e3o \u00e9 tarefa f\u00e1cil. Para os dentistas que fazem cursos, ou que atendem em diferentes endere\u00e7os, transport\u00e1-los adequadamente tamb\u00e9m torna-se um cen\u00e1rio desafiador. Por isso, \u00e9 fundamental ter muita aten\u00e7\u00e3o para evitar desorganiza\u00e7\u00e3o e perda. Dentro desse contexto, a dentista Camila Gerszewski, mestre em Odontologia<\/p>\n","protected":false},"author":11,"featured_media":19833,"comment_status":"open","ping_status":"closed","sticky":false,"template":"","format":"standard","meta":{"footnotes":""},"categories":[],"tags":[],"class_list":["post-19830","post","type-post","status-publish","format-standard","has-post-thumbnail"],"aioseo_notices":[],"amp_enabled":true,"_links":{"self":[{"href":"https:\/\/dentalpress.com.br\/portal\/wp-json\/wp\/v2\/posts\/19830","targetHints":{"allow":["GET"]}}],"collection":[{"href":"https:\/\/dentalpress.com.br\/portal\/wp-json\/wp\/v2\/posts"}],"about":[{"href":"https:\/\/dentalpress.com.br\/portal\/wp-json\/wp\/v2\/types\/post"}],"author":[{"embeddable":true,"href":"https:\/\/dentalpress.com.br\/portal\/wp-json\/wp\/v2\/users\/11"}],"replies":[{"embeddable":true,"href":"https:\/\/dentalpress.com.br\/portal\/wp-json\/wp\/v2\/comments?post=19830"}],"version-history":[{"count":0,"href":"https:\/\/dentalpress.com.br\/portal\/wp-json\/wp\/v2\/posts\/19830\/revisions"}],"wp:featuredmedia":[{"embeddable":true,"href":"https:\/\/dentalpress.com.br\/portal\/wp-json\/wp\/v2\/media\/19833"}],"wp:attachment":[{"href":"https:\/\/dentalpress.com.br\/portal\/wp-json\/wp\/v2\/media?parent=19830"}],"wp:term":[{"taxonomy":"category","embeddable":true,"href":"https:\/\/dentalpress.com.br\/portal\/wp-json\/wp\/v2\/categories?post=19830"},{"taxonomy":"post_tag","embeddable":true,"href":"https:\/\/dentalpress.com.br\/portal\/wp-json\/wp\/v2\/tags?post=19830"}],"curies":[{"name":"wp","href":"https:\/\/api.w.org\/{rel}","templated":true}]}}