{"id":19767,"date":"2017-09-08T13:38:11","date_gmt":"2017-09-08T16:38:11","guid":{"rendered":"https:\/\/www.dentalpress.com.br\/portal\/?p=19767"},"modified":"2017-09-08T13:38:11","modified_gmt":"2017-09-08T16:38:11","slug":"cor-da-pele-sensibilidade-calor-pressao","status":"publish","type":"post","link":"https:\/\/dentalpress.com.br\/portal\/cor-da-pele-sensibilidade-calor-pressao\/","title":{"rendered":"Cor da pele influencia na sensibilidade ao calor e press\u00e3o, diz pesquisa"},"content":{"rendered":"<p>Pesquisadores do Bluestone Center for Clinical Research da Faculdade de Odontologia da Universidade de Nova York (NYU Dentistry) identificaram um mecanismo molecular inovador que explica por que as pessoas de pele escura e de pele clara respondem de formas diferentes ao calor e \u00e0 estimula\u00e7\u00e3o mec\u00e2nica.<\/p>\n<p>Em um estudo publicado na Scientific Reports, os pesquisadores demonstram que a dopamina, uma mol\u00e9cula pequena produzida por melan\u00f3citos (c\u00e9lulas que determinam a cor da pele), contribui para diferen\u00e7as na capacidade de resposta da pele ao calor e aos est\u00edmulos mec\u00e2nicos. O estudo foi liderado por Brian L. Schmidt, DDS, MD, PhD, diretor do Bluestone Center e professor de <a href=\"https:\/\/dentalpress.com.br\/portal\/curso-de-aperfeicoamento-em-cirurgia-de-dentes-retidos\/\">Cirurgia<\/a> Oral e Maxilofacial na NYU Dentistry.<\/p>\n<figure id=\"attachment_19768\" aria-describedby=\"caption-attachment-19768\" style=\"width: 720px\" class=\"wp-caption alignnone\"><a href=\"https:\/\/dentalpress.com.br\/portal\/wp-content\/uploads\/2017\/09\/sensibilidade-ao-calor.jpeg\"><img fetchpriority=\"high\" decoding=\"async\" class=\"wp-image-19768 size-full\" src=\"https:\/\/dentalpress.com.br\/portal\/wp-content\/uploads\/2017\/09\/sensibilidade-ao-calor.jpeg\" alt=\"sensibilidade ao calor\" width=\"720\" height=\"450\" srcset=\"\/wp-content\/uploads\/2017\/09\/sensibilidade-ao-calor.jpeg 720w, \/wp-content\/uploads\/2017\/09\/sensibilidade-ao-calor-300x188.jpeg 300w, \/wp-content\/uploads\/2017\/09\/sensibilidade-ao-calor-585x366.jpeg 585w\" sizes=\"(max-width: 720px) 100vw, 720px\" \/><\/a><figcaption id=\"caption-attachment-19768\" class=\"wp-caption-text\">Pesquisadores dizem que sensibilidade diferencial mec\u00e2nica e t\u00e9rmica pode ter implica\u00e7\u00f5es para o tratamento cl\u00ednico da <a href=\"https:\/\/dentalpress.com.br\/portal\/curso-de-aperfeicoamento-em-dtm-dor-orofacial-e-apneia-do-sono\/\">dor<\/a> (Foto: Reprodu\u00e7\u00e3o)<\/figcaption><\/figure>\n<p>O Dr. Schmidt explicou como seu grupo fez a descoberta. &#8220;O Dr. Kentaro Ono, pesquisador visitante do meu laborat\u00f3rio e autor principal, usou dados publicamente dispon\u00edveis para comparar a sensibilidade \u00e0 dor mec\u00e2nica e calorosa em grupos de pessoas que diferiram em sua cor da pele. Buscamos dados adicionais dispon\u00edveis publicamente, no entanto, desta vez, olhamos para roedores pigmentados e n\u00e3o pigmentados com base na cor da pele. N\u00f3s fomos encorajados por nossas descobertas. Sab\u00edamos que dev\u00edamos continuar trabalhando no laborat\u00f3rio para procurar o mecanismo que explicaria por que a sensibilidade da pele dependeria da cor.\u201d<\/p>\n<p>A meta-an\u00e1lise do grupo em roedores e a compara\u00e7\u00e3o das diferen\u00e7as gen\u00f4micas entre cepas de ratos apontaram para um gene chamado Tyr, que controla a pigmenta\u00e7\u00e3o e s\u00edntese de dopamina na pele. Eles manipularam os n\u00edveis de dopamina na pele e descobriram que a subst\u00e2ncia causa maior express\u00e3o de TRPV1 e diminui\u00e7\u00e3o da express\u00e3o de Piezo2, duas prote\u00ednas que s\u00e3o respons\u00e1veis \u200b\u200bpelo calor e sensibilidade mec\u00e2nica, respectivamente.<\/p>\n<p>A co-autora do estudo, Yi Ye, PhD, diretora associada de opera\u00e7\u00f5es de pesquisa cl\u00ednica no Bluestone Center e professora assistente de Cirurgia Oral e Maxilofacial na NYU Dentistry, disse: &#8220;Nossa pele \u00e9 um \u00f3rg\u00e3o sensorial que nos fornece informa\u00e7\u00f5es sobre nosso ambiente, como temperatura e press\u00e3o. O excesso de calor ou press\u00e3o produz um sinal de dor que nos avisa sobre os poss\u00edveis perigos. Nossa condi\u00e7\u00e3o ambiental pode alterar a sensibilidade da nossa pele aos est\u00edmulos ambientais sob press\u00e3o seletiva.\u201d<\/p>\n<p>De acordo com a pesquisadora, o estudo mostra que pessoas de diferentes origens \u00e9tnicas sentem a temperatura e a press\u00e3o de formas diferentes. \u201cPor exemplo, a exposi\u00e7\u00e3o ao sol em pessoas que vivem perto do equador leva \u00e0 forma\u00e7\u00e3o de melanina, o que as protege contra danos UV, mas tamb\u00e9m faz a pele mais escura. A mesma c\u00e9lula de pele (melan\u00f3citos) que produz melanina libera dopamina, o que aumentar\u00e1 a sensibilidade da pele ao calor. Essa descoberta significa potencialmente que, para se adaptar a condi\u00e7\u00f5es clim\u00e1ticas extremas como aquelas no equador, essa c\u00e9lula de pele desenvolveu um mecanismo de prote\u00e7\u00e3o que avisa as pessoas da exposi\u00e7\u00e3o excessiva ao sol\u201d, exemplifica.<\/p>\n<p>O Dr. Schmidt especula que a sensibilidade diferencial mec\u00e2nica e t\u00e9rmica pode ter implica\u00e7\u00f5es para o tratamento cl\u00ednico da dor. &#8220;N\u00f3s sabemos que os indiv\u00edduos relatam diferentes n\u00edveis de dor seguindo o mesmo procedimento ou cirurgia dent\u00e1ria. Da mesma forma, existem diferen\u00e7as entre os grupos que relatam al\u00edvio da dor depois de terem tomado a mesma medica\u00e7\u00e3o analg\u00e9sica. Potencialmente, a pigmenta\u00e7\u00e3o da pele contribui para essas diferen\u00e7as e pode fornecer uma abordagem para tratamento de dor mais direcionado e personalizado.&#8221;<\/p>\n<p>A pesquisa foi financiada pelo Instituto Nacional de Pesquisa Odontol\u00f3gica e Craniofacial (R01 DE19796). Al\u00e9m dos Drs. Schmidt, Ono e Ye, co-autores da NYU incluem Chi Viet, Dongmin Dang e John Dolan, bem como Suzuro Hitomi e Takashi Toyono, ambos da Kyushu Dental University em Fukuoka, Jap\u00e3o.<\/p>\n<p><a href=\"https:\/\/www.nature.com\/articles\/s41598-017-09682-4\" target=\"_blank\" rel=\"noopener\">Leia o artigo na \u00edntegra, em ingl\u00eas, aqui.\u00a0<\/a><\/p>\n","protected":false},"excerpt":{"rendered":"<p>Pesquisadores do Bluestone Center for Clinical Research da Faculdade de Odontologia da Universidade de Nova York (NYU Dentistry) identificaram um mecanismo molecular inovador que explica por que as pessoas de pele escura e de pele clara respondem de formas diferentes ao calor e \u00e0 estimula\u00e7\u00e3o mec\u00e2nica. Em um estudo publicado na Scientific Reports, os pesquisadores<\/p>\n","protected":false},"author":11,"featured_media":19768,"comment_status":"open","ping_status":"closed","sticky":false,"template":"","format":"standard","meta":{"footnotes":""},"categories":[],"tags":[],"class_list":["post-19767","post","type-post","status-publish","format-standard","has-post-thumbnail"],"aioseo_notices":[],"amp_enabled":true,"_links":{"self":[{"href":"https:\/\/dentalpress.com.br\/portal\/wp-json\/wp\/v2\/posts\/19767","targetHints":{"allow":["GET"]}}],"collection":[{"href":"https:\/\/dentalpress.com.br\/portal\/wp-json\/wp\/v2\/posts"}],"about":[{"href":"https:\/\/dentalpress.com.br\/portal\/wp-json\/wp\/v2\/types\/post"}],"author":[{"embeddable":true,"href":"https:\/\/dentalpress.com.br\/portal\/wp-json\/wp\/v2\/users\/11"}],"replies":[{"embeddable":true,"href":"https:\/\/dentalpress.com.br\/portal\/wp-json\/wp\/v2\/comments?post=19767"}],"version-history":[{"count":0,"href":"https:\/\/dentalpress.com.br\/portal\/wp-json\/wp\/v2\/posts\/19767\/revisions"}],"wp:featuredmedia":[{"embeddable":true,"href":"https:\/\/dentalpress.com.br\/portal\/wp-json\/wp\/v2\/media\/19768"}],"wp:attachment":[{"href":"https:\/\/dentalpress.com.br\/portal\/wp-json\/wp\/v2\/media?parent=19767"}],"wp:term":[{"taxonomy":"category","embeddable":true,"href":"https:\/\/dentalpress.com.br\/portal\/wp-json\/wp\/v2\/categories?post=19767"},{"taxonomy":"post_tag","embeddable":true,"href":"https:\/\/dentalpress.com.br\/portal\/wp-json\/wp\/v2\/tags?post=19767"}],"curies":[{"name":"wp","href":"https:\/\/api.w.org\/{rel}","templated":true}]}}