{"id":19741,"date":"2017-09-04T13:36:04","date_gmt":"2017-09-04T16:36:04","guid":{"rendered":"https:\/\/www.dentalpress.com.br\/portal\/?p=19741"},"modified":"2017-09-04T13:43:39","modified_gmt":"2017-09-04T16:43:39","slug":"5-laminados-ceramicos-clinico","status":"publish","type":"post","link":"https:\/\/dentalpress.com.br\/portal\/5-laminados-ceramicos-clinico\/","title":{"rendered":"5\u00ba curso de Laminados Cer\u00e2micos Cl\u00ednico come\u00e7a na Dental Press"},"content":{"rendered":"<p>A busca de pacientes pelo sorriso perfeito vem exigindo que os <a href=\"https:\/\/dentalpress.com.br\/portal\/reforma-tributaria-impacta-dentistas-e-pacientes-com-custos\/\">dentistas<\/a> aprimorem suas t\u00e9cnicas de <a href=\"https:\/\/www.dentalpress.com.br\/portal\/reabilitacao-oral-adesiva-oswaldo-scopin\/\" target=\"_blank\" rel=\"noopener\">reabilita\u00e7\u00e3o oral<\/a>. N\u00e3o s\u00f3 os profissionais que j\u00e1 atuam na\u00a0\u00e1rea, mas tamb\u00e9m ortodontistas, implantodontistas e outros especialistas que vislumbram na Odontologia Est\u00e9tica uma maneira de agregar valor ao tratamento realizado, para poder\u00a0finalizar casos sem precisar encaminhar pacientes para outros consult\u00f3rios.<\/p>\n<p>Neste contexto, a Dental Press deu in\u00edcio nesta segunda-feira (04) ao 5\u00ba <a href=\"https:\/\/dentalpress.com.br\/portal\/como-inserir-lasers-de-baixa-e-alta-potencia-na-rotina-clinica\/\">Curso<\/a> de Laminados Cer\u00e2micos Cl\u00ednico. Ser\u00e3o seis\u00a0dias intensos, com conte\u00fado te\u00f3rico e pr\u00e1tica cl\u00ednica em pacientes, al\u00e9m de preparo, planejamento digital, fotografia, entre outros assuntos. O corpo docente \u00e9 formado pelos professores Dr. Fabiano Marson, Dra. Lisia Nishimori, Miguel Abr\u00e3o, Dr. Luiz Carlos de Oliveira e Dra. Rachel Furquim Marson, que tamb\u00e9m coordena o <a href=\"https:\/\/dentalpress.com.br\/portal\/imersao-em-apm\/\">curso<\/a>.<\/p>\n<h4><a href=\"https:\/\/www.dentalpress.com.br\/portal\/restabelecimento-estetico-laminados-ceramicos\/\" target=\"_blank\" rel=\"noopener\">&gt;&gt;&gt; Leia tamb\u00e9m: ARTIGO &#8211; Restabelecimento est\u00e9tico com laminados cer\u00e2micos<\/a><\/h4>\n<p>\u201c\u00c9 muita coisa em apenas uma semana, mas preparamos este intensivo\u00a0para atender a pedidos de alunos, que v\u00eam de longe e precisam deixar consult\u00f3rio e fam\u00edlia para estarem aqui\u201d, explica a coordenadora do curso, Dra. Rachel. A turma conta com alunos do Rio Grande do Sul, Santa Catarina, Paran\u00e1, S\u00e3o Paulo, Rio de Janeiro e Bol\u00edvia<\/p>\n<p>Veja as fotos:<\/p>\n<p>[flickr_set id=&#8221;72157686195249433&#8243;]<\/p>\n","protected":false},"excerpt":{"rendered":"<p>A busca de pacientes pelo sorriso perfeito vem exigindo que os dentistas aprimorem suas t\u00e9cnicas de reabilita\u00e7\u00e3o oral. N\u00e3o s\u00f3 os profissionais que j\u00e1 atuam na\u00a0\u00e1rea, mas tamb\u00e9m ortodontistas, implantodontistas e outros especialistas que vislumbram na Odontologia Est\u00e9tica uma maneira de agregar valor ao tratamento realizado, para poder\u00a0finalizar casos sem precisar encaminhar pacientes para outros<\/p>\n","protected":false},"author":11,"featured_media":19744,"comment_status":"open","ping_status":"closed","sticky":false,"template":"","format":"standard","meta":{"footnotes":""},"categories":[],"tags":[],"class_list":["post-19741","post","type-post","status-publish","format-standard","has-post-thumbnail"],"aioseo_notices":[],"amp_enabled":true,"_links":{"self":[{"href":"https:\/\/dentalpress.com.br\/portal\/wp-json\/wp\/v2\/posts\/19741","targetHints":{"allow":["GET"]}}],"collection":[{"href":"https:\/\/dentalpress.com.br\/portal\/wp-json\/wp\/v2\/posts"}],"about":[{"href":"https:\/\/dentalpress.com.br\/portal\/wp-json\/wp\/v2\/types\/post"}],"author":[{"embeddable":true,"href":"https:\/\/dentalpress.com.br\/portal\/wp-json\/wp\/v2\/users\/11"}],"replies":[{"embeddable":true,"href":"https:\/\/dentalpress.com.br\/portal\/wp-json\/wp\/v2\/comments?post=19741"}],"version-history":[{"count":0,"href":"https:\/\/dentalpress.com.br\/portal\/wp-json\/wp\/v2\/posts\/19741\/revisions"}],"wp:featuredmedia":[{"embeddable":true,"href":"https:\/\/dentalpress.com.br\/portal\/wp-json\/wp\/v2\/media\/19744"}],"wp:attachment":[{"href":"https:\/\/dentalpress.com.br\/portal\/wp-json\/wp\/v2\/media?parent=19741"}],"wp:term":[{"taxonomy":"category","embeddable":true,"href":"https:\/\/dentalpress.com.br\/portal\/wp-json\/wp\/v2\/categories?post=19741"},{"taxonomy":"post_tag","embeddable":true,"href":"https:\/\/dentalpress.com.br\/portal\/wp-json\/wp\/v2\/tags?post=19741"}],"curies":[{"name":"wp","href":"https:\/\/api.w.org\/{rel}","templated":true}]}}