{"id":19586,"date":"2017-08-16T12:52:16","date_gmt":"2017-08-16T15:52:16","guid":{"rendered":"https:\/\/www.dentalpress.com.br\/portal\/?p=19586"},"modified":"2017-08-16T12:54:00","modified_gmt":"2017-08-16T15:54:00","slug":"disfuncao-mastigatoria-funcao-cognitiva","status":"publish","type":"post","link":"https:\/\/dentalpress.com.br\/portal\/disfuncao-mastigatoria-funcao-cognitiva\/","title":{"rendered":"Disfun\u00e7\u00e3o mastigat\u00f3ria pode prejudicar fun\u00e7\u00e3o cognitiva, diz pesquisa"},"content":{"rendered":"<p>Pesquisadores japoneses descobriram que a mastiga\u00e7\u00e3o reduzida causa preju\u00edzos na mem\u00f3ria e na fun\u00e7\u00e3o de aprendizagem, devido \u00e0 mudan\u00e7a morfol\u00f3gica e \u00e0 diminui\u00e7\u00e3o de atividade no hipocampo &#8211; pequena regi\u00e3o do c\u00e9rebro associada primeiramente com a mem\u00f3ria e a navega\u00e7\u00e3o espacial.<\/p>\n<figure id=\"attachment_19588\" aria-describedby=\"caption-attachment-19588\" style=\"width: 1024px\" class=\"wp-caption alignnone\"><a href=\"https:\/\/dentalpress.com.br\/portal\/wp-content\/uploads\/2017\/08\/brain-stimulation-e1502898298763.jpg\"><img fetchpriority=\"high\" decoding=\"async\" class=\"wp-image-19588 size-large\" src=\"https:\/\/dentalpress.com.br\/portal\/wp-content\/uploads\/2017\/08\/brain-stimulation-1024x682.jpg\" alt=\"disfun\u00e7\u00e3o mastigat\u00f3ria\" width=\"1024\" height=\"682\" \/><\/a><figcaption id=\"caption-attachment-19588\" class=\"wp-caption-text\">Pesquisa valida uma liga\u00e7\u00e3o funcional entre mastiga\u00e7\u00e3o e fun\u00e7\u00e3o cognitiva no per\u00edodo de crescimento (Foto: Reprodu\u00e7\u00e3o)<\/figcaption><\/figure>\n<p>Na pesquisa, ratos com est\u00edmulos mastigat\u00f3rios reduzidos, sendo alimentados apenas com alimentos em p\u00f3, tiveram crescimento \u00f3sseo o muscular da face e maxila suprimidos. Al\u00e9m disso, experi\u00eancias comportamentais revelaram que a redu\u00e7\u00e3o da mastiga\u00e7\u00e3o prejudicou a mem\u00f3ria e as fun\u00e7\u00f5es de aprendizagem.<\/p>\n<p>A liga\u00e7\u00e3o funcional entre mastiga\u00e7\u00e3o e c\u00e9rebro foi validada pela diminui\u00e7\u00e3o nos neur\u00f4nios, neurog\u00eanese, atividade neuronal e express\u00e3o do fator neurotr\u00f3fico derivado do c\u00e9rebro no hipocampo. Essas descobertas juntas fornecem evid\u00eancias <em>in vivo<\/em> para uma liga\u00e7\u00e3o funcional entre mastiga\u00e7\u00e3o e fun\u00e7\u00e3o cognitiva no per\u00edodo de crescimento, sugerindo a necessidade de novas estrat\u00e9gias terap\u00eauticas na disfun\u00e7\u00e3o cognitiva relacionada \u00e0 fun\u00e7\u00e3o mastigat\u00f3ria.<\/p>\n<h4><a href=\"https:\/\/www.dentalpress.com.br\/portal\/bruxismo-afeta-atividade-eletrica-musculos-mastigacao\/\" target=\"_blank\" rel=\"noopener\">&gt;&gt;&gt; Leia tamb\u00e9m:\u00a0Bruxismo afeta atividade el\u00e9trica dos m\u00fasculos da mastiga\u00e7\u00e3o<\/a><\/h4>\n<p>A mastiga\u00e7\u00e3o \u00e9 uma fun\u00e7\u00e3o oral indispens\u00e1vel relacionada \u00e0 sa\u00fade f\u00edsica, mental e social ao longo da vida. Os idosos tendem a ter uma disfun\u00e7\u00e3o mastigat\u00f3ria reduzida, devido \u00e0 perda dent\u00e1ria e \u00e0 fragilidade nos m\u00fasculos com o envelhecimento, o que pode resultar em preju\u00edzos na fun\u00e7\u00e3o cognitiva.<\/p>\n<p>A estimula\u00e7\u00e3o mastigat\u00f3ria tem influ\u00eancia no desenvolvimento do sistema nervoso central, bem como no crescimento do tecido maxilofacial em crian\u00e7as. Embora a rela\u00e7\u00e3o entre mastiga\u00e7\u00e3o e fun\u00e7\u00e3o cognitiva seja potencialmente importante no per\u00edodo de crescimento, os mecanismos celulares e moleculares ainda n\u00e3o foram suficientemente elucidados.<\/p>\n<p>A pesquisa, intitulada\u00a0&#8220;Reduced Mastication Impairs Memory Function&#8221;, foi publicada no\u00a0<em>Journal of Dental Research.<\/em> <a href=\"https:\/\/www.ncbi.nlm.nih.gov\/pubmed\/28621563\" target=\"_blank\" rel=\"noopener\">Veja o original aqui<\/a>.<\/p>\n<p><a href=\"https:\/\/dentalpress.com.br\/portal\/wp-content\/uploads\/2017\/06\/Rev-DPJO-V22N2-newsletter-1.png\"><img decoding=\"async\" class=\"alignnone wp-image-18825 size-full\" src=\"https:\/\/dentalpress.com.br\/portal\/wp-content\/uploads\/2017\/06\/Rev-DPJO-V22N2-newsletter-1.png\" alt=\"\" width=\"774\" height=\"240\" srcset=\"\/wp-content\/uploads\/2017\/06\/Rev-DPJO-V22N2-newsletter-1.png 774w, \/wp-content\/uploads\/2017\/06\/Rev-DPJO-V22N2-newsletter-1-300x93.png 300w, \/wp-content\/uploads\/2017\/06\/Rev-DPJO-V22N2-newsletter-1-768x238.png 768w, \/wp-content\/uploads\/2017\/06\/Rev-DPJO-V22N2-newsletter-1-585x181.png 585w\" sizes=\"(max-width: 774px) 100vw, 774px\" \/><\/a><\/p>\n","protected":false},"excerpt":{"rendered":"<p>Pesquisadores japoneses descobriram que a mastiga\u00e7\u00e3o reduzida causa preju\u00edzos na mem\u00f3ria e na fun\u00e7\u00e3o de aprendizagem, devido \u00e0 mudan\u00e7a morfol\u00f3gica e \u00e0 diminui\u00e7\u00e3o de atividade no hipocampo &#8211; pequena regi\u00e3o do c\u00e9rebro associada primeiramente com a mem\u00f3ria e a navega\u00e7\u00e3o espacial. Na pesquisa, ratos com est\u00edmulos mastigat\u00f3rios reduzidos, sendo alimentados apenas com alimentos em p\u00f3,<\/p>\n","protected":false},"author":11,"featured_media":19588,"comment_status":"open","ping_status":"closed","sticky":false,"template":"","format":"standard","meta":{"footnotes":""},"categories":[],"tags":[],"class_list":["post-19586","post","type-post","status-publish","format-standard","has-post-thumbnail"],"aioseo_notices":[],"amp_enabled":true,"_links":{"self":[{"href":"https:\/\/dentalpress.com.br\/portal\/wp-json\/wp\/v2\/posts\/19586","targetHints":{"allow":["GET"]}}],"collection":[{"href":"https:\/\/dentalpress.com.br\/portal\/wp-json\/wp\/v2\/posts"}],"about":[{"href":"https:\/\/dentalpress.com.br\/portal\/wp-json\/wp\/v2\/types\/post"}],"author":[{"embeddable":true,"href":"https:\/\/dentalpress.com.br\/portal\/wp-json\/wp\/v2\/users\/11"}],"replies":[{"embeddable":true,"href":"https:\/\/dentalpress.com.br\/portal\/wp-json\/wp\/v2\/comments?post=19586"}],"version-history":[{"count":0,"href":"https:\/\/dentalpress.com.br\/portal\/wp-json\/wp\/v2\/posts\/19586\/revisions"}],"wp:featuredmedia":[{"embeddable":true,"href":"https:\/\/dentalpress.com.br\/portal\/wp-json\/wp\/v2\/media\/19588"}],"wp:attachment":[{"href":"https:\/\/dentalpress.com.br\/portal\/wp-json\/wp\/v2\/media?parent=19586"}],"wp:term":[{"taxonomy":"category","embeddable":true,"href":"https:\/\/dentalpress.com.br\/portal\/wp-json\/wp\/v2\/categories?post=19586"},{"taxonomy":"post_tag","embeddable":true,"href":"https:\/\/dentalpress.com.br\/portal\/wp-json\/wp\/v2\/tags?post=19586"}],"curies":[{"name":"wp","href":"https:\/\/api.w.org\/{rel}","templated":true}]}}