{"id":19564,"date":"2017-08-16T13:52:31","date_gmt":"2017-08-16T16:52:31","guid":{"rendered":"https:\/\/www.dentalpress.com.br\/portal\/?p=19564"},"modified":"2017-08-16T17:25:30","modified_gmt":"2017-08-16T20:25:30","slug":"daniela-garib-ortodontia-pratica","status":"publish","type":"post","link":"https:\/\/dentalpress.com.br\/portal\/daniela-garib-ortodontia-pratica\/","title":{"rendered":"Livro de Daniela Garib celebra conceitos b\u00e1sicos de Ortodontia"},"content":{"rendered":"<p><a href=\"https:\/\/dentalpress.com.br\/portal\/wp-content\/uploads\/2017\/08\/ortodontia-pra\u0301tica_daniela-garib.jpg\"><img fetchpriority=\"high\" decoding=\"async\" class=\"alignnone wp-image-19577 size-full\" src=\"https:\/\/dentalpress.com.br\/portal\/wp-content\/uploads\/2017\/08\/ortodontia-pra\u0301tica_daniela-garib.jpg\" alt=\"ortodontia pra\u0301tica_daniela-garib\" width=\"900\" height=\"780\" srcset=\"\/wp-content\/uploads\/2017\/08\/ortodontia-pra\u0301tica_daniela-garib.jpg 900w, \/wp-content\/uploads\/2017\/08\/ortodontia-pra\u0301tica_daniela-garib-300x260.jpg 300w, \/wp-content\/uploads\/2017\/08\/ortodontia-pra\u0301tica_daniela-garib-768x666.jpg 768w, \/wp-content\/uploads\/2017\/08\/ortodontia-pra\u0301tica_daniela-garib-585x507.jpg 585w\" sizes=\"(max-width: 900px) 100vw, 900px\" \/><\/a><\/p>\n<p>&#8220;Ensinar o ba\u0301sico pressupo\u0303e conhecimento suficiente para admitir sua importa\u0302ncia&#8221;. \u00c9 com essas palavras que o professor Dr. Leopoldino Capelozza abre o <em>Ortodontia Pr\u00e1tica<\/em> (Dental Press, 280 p., 2018), livro da renomada professora Dra. Daniela Garib, p\u00f3s-doutora pela Harvard School of Dental Medicine, nos Estados Unidos, e professora associada de Ortodontia da Faculdade de Odontologia de Bauru (FOB-USP) e do Hospital de Reabilita\u00e7\u00e3o de Anomalias Craniofaciais da Universidade de S\u00e3o Paulo programa de p\u00f3s-gradua\u00e7\u00e3o em Ci\u00eancias da Reabilita\u00e7\u00e3o no Centrinho, em Bauru (SP).<\/p>\n<p>Com coautoria dos professores Dr. Tulio Silva Lara, Dr. Arthur C\u00e9sar de Medeiros Alves e Dr. Omar Gabriel da Silva Filho, o livro apresenta t\u00e9cnicas e conceitos b\u00e1sicos &#8211; os pilares que sustentam a pr\u00e1tica da &#8220;boa Ortodontia&#8221;, de acordo com Capelozza.<\/p>\n<p><a href=\"https:\/\/dentalpress.com.br\/portal\/wp-content\/uploads\/2017\/08\/Daniela-Garib8.jpg\"><img decoding=\"async\" class=\"alignnone wp-image-19574 size-large\" src=\"https:\/\/dentalpress.com.br\/portal\/wp-content\/uploads\/2017\/08\/Daniela-Garib8-1024x682.jpg\" alt=\"Daniela Garib\" width=\"1024\" height=\"682\" srcset=\"\/wp-content\/uploads\/2017\/08\/Daniela-Garib8-1024x682.jpg 1024w, \/wp-content\/uploads\/2017\/08\/Daniela-Garib8-300x200.jpg 300w, \/wp-content\/uploads\/2017\/08\/Daniela-Garib8-768x512.jpg 768w, \/wp-content\/uploads\/2017\/08\/Daniela-Garib8-1170x779.jpg 1170w, \/wp-content\/uploads\/2017\/08\/Daniela-Garib8-585x390.jpg 585w, \/wp-content\/uploads\/2017\/08\/Daniela-Garib8-263x175.jpg 263w\" sizes=\"(max-width: 1024px) 100vw, 1024px\" \/><\/a>&#8220;Desde o instrumental, adapta\u00e7\u00e3o de bandas, a transfer\u00eancia das bandas para os moldes para constru\u00e7\u00e3o de aparelhos em laborat\u00f3rio. Preceitos b\u00e1sicos para a compreens\u00e3o do que se pretende e como obter. Para mandar fazer e\u0301 preciso saber como fazer. Adapta\u00e7\u00e3o de aparelhos cl\u00e1ssicos como o AEB e a PLA, de modo adequado para poder dar conforto e poder exigir colabora\u00e7\u00e3o&#8221;, enumera o professor. A obra traz tamb\u00e9m colagem direta, dobras, conceitos e diagramas &#8211; ou seja, os primeiros passos, guiados por preceitos que podem torna\u0301-los seguros e compreensi\u0301veis.<\/p>\n<p>Para Daniela Garib, a publica\u00e7\u00e3o deste livro \u00e9 a realiza\u00e7\u00e3o de um sonho. O Portal Dental Press entrevistou a autora com exclusividade. Confira:<\/p>\n<p><strong>Portal Dental Press: O professor Dr. Capelozza diz que ensinar o ba\u0301sico pressupo\u0303e conhecimento suficiente para admitir sua importa\u0302ncia. Por que voc\u00eas decidiram dedicar uma obra inteira ao &#8220;b\u00e1sico&#8221;?<\/strong><\/p>\n<p><strong>Daniela Garib:<\/strong> N\u00f3s achamos que o b\u00e1sico \u00e9 o fundamento de tudo. A gente percebe que, \u00e0s vezes, um profissional tem dificuldades na Ortodontia porque teve uma educa\u00e7\u00e3o que n\u00e3o primou pelos conceitos b\u00e1sicos, tanto na teoria como na pr\u00e1tica. Se voc\u00ea tem uma boa base conceitual, voc\u00ea &#8211; com bom senso &#8211; tem bastante seguran\u00e7a para exercer a profiss\u00e3o. Mas se os conceitos b\u00e1sicos estiverem deficientes, ou ainda se estiverem deturpados, o profissional vai enfrentar dificuldades. \u00c0s vezes, vamos dar aulas para profissionais j\u00e1 especialistas, e estamos preocupados no aprofundamento dos temas, quando as quest\u00f5es que v\u00eam \u00e0 tona s\u00e3o muito b\u00e1sicas. \u00c9 exatamente isso que a gente quis abra\u00e7ar. Quisemos contribuir com a fundamenta\u00e7\u00e3o do ensino de Ortodontia.<\/p>\n<p><strong>PDP: E por celebrar o b\u00e1sico, livro \u00e9 destinado apenas a estudantes?<\/strong><\/p>\n<p><strong>DG:<\/strong>\u00a0Sem d\u00favida, o alvo principal s\u00e3o os alunos dos <a href=\"https:\/\/dentalpress.com.br\/portal\/especializacao-em-implantodontia-transforme-sua-carreira-com-precisao-e-seguranca\/\">cursos<\/a> de p\u00f3s-gradua\u00e7\u00e3o em Ortodontia. Mas ele tamb\u00e9m \u00e9 destinado ao ortodontista j\u00e1 formado, porque \u00e0s vezes ficam alguns conceitos pra tr\u00e1s, ou existe alguma d\u00favida, ou n\u00e3o aprendeu na escola algum dos aparatos, porque a Ortodontia \u00e9 t\u00e3o ampla que eu acho que esse livro, secundariamente, pode tamb\u00e9m ajudar o cl\u00ednico. Ainda hoje, depois de anos na Ortodontia, a gente continua aprendendo &#8211; o aprendizado \u00e9 constante. De repente voc\u00ea v\u00ea uma dica, uma maneira diferente de segurar um fio que torna tudo mais pr\u00e1tico. Ent\u00e3o, a gente n\u00e3o tira a miss\u00e3o do livro, tamb\u00e9m, de ajudar o Ortodontista cl\u00ednico a tirar algumas d\u00favidas e aprender alguns pequenos procedimentos, que ficaram para tr\u00e1s, ou que ele tinha medo de fazer.<\/p>\n<p><strong>PDP: Em suas publica\u00e7\u00f5es nas redes sociais, a senhora tem tratado o lan\u00e7amento do livro como a realiza\u00e7\u00e3o de um sonho. Escrever este livro sempre foi um desejo?<\/strong><\/p>\n<p><strong>DG:<\/strong> Fazer esse livro foi realmente um sonho, porque foi planejado h\u00e1 cerca de seis anos. N\u00f3s t\u00ednhamos o plano de publicar a parte te\u00f3rica, do <a href=\"https:\/\/dentalpress.com.br\/portal\/como-inserir-lasers-de-baixa-e-alta-potencia-na-rotina-clinica\/\">curso<\/a> de Ortodontia Interpectora da PROFIS &#8211; que hoje leva o nome do professor Omar [Dr. Omar Gabriel]. Junto com ele, T\u00falio e eu est\u00e1vamos muito empolgados em fazer esse livro te\u00f3rico, mas n\u00f3s tamb\u00e9m t\u00ednhamos um material pr\u00e1tico (na \u00e9poca fizemos uma apostila com as aulas pr\u00e1ticas do curso). Ent\u00e3o, desde aquela \u00e9poca n\u00f3s j\u00e1 vislumbr\u00e1vamos a possibilidade de usar parte desse material para um futuro livro.<\/p>\n<p>Depois, passados alguns anos com aquele material guardado, esperando o momento certo de ser utilizado, veio a ideia de demonstrar a parte pr\u00e1tica em v\u00eddeos. Quando a gente vai demonstrar alguma coisa para os alunos, eles logo v\u00eam com o celular para gravar v\u00eddeos. E pensamos: &#8220;Por que n\u00e3o lan\u00e7ar um livro com v\u00eddeos, mostrando o passo a passo, de modo did\u00e1tico, do que est\u00e1 sendo ensinado? E ent\u00e3o a Dental Press nos ajudou a agregar essa tecnologia a um livro cl\u00e1ssico, por meio do QR Code. Ver esse sonho materializado, quando recebi o livro da impress\u00e3o, foi uma emo\u00e7\u00e3o sem igual.<\/p>\n<p>&#8212;<\/p>\n<p>O lan\u00e7amento oficial do livro <em>Ortodontia Pr\u00e1tica<\/em> ser\u00e1 em Bauru (SP), no dia 25 de agosto, na cerim\u00f4nia de abertura do 12\u00ba Encontro Internacional de Ortodontia. A pr\u00e9-venda est\u00e1 dispon\u00edvel na Dental Press Store. <strong><a href=\"https:\/\/loja.dentalpress.com.br\/ortodontia-pratica.html\" target=\"_blank\" rel=\"noopener\">Clique aqui para adquirir.<\/a>\u00a0<\/strong><\/p>\n<p><a href=\"https:\/\/loja.dentalpress.com.br\/ortodontia-pratica.html\"><img decoding=\"async\" class=\"alignnone size-full wp-image-19592\" src=\"https:\/\/dentalpress.com.br\/portal\/wp-content\/uploads\/2017\/08\/Orto-pr\u00e1tica-728x90.png\" alt=\"\" width=\"728\" height=\"90\" srcset=\"\/wp-content\/uploads\/2017\/08\/Orto-pr\u00e1tica-728x90.png 728w, \/wp-content\/uploads\/2017\/08\/Orto-pr\u00e1tica-728x90-300x37.png 300w, \/wp-content\/uploads\/2017\/08\/Orto-pr\u00e1tica-728x90-585x72.png 585w\" sizes=\"(max-width: 728px) 100vw, 728px\" \/><\/a><\/p>\n","protected":false},"excerpt":{"rendered":"<p>&#8220;Ensinar o ba\u0301sico pressupo\u0303e conhecimento suficiente para admitir sua importa\u0302ncia&#8221;. \u00c9 com essas palavras que o professor Dr. Leopoldino Capelozza abre o Ortodontia Pr\u00e1tica (Dental Press, 280 p., 2018), livro da renomada professora Dra. Daniela Garib, p\u00f3s-doutora pela Harvard School of Dental Medicine, nos Estados Unidos, e professora associada de Ortodontia da Faculdade de Odontologia<\/p>\n","protected":false},"author":11,"featured_media":19574,"comment_status":"open","ping_status":"closed","sticky":false,"template":"","format":"standard","meta":{"footnotes":""},"categories":[],"tags":[],"class_list":["post-19564","post","type-post","status-publish","format-standard","has-post-thumbnail"],"aioseo_notices":[],"amp_enabled":true,"_links":{"self":[{"href":"https:\/\/dentalpress.com.br\/portal\/wp-json\/wp\/v2\/posts\/19564","targetHints":{"allow":["GET"]}}],"collection":[{"href":"https:\/\/dentalpress.com.br\/portal\/wp-json\/wp\/v2\/posts"}],"about":[{"href":"https:\/\/dentalpress.com.br\/portal\/wp-json\/wp\/v2\/types\/post"}],"author":[{"embeddable":true,"href":"https:\/\/dentalpress.com.br\/portal\/wp-json\/wp\/v2\/users\/11"}],"replies":[{"embeddable":true,"href":"https:\/\/dentalpress.com.br\/portal\/wp-json\/wp\/v2\/comments?post=19564"}],"version-history":[{"count":0,"href":"https:\/\/dentalpress.com.br\/portal\/wp-json\/wp\/v2\/posts\/19564\/revisions"}],"wp:featuredmedia":[{"embeddable":true,"href":"https:\/\/dentalpress.com.br\/portal\/wp-json\/wp\/v2\/media\/19574"}],"wp:attachment":[{"href":"https:\/\/dentalpress.com.br\/portal\/wp-json\/wp\/v2\/media?parent=19564"}],"wp:term":[{"taxonomy":"category","embeddable":true,"href":"https:\/\/dentalpress.com.br\/portal\/wp-json\/wp\/v2\/categories?post=19564"},{"taxonomy":"post_tag","embeddable":true,"href":"https:\/\/dentalpress.com.br\/portal\/wp-json\/wp\/v2\/tags?post=19564"}],"curies":[{"name":"wp","href":"https:\/\/api.w.org\/{rel}","templated":true}]}}