{"id":19550,"date":"2017-08-10T13:33:39","date_gmt":"2017-08-10T16:33:39","guid":{"rendered":"https:\/\/www.dentalpress.com.br\/portal\/?p=19550"},"modified":"2020-05-29T19:23:45","modified_gmt":"2020-05-29T22:23:45","slug":"fgm-promove-ciclo-de-palestras-gratuitas-em-quatro-cidades","status":"publish","type":"post","link":"https:\/\/dentalpress.com.br\/portal\/fgm-promove-ciclo-de-palestras-gratuitas-em-quatro-cidades\/","title":{"rendered":"FGM promove ciclo de palestras gratuitas em quatro cidades"},"content":{"rendered":"<p>A FGM realiza mais uma Rodada do Conhecimento, encontro que apresenta as mais recentes inova\u00e7\u00f5es odontol\u00f3gicas para cirurgi\u00f5es <a href=\"https:\/\/dentalpress.com.br\/portal\/reforma-tributaria-impacta-dentistas-e-pacientes-com-custos\/\">dentistas<\/a>, professores e estudantes. Em agosto, grandes nomes da dent\u00edstica e <a href=\"https:\/\/dentalpress.com.br\/portal\/excelencia-em-implantodontia-2\/\">implantodontia<\/a>, far\u00e3o um roadshow passando por Recife, Salvador, Belo Horizonte e Bras\u00edlia, nos dias 10, 11, 17 e 18, das 15h30 \u00e0s 17h e das 18h \u00e0s 22h, respectivamente.<\/p>\n<p>A abertura dos eventos ser\u00e1 feita pelo diretor da FGM, Friedrich\u00a0Mittelst\u00e4dt, que falar\u00e1 sobre a exclusiva tecnologia APS na palestra \u201cRepense seu conceito sobre Polimeriza\u00e7\u00e3o\u201d. \u201cA tecnologia APS confere o aumento do grau de convers\u00e3o, gerando pol\u00edmeros ainda mais resistentes e com aspecto incolor, n\u00e3o interferindo assim, na est\u00e9tica da restaura\u00e7\u00e3o\u201d, comenta Mittelst\u00e4dt.<\/p>\n<p>Na \u00e1rea de implantodontia, Friedrich apresentar\u00e1 as bases e conceitos fundamentais para o desenvolvimento do inovador Sistema de Implantes Arcsys. Entre outros diferenciais, o produto permite angula\u00e7\u00f5es personalizadas dos componentes prot\u00e9ticos dentro do consult\u00f3rio ou laborat\u00f3rio, oferecendo melhor resultado est\u00e9tico e funcional ao paciente. Na sequ\u00eancia, o Prof. Dr. Renato Savi abordar\u00e1 as solu\u00e7\u00f5es cl\u00ednicas de alta performance oferecidas pelo produto. Tamb\u00e9m estar\u00e3o presentes o Prof. Dr. Cesar Benfatti, coordenador do Centro de Ensino e Pesquisa em Implantes Dent\u00e1rios da UFSC, que dar\u00e1 uma vis\u00e3o cl\u00ednica sobre o uso do Cone Morse Friccional; e o Prof. Dr.\u00a0Ricardo Magini, professor titular do <a href=\"https:\/\/dentalpress.com.br\/portal\/como-inserir-lasers-de-baixa-e-alta-potencia-na-rotina-clinica\/\">curso<\/a> de p\u00f3s-gradua\u00e7\u00e3o em Odontologia da UFSC, que abordar\u00e1 as oportunidades proporcionadas pelas inova\u00e7\u00f5es na Implantodontia.<\/p>\n<p>A edi\u00e7\u00e3o do roadshow em Recife marcar\u00e1 o lan\u00e7amento de Grupos de Estudo da FGM no Facebook (mais detalhes abaixo).<\/p>\n<p>Os convidados ter\u00e3o espa\u00e7o para discuss\u00f5es e debates sobre os temas apresentados e ter\u00e3o grandes surpresas neste encontro.<\/p>\n<p>Os roadshows FGM s\u00e3o gratuitos, por\u00e9m, as vagas s\u00e3o limitadas.<\/p>\n<p><strong>Agenda Implantes<\/strong>:<\/p>\n<p><strong>Recife\/PE<\/strong><\/p>\n<p>Data: 10\/08 \u2013 quinta feira, 18h<br \/>\nLocal: Hotel Luzeiros \u2013 Rua Bar\u00e3o do Santo Angelo, 100 \u2013 Pina<br \/>\nInscri\u00e7\u00f5es: Jana\u00edna Silva \u2013 (47) 99658-7068;\u00a0<a href=\"http:\/\/click.presskit.com.br\/?usuid=4965185&amp;urlid=355107&amp;url=mailto%3Ajanaina.silva%40fgm.ind.br\" target=\"_blank\" rel=\"noopener noreferrer\" data-saferedirecturl=\"https:\/\/www.google.com\/url?hl=pt-BR&amp;q=http:\/\/click.presskit.com.br\/?usuid%3D4965185%26urlid%3D355107%26url%3Dmailto%253Ajanaina.silva%2540fgm.ind.br&amp;source=gmail&amp;ust=1502466946538000&amp;usg=AFQjCNHgAIEmvmrHYADr8psAi4_oBg9g5Q\">janaina.silva@fgm.<wbr><\/wbr>ind.br<\/a><\/p>\n<p><strong>Salvador\/BA<\/strong><\/p>\n<p>Data: 11\/08 \u2013 sexta feira, 18h<br \/>\nLocal: Fiesta Bahia Hotel \u2013 Av. ACM, 171 \u2013 Pituba<br \/>\nInscri\u00e7\u00f5es: Leonardo Ferreira Lima Botelho \u2013 (47) 99916-5273;\u00a0<a href=\"http:\/\/click.presskit.com.br\/?usuid=4965185&amp;urlid=355108&amp;url=mailto%3Aleonardo.botelho%40fgm.ind.br\" target=\"_blank\" rel=\"noopener noreferrer\" data-saferedirecturl=\"https:\/\/www.google.com\/url?hl=pt-BR&amp;q=http:\/\/click.presskit.com.br\/?usuid%3D4965185%26urlid%3D355108%26url%3Dmailto%253Aleonardo.botelho%2540fgm.ind.br&amp;source=gmail&amp;ust=1502466946538000&amp;usg=AFQjCNHHQXifxOJaC6XlSyJITWHzgeBe-A\">leonardo.botelho@<wbr><\/wbr>fgm.ind.br<\/a><\/p>\n<p><strong>Belo Horizonte\/BH<\/strong><\/p>\n<p>Data: 17\/08 \u2013 quinta feira, 18h<br \/>\nLocal: Hotel Mercure Lourdes \u2013 Sala\/Bloco Sirius \u2013 Av. Do Contorno, 7315, Lourdes<strong><br \/>\n<\/strong>Inscri\u00e7\u00f5es:\u00a0Lucio de Oliveira Costa \u2013 (47) 99967-6229;\u00a0<a href=\"http:\/\/click.presskit.com.br\/?usuid=4965185&amp;urlid=355109&amp;url=mailto%3Alucio.costa%40fgm.ind.br\" target=\"_blank\" rel=\"noopener noreferrer\" data-saferedirecturl=\"https:\/\/www.google.com\/url?hl=pt-BR&amp;q=http:\/\/click.presskit.com.br\/?usuid%3D4965185%26urlid%3D355109%26url%3Dmailto%253Alucio.costa%2540fgm.ind.br&amp;source=gmail&amp;ust=1502466946538000&amp;usg=AFQjCNFbVITmQVaR3jauQRgDiA-cOmdx5w\">lucio.costa@fgm.<wbr><\/wbr>ind.br<\/a>\u00a0| Douglas Sousa: (47) 9 9223-7061;\u00a0<a href=\"http:\/\/click.presskit.com.br\/?usuid=4965185&amp;urlid=355110&amp;url=mailto%3Adouglas.sousa%40fgm.ind.br\" target=\"_blank\" rel=\"noopener noreferrer\" data-saferedirecturl=\"https:\/\/www.google.com\/url?hl=pt-BR&amp;q=http:\/\/click.presskit.com.br\/?usuid%3D4965185%26urlid%3D355110%26url%3Dmailto%253Adouglas.sousa%2540fgm.ind.br&amp;source=gmail&amp;ust=1502466946538000&amp;usg=AFQjCNEKjr3v5TwbU48VTDeW-Rj2usJezg\">douglas.sousa@fgm.<wbr><\/wbr>ind.br<\/a>\u00a0| Clerio Xavier: (47) 9 9228-1367;\u00a0<a href=\"http:\/\/click.presskit.com.br\/?usuid=4965185&amp;urlid=355111&amp;url=mailto%3Aclerio.xavier%40fgm.ind.br\" target=\"_blank\" rel=\"noopener noreferrer\" data-saferedirecturl=\"https:\/\/www.google.com\/url?hl=pt-BR&amp;q=http:\/\/click.presskit.com.br\/?usuid%3D4965185%26urlid%3D355111%26url%3Dmailto%253Aclerio.xavier%2540fgm.ind.br&amp;source=gmail&amp;ust=1502466946538000&amp;usg=AFQjCNH4ScKm8dKEba3BylMbuP43CcUENg\">clerio.xavier@fgm.<wbr><\/wbr>ind.br<\/a>.<\/p>\n<p><strong>Bras\u00edlia\/DF<\/strong><\/p>\n<p>Data: 18\/08 \u2013 sexta feira, 18h<br \/>\nLocal: Bras\u00edlia Hotel Gran Mercury \u2013 SHN Quadra 5 Bloco G, Asa Norte<br \/>\nInscri\u00e7\u00f5es:\u00a0Maria de F\u00e1tima Jer\u00f4nimo de Queiroz &#8211; (47) 99231-7324;\u00a0<a href=\"http:\/\/click.presskit.com.br\/?usuid=4965185&amp;urlid=355112&amp;url=mailto%3Amaria.queiroz%40fgm.ind.br\" target=\"_blank\" rel=\"noopener noreferrer\" data-saferedirecturl=\"https:\/\/www.google.com\/url?hl=pt-BR&amp;q=http:\/\/click.presskit.com.br\/?usuid%3D4965185%26urlid%3D355112%26url%3Dmailto%253Amaria.queiroz%2540fgm.ind.br&amp;source=gmail&amp;ust=1502466946538000&amp;usg=AFQjCNGqwO2c-IE3OyNyH2kehKdfofQaPw\">maria.queiroz@fgm.<wbr><\/wbr>ind.br<\/a>\u00a0e Humberto Frederico Andr\u00e9; (47) 9 9166-7864;\u00a0<a href=\"http:\/\/click.presskit.com.br\/?usuid=4965185&amp;urlid=355113&amp;url=mailto%3Ahumberto.andr%25C3%25A9%40fgm.ind.br\" target=\"_blank\" rel=\"noopener noreferrer\" data-saferedirecturl=\"https:\/\/www.google.com\/url?hl=pt-BR&amp;q=http:\/\/click.presskit.com.br\/?usuid%3D4965185%26urlid%3D355113%26url%3Dmailto%253Ahumberto.andr%2525C3%2525A9%2540fgm.ind.br&amp;source=gmail&amp;ust=1502466946538000&amp;usg=AFQjCNGliSBRk0WdZFt4vGW1bgJmemqMwA\">humberto.andr\u00e9@fgm.<wbr><\/wbr>ind.br<\/a><\/p>\n<p><strong>Agenda Est\u00e9tica:<\/strong><\/p>\n<p><strong>Recife\/PE<\/strong><\/p>\n<p>Data: 10\/08 \u2013 quinta feira, 15h30<br \/>\nLocal: Hotel Luzeiros \u2013 Rua Bar\u00e3o do Santo Angelo, 100 \u2013 Pina<br \/>\nInscri\u00e7\u00f5es: Eduardo Barreto \u2013 (47) 99977-9407;\u00a0<a href=\"http:\/\/click.presskit.com.br\/?usuid=4965185&amp;urlid=355114&amp;url=mailto%3Aeduardo%40fgm.ind.br\" target=\"_blank\" rel=\"noopener noreferrer\" data-saferedirecturl=\"https:\/\/www.google.com\/url?hl=pt-BR&amp;q=http:\/\/click.presskit.com.br\/?usuid%3D4965185%26urlid%3D355114%26url%3Dmailto%253Aeduardo%2540fgm.ind.br&amp;source=gmail&amp;ust=1502466946538000&amp;usg=AFQjCNF1Yce_9uKE9tVtLAjLNh287j_5uA\">eduardo@fgm.ind.br<\/a><\/p>\n<p><strong>Salvador\/BA<\/strong><\/p>\n<p>Data: 11\/08 \u2013 sexta feira, 15h30<br \/>\nLocal: Fiesta Bahia Hotel \u2013 Av. ACM, 171 \u2013 Pituba<br \/>\nInscri\u00e7\u00f5es: Mara Lima Botelho \u2013 (47) 9 9155-2882;\u00a0<a href=\"http:\/\/click.presskit.com.br\/?usuid=4965185&amp;urlid=355115&amp;url=mailto%3Ajonmara.botelho%40fgm.ind.br\" target=\"_blank\" rel=\"noopener noreferrer\" data-saferedirecturl=\"https:\/\/www.google.com\/url?hl=pt-BR&amp;q=http:\/\/click.presskit.com.br\/?usuid%3D4965185%26urlid%3D355115%26url%3Dmailto%253Ajonmara.botelho%2540fgm.ind.br&amp;source=gmail&amp;ust=1502466946538000&amp;usg=AFQjCNEDyNawF1kdL_2TiBuzQ5lDGWGpiA\">jonmara.botelho@<wbr><\/wbr>fgm.ind.br<\/a><\/p>\n<p><strong>Belo Horizonte\/BH<\/strong><\/p>\n<p>Data: 17\/08 \u2013 quinta feira, 15h30<br \/>\nLocal: Hotel Mercure Lourdes \u2013 Sala\/Bloco Sirius \u2013 Av. Do Contorno, 7315, Lourdes<strong><br \/>\n<\/strong>Inscri\u00e7\u00f5es: Marcio Vieira \u2013\u00a0(47) 99658-7083;\u00a0<a href=\"http:\/\/click.presskit.com.br\/?usuid=4965185&amp;urlid=355116&amp;url=mailto%3Amarcio%40fgm.ind.br\" target=\"_blank\" rel=\"noopener noreferrer\" data-saferedirecturl=\"https:\/\/www.google.com\/url?hl=pt-BR&amp;q=http:\/\/click.presskit.com.br\/?usuid%3D4965185%26urlid%3D355116%26url%3Dmailto%253Amarcio%2540fgm.ind.br&amp;source=gmail&amp;ust=1502466946539000&amp;usg=AFQjCNHo30amcG5XO18GhEp_CneOq7ONkg\">marcio@fgm.ind.br<\/a>\u00a0<wbr><\/wbr>| Grazielle Campos (47) 9 9213 8760\u00a0<a href=\"http:\/\/click.presskit.com.br\/?usuid=4965185&amp;urlid=355117&amp;url=mailto%3Agrazielle.campos%40fgm.ind.br\" target=\"_blank\" rel=\"noopener noreferrer\" data-saferedirecturl=\"https:\/\/www.google.com\/url?hl=pt-BR&amp;q=http:\/\/click.presskit.com.br\/?usuid%3D4965185%26urlid%3D355117%26url%3Dmailto%253Agrazielle.campos%2540fgm.ind.br&amp;source=gmail&amp;ust=1502466946539000&amp;usg=AFQjCNE1PMCMvMY5-7MlDjFU7KbDulS5kA\">grazielle.campos@fgm.ind.<wbr><\/wbr>br<\/a><\/p>\n<p><strong>Bras\u00edlia\/DF<\/strong><\/p>\n<p>Data: 18\/08 \u2013 sexta feira, 15h30<br \/>\nLocal: Bras\u00edlia Hotel Gran Mercury \u2013 SHN Quadra 5 Bloco G, Asa Norte<br \/>\nInscri\u00e7\u00f5es: Maria Celi Revor\u00eado &#8211; (47) 99983-2427;\u00a0\u00a0<a href=\"http:\/\/click.presskit.com.br\/?usuid=4965185&amp;urlid=355118&amp;url=mailto%3Amaria.revoredo%40fgm.ind.br\" target=\"_blank\" rel=\"noopener noreferrer\" data-saferedirecturl=\"https:\/\/www.google.com\/url?hl=pt-BR&amp;q=http:\/\/click.presskit.com.br\/?usuid%3D4965185%26urlid%3D355118%26url%3Dmailto%253Amaria.revoredo%2540fgm.ind.br&amp;source=gmail&amp;ust=1502466946539000&amp;usg=AFQjCNE9Lnf3NLcFxS5jbwa0nasDb6Zx_w\">maria.revoredo@<wbr><\/wbr>fgm.ind.br<\/a>\u00a0\u00a0e Eliane Soares da Silva; (47) 9 9967-6250;\u00a0<a href=\"http:\/\/click.presskit.com.br\/?usuid=4965185&amp;urlid=355119&amp;url=mailto%3Aeliane.silva%40fgm.ind.br\" target=\"_blank\" rel=\"noopener noreferrer\" data-saferedirecturl=\"https:\/\/www.google.com\/url?hl=pt-BR&amp;q=http:\/\/click.presskit.com.br\/?usuid%3D4965185%26urlid%3D355119%26url%3Dmailto%253Aeliane.silva%2540fgm.ind.br&amp;source=gmail&amp;ust=1502466946539000&amp;usg=AFQjCNFLg9GSbsS9Dnp3w7rQOcfZHoEmjg\">eliane.silva@fgm.<wbr><\/wbr>ind.br<\/a><\/p>\n<p><strong>Grupos de Estudo no Facebook<\/strong><\/p>\n<p>A FGM lan\u00e7ar\u00e1, no dia 10 de agosto, dois grupos de discuss\u00e3o dentro do Facebook \u2013 o\u00a0<strong>Arcsys Study Group<\/strong>\u00a0e o\u00a0<strong>FGM Est\u00e9tica Study Group<\/strong>. As comunidades ser\u00e3o dedicadas ao debate, troca de experi\u00eancias e compartilhamento de conte\u00fados da implantodontia e est\u00e9tica, respectivamente.<\/p>\n<p>O in\u00edcio das atividades dos grupos ser\u00e1 marcado por duas lives. A primeira delas acontece no\u00a0<strong>Arcsys Study Group<\/strong>, direto da Rodada de Conhecimento em Recife, e ter\u00e1 como tema \u201cA implantodontia contempor\u00e2nea e suas perspectivas\u201d. Ser\u00e1 um bate papo conduzido pelo Prof. Dr. Ricardo Magini com os professores doutores Renato Savi e Cesar Benfatti, \u00e0s 16h.<\/p>\n<p>J\u00e1 a segunda transmiss\u00e3o ser\u00e1 sobre clareamento dental, no\u00a0<strong>FGM Est\u00e9tica Study Group<\/strong>, onde o Prof. Dr. Rodrigo Reis entrevistar\u00e1 o Prof. Dr. Fabiano Marson. O v\u00eddeo ser\u00e1 transmitido \u00e0s 18h.<\/p>\n<p>Os participantes dos grupos poder\u00e3o acompanhar pesquisas cient\u00edficas, publica\u00e7\u00f5es internacionais, novidades sobre tecnologias e pr\u00e1tica cl\u00ednica.<\/p>\n<p style=\"text-align: right;\">Fonte: Assessoria de imprensa<\/p>\n<p>&nbsp;<\/p>\n","protected":false},"excerpt":{"rendered":"<p>A FGM realiza mais uma Rodada do Conhecimento, encontro que apresenta as mais recentes inova\u00e7\u00f5es odontol\u00f3gicas para cirurgi\u00f5es dentistas, professores e estudantes. Em agosto, grandes nomes da dent\u00edstica e implantodontia, far\u00e3o um roadshow passando por Recife, Salvador, Belo Horizonte e Bras\u00edlia, nos dias 10, 11, 17 e 18, das 15h30 \u00e0s 17h e das 18h<\/p>\n","protected":false},"author":11,"featured_media":19551,"comment_status":"open","ping_status":"closed","sticky":false,"template":"","format":"standard","meta":{"footnotes":""},"categories":[],"tags":[],"class_list":["post-19550","post","type-post","status-publish","format-standard","has-post-thumbnail"],"aioseo_notices":[],"amp_enabled":true,"_links":{"self":[{"href":"https:\/\/dentalpress.com.br\/portal\/wp-json\/wp\/v2\/posts\/19550","targetHints":{"allow":["GET"]}}],"collection":[{"href":"https:\/\/dentalpress.com.br\/portal\/wp-json\/wp\/v2\/posts"}],"about":[{"href":"https:\/\/dentalpress.com.br\/portal\/wp-json\/wp\/v2\/types\/post"}],"author":[{"embeddable":true,"href":"https:\/\/dentalpress.com.br\/portal\/wp-json\/wp\/v2\/users\/11"}],"replies":[{"embeddable":true,"href":"https:\/\/dentalpress.com.br\/portal\/wp-json\/wp\/v2\/comments?post=19550"}],"version-history":[{"count":0,"href":"https:\/\/dentalpress.com.br\/portal\/wp-json\/wp\/v2\/posts\/19550\/revisions"}],"wp:featuredmedia":[{"embeddable":true,"href":"https:\/\/dentalpress.com.br\/portal\/wp-json\/wp\/v2\/media\/19551"}],"wp:attachment":[{"href":"https:\/\/dentalpress.com.br\/portal\/wp-json\/wp\/v2\/media?parent=19550"}],"wp:term":[{"taxonomy":"category","embeddable":true,"href":"https:\/\/dentalpress.com.br\/portal\/wp-json\/wp\/v2\/categories?post=19550"},{"taxonomy":"post_tag","embeddable":true,"href":"https:\/\/dentalpress.com.br\/portal\/wp-json\/wp\/v2\/tags?post=19550"}],"curies":[{"name":"wp","href":"https:\/\/api.w.org\/{rel}","templated":true}]}}