{"id":19508,"date":"2017-08-07T21:43:02","date_gmt":"2017-08-08T00:43:02","guid":{"rendered":"https:\/\/www.dentalpress.com.br\/portal\/?p=19508"},"modified":"2017-08-08T11:50:46","modified_gmt":"2017-08-08T14:50:46","slug":"mcspadden-obturador-aquecido-superam-ultrassom","status":"publish","type":"post","link":"https:\/\/dentalpress.com.br\/portal\/mcspadden-obturador-aquecido-superam-ultrassom\/","title":{"rendered":"McSpadden e obturador aquecido superam ultrassom nas reabsor\u00e7\u00f5es, diz pesquisa"},"content":{"rendered":"<p>Um estudo brasileiro analisou a efic\u00e1cia de tr\u00eas t\u00e9cnicas para obtura\u00e7\u00e3o de cavidades experimentais de reabsor\u00e7\u00e3o radicular interna \u2013 compactador de McSpadden, ultrassom e aplica\u00e7\u00e3o de dispositivo obturador aquecido (Termo Pack WL) \u2013 e constatou que o ultrassom n\u00e3o foi totalmente eficaz no preenchimento de cavidades de reabsor\u00e7\u00e3o radicular interna com material endod\u00f4ntico obturador. Os resultados foram publicados na Dental Press Endodontics, revista da Sociedade Brasileira de <a href=\"https:\/\/dentalpress.com.br\/portal\/curso-intensivo-de-endodontia-para-molares\/\">Endodontia<\/a> (SBEndo).<\/p>\n<p><a href=\"https:\/\/dentalpress.com.br\/portal\/wp-content\/uploads\/2017\/08\/Captura-de-Tela-2017-08-07-a\u0300s-21.41.33.png\"><img fetchpriority=\"high\" decoding=\"async\" class=\"alignnone wp-image-19515 size-full\" src=\"https:\/\/dentalpress.com.br\/portal\/wp-content\/uploads\/2017\/08\/Captura-de-Tela-2017-08-07-a\u0300s-21.41.33.png\" alt=\"\" width=\"732\" height=\"348\" srcset=\"\/wp-content\/uploads\/2017\/08\/Captura-de-Tela-2017-08-07-a\u0300s-21.41.33.png 732w, \/wp-content\/uploads\/2017\/08\/Captura-de-Tela-2017-08-07-a\u0300s-21.41.33-300x143.png 300w, \/wp-content\/uploads\/2017\/08\/Captura-de-Tela-2017-08-07-a\u0300s-21.41.33-585x278.png 585w\" sizes=\"(max-width: 732px) 100vw, 732px\" \/><\/a><\/p>\n<p>Foram utilizados trinta incisivos centrais superiores artificiais, com a presen\u00e7a de uma cavidade simulada padronizada de reabsor\u00e7\u00e3o interna no ter\u00e7o m\u00e9dio do canal radicular.<\/p>\n<p>Os <a href=\"https:\/\/dentalpress.com.br\/portal\/curso-de-aperfeicoamento-em-cirurgia-de-dentes-retidos\/\">dentes<\/a>, ap\u00f3s a realiza\u00e7\u00e3o do preparo, foram aleatoriamente divididos em tr\u00eas grupos experimentais, conforme a t\u00e9cnica de obtura\u00e7\u00e3oo empregada. A verifica\u00e7\u00e3o da obtura\u00e7\u00e3o endod\u00f4ntica, junto \u00e0 cavidade de reabsor\u00e7\u00e3o interna, foi feita por meio da tomara radiogr\u00e1fica com dois tipos de incid\u00eancias: mesiodistal e vestibulolingual. Para a an\u00e1lise da \u00e1rea de obtura\u00e7\u00e3o, foi empregado o programa Image Tool.<\/p>\n<p>Na an\u00e1lise, o uso do compactador McSpadden e do dispositivo Termo Pack WL mostrou uma melhor capacidade de obtura\u00e7\u00e3o da cavidade de reabsor\u00e7\u00e3o, em compara\u00e7\u00e3o ao uso do espa\u00e7ador acionado pelo ultrassom.<\/p>\n<p>A reabsor\u00e7\u00e3o radicular interna \u00e9 uma les\u00e3o patol\u00f3gica normalmente relacionada com um quadro histol\u00f3gico de inflama\u00e7\u00e3o pulpar. De acordo com os autores da pesquisa, a grande maioria dos casos \u00e9 diagnosticada por meio de exame radiogr\u00e1fico de rotina. O tratamento apresenta algumas dificuldades, como o acesso \u00e0 \u00e1rea absorvida, devido \u00e0 dificuldade no processo de limpeza, sanifica\u00e7\u00e3o e remo\u00e7\u00e3o do tecido de granula\u00e7\u00e3o, bem como no preenchimento dessa \u00e1rea com material endod\u00f4ntico.<\/p>\n<p>Para se obter um adequado preenchimento e selamento da \u00e1rea, o material obturador deve apresentar certa fluidez, a fim de propiciar sua penetra\u00e7\u00e3o e escoamento em toda a extens\u00e3o da cavidade. Estudos anteriores j\u00e1 haviam mostrado que h\u00e1 diferen\u00e7a entre os m\u00e9todos de obtura\u00e7\u00e3o quanto \u00e0 capacidade de preenchimento da cavidade de reabsor\u00e7\u00e3o.<\/p>\n<p><a href=\"https:\/\/loja.dentalpress.com.br\/revistas\/revista-endodontics.html\" target=\"_blank\" rel=\"noopener\"><img decoding=\"async\" class=\"alignnone wp-image-18121 size-full\" src=\"https:\/\/dentalpress.com.br\/portal\/wp-content\/uploads\/2017\/05\/Baner-para-loja-ENDO-V7N2.png\" alt=\"\" width=\"1171\" height=\"481\" srcset=\"\/wp-content\/uploads\/2017\/05\/Baner-para-loja-ENDO-V7N2.png 1171w, \/wp-content\/uploads\/2017\/05\/Baner-para-loja-ENDO-V7N2-300x123.png 300w, \/wp-content\/uploads\/2017\/05\/Baner-para-loja-ENDO-V7N2-768x315.png 768w, \/wp-content\/uploads\/2017\/05\/Baner-para-loja-ENDO-V7N2-1024x421.png 1024w, \/wp-content\/uploads\/2017\/05\/Baner-para-loja-ENDO-V7N2-1170x481.png 1170w, \/wp-content\/uploads\/2017\/05\/Baner-para-loja-ENDO-V7N2-585x240.png 585w\" sizes=\"(max-width: 1171px) 100vw, 1171px\" \/><\/a><\/p>\n","protected":false},"excerpt":{"rendered":"<p>Um estudo brasileiro analisou a efic\u00e1cia de tr\u00eas t\u00e9cnicas para obtura\u00e7\u00e3o de cavidades experimentais de reabsor\u00e7\u00e3o radicular interna \u2013 compactador de McSpadden, ultrassom e aplica\u00e7\u00e3o de dispositivo obturador aquecido (Termo Pack WL) \u2013 e constatou que o ultrassom n\u00e3o foi totalmente eficaz no preenchimento de cavidades de reabsor\u00e7\u00e3o radicular interna com material endod\u00f4ntico obturador. Os<\/p>\n","protected":false},"author":11,"featured_media":19515,"comment_status":"open","ping_status":"closed","sticky":false,"template":"","format":"standard","meta":{"footnotes":""},"categories":[],"tags":[],"class_list":["post-19508","post","type-post","status-publish","format-standard","has-post-thumbnail"],"aioseo_notices":[],"amp_enabled":true,"_links":{"self":[{"href":"https:\/\/dentalpress.com.br\/portal\/wp-json\/wp\/v2\/posts\/19508","targetHints":{"allow":["GET"]}}],"collection":[{"href":"https:\/\/dentalpress.com.br\/portal\/wp-json\/wp\/v2\/posts"}],"about":[{"href":"https:\/\/dentalpress.com.br\/portal\/wp-json\/wp\/v2\/types\/post"}],"author":[{"embeddable":true,"href":"https:\/\/dentalpress.com.br\/portal\/wp-json\/wp\/v2\/users\/11"}],"replies":[{"embeddable":true,"href":"https:\/\/dentalpress.com.br\/portal\/wp-json\/wp\/v2\/comments?post=19508"}],"version-history":[{"count":0,"href":"https:\/\/dentalpress.com.br\/portal\/wp-json\/wp\/v2\/posts\/19508\/revisions"}],"wp:featuredmedia":[{"embeddable":true,"href":"https:\/\/dentalpress.com.br\/portal\/wp-json\/wp\/v2\/media\/19515"}],"wp:attachment":[{"href":"https:\/\/dentalpress.com.br\/portal\/wp-json\/wp\/v2\/media?parent=19508"}],"wp:term":[{"taxonomy":"category","embeddable":true,"href":"https:\/\/dentalpress.com.br\/portal\/wp-json\/wp\/v2\/categories?post=19508"},{"taxonomy":"post_tag","embeddable":true,"href":"https:\/\/dentalpress.com.br\/portal\/wp-json\/wp\/v2\/tags?post=19508"}],"curies":[{"name":"wp","href":"https:\/\/api.w.org\/{rel}","templated":true}]}}