{"id":19487,"date":"2017-08-07T12:19:38","date_gmt":"2017-08-07T15:19:38","guid":{"rendered":"https:\/\/www.dentalpress.com.br\/portal\/?p=19487"},"modified":"2018-01-09T08:53:36","modified_gmt":"2018-01-09T10:53:36","slug":"amamentacao-prolongada-risco-caries","status":"publish","type":"post","link":"https:\/\/dentalpress.com.br\/portal\/amamentacao-prolongada-risco-caries\/","title":{"rendered":"Pesquisa associa amamenta\u00e7\u00e3o prolongada a risco de c\u00e1ries"},"content":{"rendered":"<p>Crian\u00e7as amamentadas por mais de dois anos s\u00e3o mais propensas a ter c\u00e1ries, de acordo com um novo estudo brasileiro publicado na revista Pediatrics <a href=\"http:\/\/pediatrics.aappublications.org\/content\/early\/2017\/06\/28\/peds.2016-2943\" target=\"_blank\" rel=\"noopener\"><strong>(leia o abstract aqui)<\/strong><\/a>. Dessa forma, a\u00e7\u00f5es preventivas devem ser estabelecidas o mais cedo poss\u00edvel, porque o aleitamento materno traz muitos benef\u00edcios para a sa\u00fade geral e oral das crian\u00e7as.<\/p>\n<figure id=\"attachment_19504\" aria-describedby=\"caption-attachment-19504\" style=\"width: 900px\" class=\"wp-caption aligncenter\"><a href=\"https:\/\/dentalpress.com.br\/portal\/wp-content\/uploads\/2017\/08\/amamentac\u0327a\u0303o-prolongada.jpg\"><img fetchpriority=\"high\" decoding=\"async\" class=\"size-full wp-image-19504\" src=\"https:\/\/dentalpress.com.br\/portal\/wp-content\/uploads\/2017\/08\/amamentac\u0327a\u0303o-prolongada.jpg\" alt=\"\" width=\"900\" height=\"600\" srcset=\"\/wp-content\/uploads\/2017\/08\/amamentac\u0327a\u0303o-prolongada.jpg 900w, \/wp-content\/uploads\/2017\/08\/amamentac\u0327a\u0303o-prolongada-300x200.jpg 300w, \/wp-content\/uploads\/2017\/08\/amamentac\u0327a\u0303o-prolongada-768x512.jpg 768w, \/wp-content\/uploads\/2017\/08\/amamentac\u0327a\u0303o-prolongada-585x390.jpg 585w, \/wp-content\/uploads\/2017\/08\/amamentac\u0327a\u0303o-prolongada-263x175.jpg 263w\" sizes=\"(max-width: 900px) 100vw, 900px\" \/><\/a><figcaption id=\"caption-attachment-19504\" class=\"wp-caption-text\">(Foto: Overseastrapeze.wordpress.com)<\/figcaption><\/figure>\n<p>Os pesquisadores analisaram comportamentos de amamenta\u00e7\u00e3o e consumo de a\u00e7\u00facar de 1.129 crian\u00e7as em Pelotas (RS). Aos cinco anos, as crian\u00e7as visitaram um <a href=\"https:\/\/dentalpress.com.br\/portal\/reforma-tributaria-impacta-dentistas-e-pacientes-com-custos\/\">dentista<\/a> e foram examinadas para detectar deteriora\u00e7\u00e3o em superf\u00edcies dent\u00e1rias e c\u00e1ries severas, restauradas ou n\u00e3o. As c\u00e1ries severas foram definidas como seis ou mais superf\u00edcies dent\u00e1rias prim\u00e1rias deterioradas, restauradas ou n\u00e3o.<\/p>\n<h4><a href=\"https:\/\/www.dentalpress.com.br\/portal\/estudo-australiano-demonstra-ma-oclusao-prevenida-amamentacao\/\" target=\"_blank\" rel=\"noopener\">&gt;&gt;&gt; Leia tamb\u00e9m:\u00a0M\u00e1 oclus\u00e3o pode ser prevenida na amamenta\u00e7\u00e3o<\/a><\/h4>\n<p>Entre as crian\u00e7as participantes do estudo, 23,9% apresentaram c\u00e1ries severas e 48% tinham pelo menos uma superf\u00edcie dent\u00e1ria afetada. As crian\u00e7as que foram amamentadas por dois anos ou mais (cerca de um quarto das participantes) tiveram um risco 2.4 vezes maior de ter c\u00e1ries severas, em compara\u00e7\u00e3o com crian\u00e7as que foram amamentadas por menos de um ano.<\/p>\n<p>De acordo com a autora principal da pesquisa, Dra. Karen Peres, professora associada na Universidade de Adelaide, na Austr\u00e1lia, existem alguns fatores que explicam a associa\u00e7\u00e3o. &#8220;Em primeiro lugar, as crian\u00e7as que s\u00e3o amamentadas por mais de 24 meses geralmente mamam sob livre demanda e durante a noite. Em segundo lugar, com a maior frequ\u00eancia de aleitamento materno e amamenta\u00e7\u00e3o noturna torna-se muito dif\u00edcil limpar <a href=\"https:\/\/dentalpress.com.br\/portal\/curso-de-aperfeicoamento-em-cirurgia-de-dentes-retidos\/\">dentes<\/a> neste per\u00edodo espec\u00edfico&#8221;, explica.<\/p>\n<p>No entanto, o estudo descobriu que a amamenta\u00e7\u00e3o entre 12 e 23 meses n\u00e3o apresentava um maior risco de c\u00e1ries.<\/p>\n<h2>Aleitamento materno e sa\u00fade bucal<\/h2>\n<p>M\u00e1rcia Vitolo, professora da Universidade Federal de Ci\u00eancias da Sa\u00fade de Porto Alegre, no Rio Grande do Sul, disse que tamb\u00e9m acredita que a amamenta\u00e7\u00e3o em alta frequ\u00eancia, bem como a quantidade de a\u00e7\u00facar consumida, podem explicar os resultados. Ela n\u00e3o esteve envolvida neste estudo, mas j\u00e1 trabalhou em pesquisas semelhantes.<\/p>\n<p>&#8220;Eu acredito que h\u00e1 associa\u00e7\u00e3o entre aleitamento materno e c\u00e1ries quando o ambiente \u00e9 insalubre &#8211; como h\u00e1 uma alta frequ\u00eancia de amamenta\u00e7\u00e3o durante o dia e a noite, al\u00e9m do consumo de doces&#8221;, disse a professora.<\/p>\n<p>O estudo tamb\u00e9m encontrou uma associa\u00e7\u00e3o para caracter\u00edsticas socioecon\u00f4micas que podem contribuir para um maior risco de c\u00e1ries entre crian\u00e7as. Em fam\u00edlias de menor renda ou com m\u00e3es com menor escolaridade, as crian\u00e7as tinham mais c\u00e1ries e apresentavam maior risco de apresentar c\u00e1ries severas.<\/p>\n<p>Outras pesquisas que medem a rela\u00e7\u00e3o entre amamenta\u00e7\u00e3o a longo prazo e c\u00e1ries tiveram resultados mistos &#8211; embora isso possa ser devido, em parte, ao fato de os pesquisadores terem examinado crian\u00e7as de diferentes idades e definido a amamenta\u00e7\u00e3o prolongada em diferentes intervalos de tempo.<\/p>\n<h4><a href=\"https:\/\/www.dentalpress.com.br\/portal\/teste-linguinha-anquiloglossia-alberto-consolaro\/\" target=\"_blank\" rel=\"noopener\">&gt;&gt;&gt; Leia tamb\u00e9m:\u00a0\u201cTeste da linguinha\u201d e a anquiloglossia: as controv\u00e9rsias do assunto!<\/a><\/h4>\n<p>M\u00e1rcia, que realizou um estudo semelhante na capital ga\u00facha, tamb\u00e9m descobriu que as crian\u00e7as amamentadas por mais de 24 meses tiveram um risco duas vezes maior de desenvolver c\u00e1ries severas. Duas outras pesquisas sobre este tema, realizadas Alemanha e na It\u00e1lia, encontraram uma associa\u00e7\u00e3o, enquanto outra no Brasil n\u00e3o.<\/p>\n<p>Mas Karen Peres diz que \u00e9 importante lembrar que, como este estudo foi realizado no Brasil, os resultados podem n\u00e3o ser aplic\u00e1veis \u200b\u200ba outras partes do mundo.<\/p>\n<p>&#8220;Eu acredito que a extrapola\u00e7\u00e3o geral de nossas descobertas \u00e9 incerta, sugerindo que isso poderia ser feito apenas para popula\u00e7\u00f5es com padr\u00f5es semelhantes de aleitamento materno e exposi\u00e7\u00e3o ao fl\u00faor&#8221;, disse ela. O fl\u00faor na \u00e1gua pode prevenir a c\u00e1ries. Pelotas (RS) \u00e9 abastecida por \u00e1gua fluoretada desde 1962.<\/p>\n<h2>Benef\u00edcios da amamenta\u00e7\u00e3o<\/h2>\n<p>Diversos outros estudos, no entanto, constatam os benef\u00edcios da amamenta\u00e7\u00e3o para a denti\u00e7\u00e3o. Em outra pesquisa, Karen descobriu que beb\u00eas que mamam exclusivamente no peito por seis meses t\u00eam 72% menos chances de ter m\u00e1 oclus\u00e3o.<\/p>\n<figure id=\"attachment_19505\" aria-describedby=\"caption-attachment-19505\" style=\"width: 1024px\" class=\"wp-caption aligncenter\"><a href=\"https:\/\/dentalpress.com.br\/portal\/wp-content\/uploads\/2017\/08\/amamentac\u0327a\u0303o-prolongada1-e1502119034357.jpg\"><img decoding=\"async\" class=\"wp-image-19505 size-large\" src=\"https:\/\/dentalpress.com.br\/portal\/wp-content\/uploads\/2017\/08\/amamentac\u0327a\u0303o-prolongada1-1024x680.jpg\" alt=\"\" width=\"1024\" height=\"680\" \/><\/a><figcaption id=\"caption-attachment-19505\" class=\"wp-caption-text\">(Foto: Reprodu\u00e7\u00e3o)<\/figcaption><\/figure>\n<p>A amamenta\u00e7\u00e3o tamb\u00e9m pode reduzir o risco de uma condi\u00e7\u00e3o chamada c\u00e1rie dent\u00e1ria do beb\u00ea, que \u00e9 mais frequentemente associada com os dentes dos beb\u00eas sendo expostos a bebidas a\u00e7ucaradas durante um longo per\u00edodo de tempo. Isso costuma ocorrer quando os beb\u00eas s\u00e3o colocados na cama com uma mamadeira, ou quando a mamadeira \u00e9 usada como chupeta.<\/p>\n<p>A Academia Americana de Pediatria recomenda amamentar beb\u00eas por um ano \u2013 e continuar por mais tempo somente quando tanto a m\u00e3e quanto a crian\u00e7a quiserem. As recomenda\u00e7\u00f5es da Organiza\u00e7\u00e3o Mundial de Sa\u00fade prolongam o per\u00edodo de amamenta\u00e7\u00e3o at\u00e9 dois anos ou mais.<\/p>\n<p>H\u00e1 diversos benef\u00edcios da amamenta\u00e7\u00e3o, para a m\u00e3e e o filho. A amamenta\u00e7\u00e3o proporciona aos beb\u00eas os nutrientes essenciais para o crescimento e desenvolvimento, al\u00e9m de reduzir o risco de doen\u00e7as infecciosas, infec\u00e7\u00f5es de ouvido, diarreia e at\u00e9 mesmo a morte. Para as m\u00e3es, a amamenta\u00e7\u00e3o pode ajud\u00e1-los a retornar ao seu peso antes da gravidez mais rapidamente, ao mesmo tempo que reduz o risco de c\u00e2ncer de ov\u00e1rio e de mama.<\/p>\n<p>A Academia Americana de Pediatria diz que h\u00e1 muito poucos motivos para n\u00e3o amamentar, como certas doen\u00e7as ou outras condi\u00e7\u00f5es. Um m\u00e9dico deve sempre ser consultado para determinar se uma m\u00e3e pode amamentar com seguran\u00e7a.<\/p>\n<p style=\"text-align: right;\">Fonte: Livre tradu\u00e7\u00e3o do cnn.com <strong>(<a href=\"http:\/\/edition.cnn.com\/2017\/06\/30\/health\/breastfeeding-cavities-dental-health-study\/index.html\" target=\"_blank\" rel=\"noopener\">leia o original aqui<\/a>).<\/strong><\/p>\n","protected":false},"excerpt":{"rendered":"<p>Crian\u00e7as amamentadas por mais de dois anos s\u00e3o mais propensas a ter c\u00e1ries, de acordo com um novo estudo brasileiro publicado na revista Pediatrics (leia o abstract aqui). Dessa forma, a\u00e7\u00f5es preventivas devem ser estabelecidas o mais cedo poss\u00edvel, porque o aleitamento materno traz muitos benef\u00edcios para a sa\u00fade geral e oral das crian\u00e7as. Os<\/p>\n","protected":false},"author":11,"featured_media":19504,"comment_status":"open","ping_status":"closed","sticky":false,"template":"","format":"standard","meta":{"footnotes":""},"categories":[],"tags":[],"class_list":["post-19487","post","type-post","status-publish","format-standard","has-post-thumbnail"],"aioseo_notices":[],"amp_enabled":true,"_links":{"self":[{"href":"https:\/\/dentalpress.com.br\/portal\/wp-json\/wp\/v2\/posts\/19487","targetHints":{"allow":["GET"]}}],"collection":[{"href":"https:\/\/dentalpress.com.br\/portal\/wp-json\/wp\/v2\/posts"}],"about":[{"href":"https:\/\/dentalpress.com.br\/portal\/wp-json\/wp\/v2\/types\/post"}],"author":[{"embeddable":true,"href":"https:\/\/dentalpress.com.br\/portal\/wp-json\/wp\/v2\/users\/11"}],"replies":[{"embeddable":true,"href":"https:\/\/dentalpress.com.br\/portal\/wp-json\/wp\/v2\/comments?post=19487"}],"version-history":[{"count":0,"href":"https:\/\/dentalpress.com.br\/portal\/wp-json\/wp\/v2\/posts\/19487\/revisions"}],"wp:featuredmedia":[{"embeddable":true,"href":"https:\/\/dentalpress.com.br\/portal\/wp-json\/wp\/v2\/media\/19504"}],"wp:attachment":[{"href":"https:\/\/dentalpress.com.br\/portal\/wp-json\/wp\/v2\/media?parent=19487"}],"wp:term":[{"taxonomy":"category","embeddable":true,"href":"https:\/\/dentalpress.com.br\/portal\/wp-json\/wp\/v2\/categories?post=19487"},{"taxonomy":"post_tag","embeddable":true,"href":"https:\/\/dentalpress.com.br\/portal\/wp-json\/wp\/v2\/tags?post=19487"}],"curies":[{"name":"wp","href":"https:\/\/api.w.org\/{rel}","templated":true}]}}