{"id":19454,"date":"2017-08-03T10:55:50","date_gmt":"2017-08-03T13:55:50","guid":{"rendered":"https:\/\/www.dentalpress.com.br\/portal\/?p=19454"},"modified":"2017-08-03T10:57:03","modified_gmt":"2017-08-03T13:57:03","slug":"fim-das-caries-dentes-sensiveis","status":"publish","type":"post","link":"https:\/\/dentalpress.com.br\/portal\/fim-das-caries-dentes-sensiveis\/","title":{"rendered":"Fim das c\u00e1ries para pessoas com dentes sens\u00edveis?"},"content":{"rendered":"<figure id=\"attachment_19455\" aria-describedby=\"caption-attachment-19455\" style=\"width: 1024px\" class=\"wp-caption aligncenter\"><a href=\"https:\/\/dentalpress.com.br\/portal\/wp-content\/uploads\/2017\/08\/dentes-sensi\u0301veis.jpg\"><img fetchpriority=\"high\" decoding=\"async\" class=\"wp-image-19455 size-large\" src=\"https:\/\/dentalpress.com.br\/portal\/wp-content\/uploads\/2017\/08\/dentes-sensi\u0301veis-1024x576.jpg\" alt=\"\" width=\"1024\" height=\"576\" srcset=\"\/wp-content\/uploads\/2017\/08\/dentes-sensi\u0301veis-1024x576.jpg 1024w, \/wp-content\/uploads\/2017\/08\/dentes-sensi\u0301veis-300x169.jpg 300w, \/wp-content\/uploads\/2017\/08\/dentes-sensi\u0301veis-768x432.jpg 768w, \/wp-content\/uploads\/2017\/08\/dentes-sensi\u0301veis-1170x659.jpg 1170w, \/wp-content\/uploads\/2017\/08\/dentes-sensi\u0301veis-585x329.jpg 585w, \/wp-content\/uploads\/2017\/08\/dentes-sensi\u0301veis.jpg 1400w\" sizes=\"(max-width: 1024px) 100vw, 1024px\" \/><\/a><figcaption id=\"caption-attachment-19455\" class=\"wp-caption-text\">Ingerir bebidas geladas pode causar muita <a href=\"https:\/\/dentalpress.com.br\/portal\/curso-de-aperfeicoamento-em-dtm-dor-orofacial-e-apneia-do-sono\/\">dor<\/a> em pessoas com <a href=\"https:\/\/dentalpress.com.br\/portal\/curso-de-aperfeicoamento-em-cirurgia-de-dentes-retidos\/\">dentes<\/a> sens\u00edveis (Foto: Reprodu\u00e7\u00e3o)<\/figcaption><\/figure>\n<p>Bebida gelada \u00e9 uma del\u00edcia, principalmente no ver\u00e3o, mas para pessoas com dentes sens\u00edveis, pode causar muita dor. Essa condi\u00e7\u00e3o pode ser tratada, mas muitos tratamentos atuais costumam n\u00e3o durar muito. Pesquisadores da Universidade de Wuhan, na China, relatam na edi\u00e7\u00e3o de julho da revista ACS Applied Materials &amp; Interfaces o desenvolvimento de um novo material com extrato de ch\u00e1 verde que poderia solucionar esse problema &#8211; e ajudar a prevenir c\u00e1ries nesses pacientes mais suscet\u00edveis.<\/p>\n<p>A sensibilidade ao dente comum ocorre quando as camadas protetoras dos dentes s\u00e3o desgastadas, revelando um tecido \u00f3sseo chamado dentina. Este tecido cont\u00e9m tubos ocos microsc\u00f3picos que, quando expostos, permitem que l\u00edquidos quentes e frios e alimentos entrem nas extremidades nervosas subjacentes nos dentes, causando dor.<\/p>\n<figure id=\"attachment_19456\" aria-describedby=\"caption-attachment-19456\" style=\"width: 873px\" class=\"wp-caption aligncenter\"><a href=\"https:\/\/dentalpress.com.br\/portal\/wp-content\/uploads\/2017\/08\/Captura-de-Tela-2017-08-03-a\u0300s-10.17.16.png\"><img decoding=\"async\" class=\"wp-image-19456 size-full\" src=\"https:\/\/dentalpress.com.br\/portal\/wp-content\/uploads\/2017\/08\/Captura-de-Tela-2017-08-03-a\u0300s-10.17.16.png\" alt=\"dentes sens\u00edveis\" width=\"873\" height=\"654\" srcset=\"\/wp-content\/uploads\/2017\/08\/Captura-de-Tela-2017-08-03-a\u0300s-10.17.16.png 873w, \/wp-content\/uploads\/2017\/08\/Captura-de-Tela-2017-08-03-a\u0300s-10.17.16-300x225.png 300w, \/wp-content\/uploads\/2017\/08\/Captura-de-Tela-2017-08-03-a\u0300s-10.17.16-768x575.png 768w, \/wp-content\/uploads\/2017\/08\/Captura-de-Tela-2017-08-03-a\u0300s-10.17.16-585x438.png 585w\" sizes=\"(max-width: 873px) 100vw, 873px\" \/><\/a><figcaption id=\"caption-attachment-19456\" class=\"wp-caption-text\">(Foto: Reprodu\u00e7\u00e3o do artigo original)<\/figcaption><\/figure>\n<p>A dentina desprotegida tamb\u00e9m \u00e9 vulner\u00e1vel \u00e0 forma\u00e7\u00e3o de c\u00e1ries. Conectar estes tubos com um mineral chamado nanohidroxiapatita \u00e9 uma abordagem antiga para o tratamento da sensibilidade. Mas o material n\u00e3o resiste bem \u00e0 escova\u00e7\u00e3o, mastiga\u00e7\u00e3o, eros\u00e3o ou \u00e1cido, produzidos por bact\u00e9rias causadoras de c\u00e1ries. Os autores da pesquisa queriam atacar a sensibilidade e combater a bact\u00e9ria ao mesmo tempo.<\/p>\n<p>Os pesquisadores encapsularam a nano-hidroxiapatita e um polifenol de ch\u00e1 verde &#8211; epigalocatequina-3-galato, ou EGCG &#8211; em nanopart\u00edculas de s\u00edlica, que podem resistir ao \u00e1cido e ao desgaste. O EGCG foi demonstrado em estudos anteriores para combater Streptococcus mutans, que forma biofilmes causadores de c\u00e1ries. Testes em dentes do siso extra\u00eddos mostraram que o material tapou os t\u00fabulos dentin\u00e1rios, liberou EGCG durante pelo menos 96 horas, levantou-se para eros\u00e3o dent\u00e1ria e escova\u00e7\u00e3o e impediu a forma\u00e7\u00e3o de biofilme, al\u00e9m de apresentar baixa toxicidade.<\/p>\n<p>Com base nessas descobertas, os pesquisadores dizem que o material pode ser um bom candidato a combater a sensibilidade e as c\u00e1ries nos dentes.<\/p>\n<p><strong><a href=\"http:\/\/pubs.acs.org\/doi\/full\/10.1021\/acsami.7b06597\" target=\"_blank\" rel=\"noopener\">Veja aqui o abstract do artigo original, em ingl\u00eas.\u00a0<\/a><\/strong><\/p>\n<p style=\"text-align: right;\">\u00a0Fonte: Tradu\u00e7\u00e3o livre do Science Daily<\/p>\n<hr \/>\n<p><a href=\"https:\/\/loja.dentalpress.com.br\/revistas\/revista-endodontics.html\" target=\"_blank\" rel=\"noopener\"><img decoding=\"async\" class=\"aligncenter size-large wp-image-18121\" src=\"https:\/\/dentalpress.com.br\/portal\/wp-content\/uploads\/2017\/05\/Baner-para-loja-ENDO-V7N2-1024x421.png\" alt=\"\" width=\"1024\" height=\"421\" srcset=\"\/wp-content\/uploads\/2017\/05\/Baner-para-loja-ENDO-V7N2-1024x421.png 1024w, \/wp-content\/uploads\/2017\/05\/Baner-para-loja-ENDO-V7N2-300x123.png 300w, \/wp-content\/uploads\/2017\/05\/Baner-para-loja-ENDO-V7N2-768x315.png 768w, \/wp-content\/uploads\/2017\/05\/Baner-para-loja-ENDO-V7N2-1170x481.png 1170w, \/wp-content\/uploads\/2017\/05\/Baner-para-loja-ENDO-V7N2-585x240.png 585w, \/wp-content\/uploads\/2017\/05\/Baner-para-loja-ENDO-V7N2.png 1171w\" sizes=\"(max-width: 1024px) 100vw, 1024px\" \/><\/a><\/p>\n","protected":false},"excerpt":{"rendered":"<p>Bebida gelada \u00e9 uma del\u00edcia, principalmente no ver\u00e3o, mas para pessoas com dentes sens\u00edveis, pode causar muita dor. Essa condi\u00e7\u00e3o pode ser tratada, mas muitos tratamentos atuais costumam n\u00e3o durar muito. Pesquisadores da Universidade de Wuhan, na China, relatam na edi\u00e7\u00e3o de julho da revista ACS Applied Materials &amp; Interfaces o desenvolvimento de um novo<\/p>\n","protected":false},"author":11,"featured_media":19455,"comment_status":"open","ping_status":"closed","sticky":false,"template":"","format":"standard","meta":{"footnotes":""},"categories":[],"tags":[],"class_list":["post-19454","post","type-post","status-publish","format-standard","has-post-thumbnail"],"aioseo_notices":[],"amp_enabled":true,"_links":{"self":[{"href":"https:\/\/dentalpress.com.br\/portal\/wp-json\/wp\/v2\/posts\/19454","targetHints":{"allow":["GET"]}}],"collection":[{"href":"https:\/\/dentalpress.com.br\/portal\/wp-json\/wp\/v2\/posts"}],"about":[{"href":"https:\/\/dentalpress.com.br\/portal\/wp-json\/wp\/v2\/types\/post"}],"author":[{"embeddable":true,"href":"https:\/\/dentalpress.com.br\/portal\/wp-json\/wp\/v2\/users\/11"}],"replies":[{"embeddable":true,"href":"https:\/\/dentalpress.com.br\/portal\/wp-json\/wp\/v2\/comments?post=19454"}],"version-history":[{"count":0,"href":"https:\/\/dentalpress.com.br\/portal\/wp-json\/wp\/v2\/posts\/19454\/revisions"}],"wp:featuredmedia":[{"embeddable":true,"href":"https:\/\/dentalpress.com.br\/portal\/wp-json\/wp\/v2\/media\/19455"}],"wp:attachment":[{"href":"https:\/\/dentalpress.com.br\/portal\/wp-json\/wp\/v2\/media?parent=19454"}],"wp:term":[{"taxonomy":"category","embeddable":true,"href":"https:\/\/dentalpress.com.br\/portal\/wp-json\/wp\/v2\/categories?post=19454"},{"taxonomy":"post_tag","embeddable":true,"href":"https:\/\/dentalpress.com.br\/portal\/wp-json\/wp\/v2\/tags?post=19454"}],"curies":[{"name":"wp","href":"https:\/\/api.w.org\/{rel}","templated":true}]}}