{"id":19419,"date":"2017-08-02T13:39:15","date_gmt":"2017-08-02T16:39:15","guid":{"rendered":"https:\/\/www.dentalpress.com.br\/portal\/?p=19419"},"modified":"2017-10-13T09:47:14","modified_gmt":"2017-10-13T12:47:14","slug":"tratamento-ortodontico-mastigacao-degluticao","status":"publish","type":"post","link":"https:\/\/dentalpress.com.br\/portal\/tratamento-ortodontico-mastigacao-degluticao\/","title":{"rendered":"Tratamento ortod\u00f4ntico melhora fun\u00e7\u00f5es de mastiga\u00e7\u00e3o e degluti\u00e7\u00e3o, diz pesquisa"},"content":{"rendered":"<p>Resultados de uma pesquisa realizada na Universidade Federal do Rio Grande do Sul (UFRGS) demonstraram que a <a href=\"https:\/\/dentalpress.com.br\/portal\/imersao-em-correcao-de-sorriso-gengival\/\">corre\u00e7\u00e3o<\/a> das m\u00e1s oclus\u00f5es com aparelhos fixos pode proporcionar efeitos positivos nos processos de mastiga\u00e7\u00e3o e degluti\u00e7\u00e3o, refor\u00e7ando que, al\u00e9m de raz\u00f5es est\u00e9ticas, existem tamb\u00e9m indica\u00e7\u00f5es funcionais para o tratamento ortod\u00f4ntico. O estudo foi publicado na edi\u00e7\u00e3o v22n3 do Dental Press Journal of Orthodontics, sob o t\u00edtulo &#8220;O principal objetivo da mastiga\u00e7\u00e3o \u00e9 atingido ap\u00f3s o tratamento ortod\u00f4ntico? Um estudo longitudinal prospectivo&#8221;.<\/p>\n<figure id=\"attachment_19420\" aria-describedby=\"caption-attachment-19420\" style=\"width: 1024px\" class=\"wp-caption aligncenter\"><a href=\"https:\/\/dentalpress.com.br\/portal\/wp-content\/uploads\/2017\/08\/Captura-de-Tela-2017-08-02-a\u0300s-13.12.54.png\"><img fetchpriority=\"high\" decoding=\"async\" class=\"size-large wp-image-19420\" src=\"https:\/\/dentalpress.com.br\/portal\/wp-content\/uploads\/2017\/08\/Captura-de-Tela-2017-08-02-a\u0300s-13.12.54-1024x664.png\" alt=\"tratamento ortod\u00f4ntico\" width=\"1024\" height=\"664\" srcset=\"\/wp-content\/uploads\/2017\/08\/Captura-de-Tela-2017-08-02-a\u0300s-13.12.54-1024x664.png 1024w, \/wp-content\/uploads\/2017\/08\/Captura-de-Tela-2017-08-02-a\u0300s-13.12.54-300x194.png 300w, \/wp-content\/uploads\/2017\/08\/Captura-de-Tela-2017-08-02-a\u0300s-13.12.54-768x498.png 768w, \/wp-content\/uploads\/2017\/08\/Captura-de-Tela-2017-08-02-a\u0300s-13.12.54-585x379.png 585w, \/wp-content\/uploads\/2017\/08\/Captura-de-Tela-2017-08-02-a\u0300s-13.12.54.png 1108w\" sizes=\"(max-width: 1024px) 100vw, 1024px\" \/><\/a><figcaption id=\"caption-attachment-19420\" class=\"wp-caption-text\"><a href=\"https:\/\/dentalpress.com.br\/portal\/excelencia-em-ortodontia-2\/\">Ortodontia<\/a> melhora n\u00e3o s\u00f3 est\u00e9tica, mas tamb\u00e9m fun\u00e7\u00e3o (Foto: Carlos Alexandre C\u00e2mara)<\/figcaption><\/figure>\n<p>O objetivo do estudo era investigar as performances mastigat\u00f3ria e de degluti\u00e7\u00e3o em pacientes com m\u00e1 oclus\u00e3o, antes e ap\u00f3s o tratamento ortod\u00f4ntico, comparando-os com um grupo controle com oclus\u00e3o normal, equiparado por idade e sexo.<\/p>\n<p>Vinte e tr\u00eas pacientes com m\u00e1 oclus\u00e3o requerendo tratamento ortod\u00f4ntico foram inclu\u00eddos neste estudo prospectivo. Um m\u00eas ap\u00f3s a remo\u00e7\u00e3o dos aparelhos, dezessete pacientes completaram os exames de acompanhamento, e seus dados foram comparados com aqueles de um grupo controle com trinta indiv\u00edduos com oclus\u00e3o normal. A performance mastigat\u00f3ria foi determinada pelo tamanho mediano das part\u00edculas do alimento teste Optocal Plus\u00ae ap\u00f3s 15 ciclos mastigat\u00f3rios, e tr\u00eas vari\u00e1veis relacionadas \u00e0 degluti\u00e7\u00e3o foram avaliadas: a) tempo e b) n\u00famero de ciclos necess\u00e1rios para preparar o alimento teste para degluti\u00e7\u00e3o, e c) tamanho mediano das part\u00edculas trituradas no momento da degluti\u00e7\u00e3o.<\/p>\n<p>No exame inicial, o grupo com m\u00e1 oclus\u00e3o apresentou uma menor performance mastigat\u00f3ria e n\u00e3o atingiu a redu\u00e7\u00e3o do tamanho das part\u00edculas no momento da degluti\u00e7\u00e3o, quando comparado com o grupo controle. Ap\u00f3s o tratamento, a performance mastigat\u00f3ria aumentou significativamente no grupo com m\u00e1 oclus\u00e3o, e a redu\u00e7\u00e3o do tamanho das part\u00edculas no momento da degluti\u00e7\u00e3o atingiu o mesmo n\u00edvel do grupo controle.<\/p>\n<p>Apesar de existirem relatos na literatura sobre os benef\u00edcios funcionais induzidos pelo tratamento ortod\u00f4ntico, o presente estudo foi o primeiro a examinar, de forma longitudinal, os efeitos do tratamento com aparelhos fixos nas performances de mastiga\u00e7\u00e3o e degluti\u00e7\u00e3o utilizando medidas objetivas. Estas an\u00e1lises s\u00e3o necess\u00e1rias pois pacientes costumam superestimar sua capacidade mastigat\u00f3ria quando avaliados apenas por m\u00e9todos subjetivos.<\/p>\n<p>Gostou deste conte\u00fado?<strong> <a href=\"https:\/\/loja.dentalpress.com.br\/revistas\/revista-dental-press-journal-of-orthodontics-em-portugues.html\" target=\"_blank\" rel=\"noopener\">Clique aqui<\/a><\/strong> e saiba como assinar a DPJO, a principal revista de Ortodontia da Am\u00e9rica Latina, publica\u00e7\u00e3o oficial da ABOR.<\/p>\n<p><a href=\"https:\/\/loja.dentalpress.com.br\/revistas\/revista-dental-press-journal-of-orthodontics-em-portugues.html\" target=\"_blank\" rel=\"noopener\"><img decoding=\"async\" class=\"aligncenter size-full wp-image-18576\" src=\"https:\/\/dentalpress.com.br\/portal\/wp-content\/uploads\/2017\/06\/Rev-DPJO-V22N2-newsletter.png\" alt=\"\" width=\"774\" height=\"240\" srcset=\"\/wp-content\/uploads\/2017\/06\/Rev-DPJO-V22N2-newsletter.png 774w, \/wp-content\/uploads\/2017\/06\/Rev-DPJO-V22N2-newsletter-300x93.png 300w, \/wp-content\/uploads\/2017\/06\/Rev-DPJO-V22N2-newsletter-768x238.png 768w, \/wp-content\/uploads\/2017\/06\/Rev-DPJO-V22N2-newsletter-585x181.png 585w\" sizes=\"(max-width: 774px) 100vw, 774px\" \/><\/a><\/p>\n<p>&nbsp;<\/p>\n<p>&nbsp;<\/p>\n","protected":false},"excerpt":{"rendered":"<p>Resultados de uma pesquisa realizada na Universidade Federal do Rio Grande do Sul (UFRGS) demonstraram que a corre\u00e7\u00e3o das m\u00e1s oclus\u00f5es com aparelhos fixos pode proporcionar efeitos positivos nos processos de mastiga\u00e7\u00e3o e degluti\u00e7\u00e3o, refor\u00e7ando que, al\u00e9m de raz\u00f5es est\u00e9ticas, existem tamb\u00e9m indica\u00e7\u00f5es funcionais para o tratamento ortod\u00f4ntico. O estudo foi publicado na edi\u00e7\u00e3o v22n3<\/p>\n","protected":false},"author":11,"featured_media":19420,"comment_status":"open","ping_status":"closed","sticky":false,"template":"","format":"standard","meta":{"footnotes":""},"categories":[],"tags":[],"class_list":["post-19419","post","type-post","status-publish","format-standard","has-post-thumbnail"],"aioseo_notices":[],"amp_enabled":true,"_links":{"self":[{"href":"https:\/\/dentalpress.com.br\/portal\/wp-json\/wp\/v2\/posts\/19419","targetHints":{"allow":["GET"]}}],"collection":[{"href":"https:\/\/dentalpress.com.br\/portal\/wp-json\/wp\/v2\/posts"}],"about":[{"href":"https:\/\/dentalpress.com.br\/portal\/wp-json\/wp\/v2\/types\/post"}],"author":[{"embeddable":true,"href":"https:\/\/dentalpress.com.br\/portal\/wp-json\/wp\/v2\/users\/11"}],"replies":[{"embeddable":true,"href":"https:\/\/dentalpress.com.br\/portal\/wp-json\/wp\/v2\/comments?post=19419"}],"version-history":[{"count":0,"href":"https:\/\/dentalpress.com.br\/portal\/wp-json\/wp\/v2\/posts\/19419\/revisions"}],"wp:featuredmedia":[{"embeddable":true,"href":"https:\/\/dentalpress.com.br\/portal\/wp-json\/wp\/v2\/media\/19420"}],"wp:attachment":[{"href":"https:\/\/dentalpress.com.br\/portal\/wp-json\/wp\/v2\/media?parent=19419"}],"wp:term":[{"taxonomy":"category","embeddable":true,"href":"https:\/\/dentalpress.com.br\/portal\/wp-json\/wp\/v2\/categories?post=19419"},{"taxonomy":"post_tag","embeddable":true,"href":"https:\/\/dentalpress.com.br\/portal\/wp-json\/wp\/v2\/tags?post=19419"}],"curies":[{"name":"wp","href":"https:\/\/api.w.org\/{rel}","templated":true}]}}