{"id":19358,"date":"2017-08-01T12:41:47","date_gmt":"2017-08-01T15:41:47","guid":{"rendered":"https:\/\/www.dentalpress.com.br\/portal\/?p=19358"},"modified":"2018-01-09T08:53:44","modified_gmt":"2018-01-09T10:53:44","slug":"bruxismo-em-adolescentes-bullying","status":"publish","type":"post","link":"https:\/\/dentalpress.com.br\/portal\/bruxismo-em-adolescentes-bullying\/","title":{"rendered":"Bruxismo em adolescentes pode ser sinal de bullying"},"content":{"rendered":"<p>Adolescentes que sofrem de bruxismo do sono podem estar sendo submetidos a bullying. \u00c9 o que diz uma pesquisa brasileira, publicada recentemente no Journal of Oral Rehabilitation, que descobriu que os adolescentes que sofriam de bullying verbal na escola eram quatro vezes mais propensos a sofrer o bruxismo do sono (65%), em compara\u00e7\u00e3o \u00e0queles que n\u00e3o apresentavam a condi\u00e7\u00e3o (17%).<\/p>\n<figure id=\"attachment_19364\" aria-describedby=\"caption-attachment-19364\" style=\"width: 900px\" class=\"wp-caption aligncenter\"><a href=\"https:\/\/dentalpress.com.br\/portal\/wp-content\/uploads\/2017\/08\/bruxismo-em-adolescentes.jpg\"><img fetchpriority=\"high\" decoding=\"async\" class=\"wp-image-19364 size-full\" src=\"https:\/\/dentalpress.com.br\/portal\/wp-content\/uploads\/2017\/08\/bruxismo-em-adolescentes.jpg\" alt=\"bruxismo em adolescentes\" width=\"900\" height=\"615\" srcset=\"\/wp-content\/uploads\/2017\/08\/bruxismo-em-adolescentes.jpg 900w, \/wp-content\/uploads\/2017\/08\/bruxismo-em-adolescentes-300x205.jpg 300w, \/wp-content\/uploads\/2017\/08\/bruxismo-em-adolescentes-768x525.jpg 768w, \/wp-content\/uploads\/2017\/08\/bruxismo-em-adolescentes-585x400.jpg 585w\" sizes=\"(max-width: 900px) 100vw, 900px\" \/><\/a><figcaption id=\"caption-attachment-19364\" class=\"wp-caption-text\">Na pesquisa, 90% dos que praticavam ou sofriam bullying eram meninos (Foto: Reprodu\u00e7\u00e3o)<\/figcaption><\/figure>\n<p>A pesquisa analisou 309 adolescentes de 13 a 15 anos, matriculados em escolas de Itabira (MG). Desses, 103 apresentavam sinais de bruxismo (relatados por eles mesmos ou pelos pais), enquanto que 206 n\u00e3o apresentavam sintoma algum (grupo controle). Todos os participantes responderam a um question\u00e1rio sobre a ocorr\u00eancia de seu envolvimento em epis\u00f3dios de bullying verbal na escola, com base na Pesquisa Nacional de Sa\u00fade do Escolar (PeNSE), bem como uma avalia\u00e7\u00e3o de sua classe econ\u00f4mica de acordo com o Crit\u00e9rio de Classifica\u00e7\u00e3o Econ\u00f4mica Brasil (CCEB).<\/p>\n<p>Entre os alunos participantes da pesquisa, 134 (43,3%) relataram envolvimento em epis\u00f3dios de bullying verbal na escola, seja como v\u00edtima, praticante de bullying ou ambos. A grande maioria deles era do sexo masculino (90,3%).<\/p>\n<p>Adolescentes com bruxismo foram mais prov\u00e1veis \u200b\u200bde estarem envolvidos em epis\u00f3dios de bullying da escola verbal. Com base nestes dados, pode-se sugerir que o bruxismo em jovens adolescentes est\u00e1 associado a um hist\u00f3rico de epis\u00f3dios de bullying. <strong><a href=\"https:\/\/www.ncbi.nlm.nih.gov\/pubmed\/28214362\" target=\"_blank\" rel=\"noopener\">Clique aqui para acessar a pesquisa no PubMed<\/a>.\u00a0<\/strong><\/p>\n<h2><strong>Bruxismo do sono<\/strong><\/h2>\n<p>O bruxismo, tanto em vig\u00edlia como do sono, \u00e9 um h\u00e1bito parafuncional que acomete uma parcela importante da popula\u00e7\u00e3o, sendo considerado um fator de risco para o desenvolvimento de disfun\u00e7\u00e3o temporomandibular (DTM). Na popula\u00e7\u00e3o mundial, cerca de 30% das pessoas t\u00eam essa condi\u00e7\u00e3o, segundo a Organiza\u00e7\u00e3o Mundial da Sa\u00fade (OMS). No Brasil, dados oficiais apontam que o problema atinge 40% da popula\u00e7\u00e3o.<\/p>\n<p>As causas s\u00e3o multifatoriais e dependem de um diagn\u00f3stico preciso do problema. \u00a0Ainda que o bruxismo n\u00e3o seja uma atividade perigosa, pode causar desgastes nos dentes e\/ou restaura\u00e7\u00f5es, causar sensibilidade dent\u00e1ria, al\u00e9m de outros transtornos se n\u00e3o for controlado. Diagnosticar, tratar e evitar problemas futuros decorrentes do bruxismo \u00e9 papel do cirurgi\u00e3o-dentista.<\/p>\n<h2>Aperfei\u00e7oamento em DTM e Dor Orofacial<\/h2>\n<p>No dia 18 de agosto, ter\u00e1 in\u00edcio a 7\u00aa turma do <a href=\"https:\/\/dentalpress.com.br\/portal\/curso-de-aperfeicoamento-em-dtm-dor-orofacial-e-apneia-do-sono\/\">Aperfei\u00e7oamento<\/a> em DTM e Dor Orofacial Dental Press. Sob coordena\u00e7\u00e3o dos doutores Bruno D\u2019Aurea Furquim e Rafael dos Santos Silva, o <a href=\"https:\/\/dentalpress.com.br\/portal\/como-inserir-lasers-de-baixa-e-alta-potencia-na-rotina-clinica\/\">curso<\/a> ter\u00e1 dura\u00e7\u00e3o de um ano, com m\u00f3dulos mensais de dois dias.<\/p>\n<p>O curso tem como objetivo capacitar os cirurgi\u00f5es-dentistas a diagnosticar e tratar diferentes patologias que acometem as articula\u00e7\u00f5es temporomandibulares, a musculatura mastigat\u00f3ria e os nervos da face. Integra, ainda, o tratamento da S\u00edndrome da Apneia e Hipopneia do Sono \u2013 intimamente relacionado ao universo das DTMs.<\/p>\n<p>De acordo com Dr. Bruno Furquim, apesar de ser uma \u00e1rea muito nova da Odontologia, j\u00e1 existem tem protocolos muito bem estabelecidos. \u201c\u00c9 uma especialidade te\u00f3rica, que requer muito tempo de estudo, mas \u00e9 fascinante poder contribuir par a melhora da qualidade de vida de pessoas, que t\u00eam dores cr\u00f4nicas, por exemplo\u201d, diz.<\/p>\n<p>Mais informa\u00e7\u00f5es sobre o curso est\u00e3o dispon\u00edveis no site Dental Press <a href=\"https:\/\/dentalpress.com.br\/portal\/especializacao-em-implantodontia-transforme-sua-carreira-com-precisao-e-seguranca\/\">Cursos<\/a>. <strong><a href=\"https:\/\/www.dentalpresscursos.com\/dtm-dor-orofacial\" target=\"_blank\" rel=\"noopener\">Clique aqui para acessar.<\/a><\/strong><\/p>\n<p><a href=\"https:\/\/www.dentalpresscursos.com\/dtm-dor-orofacial\" target=\"_blank\" rel=\"noopener\"><img decoding=\"async\" class=\"aligncenter size-full wp-image-19361\" src=\"https:\/\/dentalpress.com.br\/portal\/wp-content\/uploads\/2017\/08\/Site_DTMeDorOrofacial-1.png\" alt=\"\" width=\"980\" height=\"485\" srcset=\"\/wp-content\/uploads\/2017\/08\/Site_DTMeDorOrofacial-1.png 980w, \/wp-content\/uploads\/2017\/08\/Site_DTMeDorOrofacial-1-300x148.png 300w, \/wp-content\/uploads\/2017\/08\/Site_DTMeDorOrofacial-1-768x380.png 768w, \/wp-content\/uploads\/2017\/08\/Site_DTMeDorOrofacial-1-585x290.png 585w\" sizes=\"(max-width: 980px) 100vw, 980px\" \/><\/a><\/p>\n","protected":false},"excerpt":{"rendered":"<p>Adolescentes que sofrem de bruxismo do sono podem estar sendo submetidos a bullying. \u00c9 o que diz uma pesquisa brasileira, publicada recentemente no Journal of Oral Rehabilitation, que descobriu que os adolescentes que sofriam de bullying verbal na escola eram quatro vezes mais propensos a sofrer o bruxismo do sono (65%), em compara\u00e7\u00e3o \u00e0queles que<\/p>\n","protected":false},"author":11,"featured_media":19364,"comment_status":"open","ping_status":"closed","sticky":false,"template":"","format":"standard","meta":{"footnotes":""},"categories":[],"tags":[],"class_list":["post-19358","post","type-post","status-publish","format-standard","has-post-thumbnail"],"aioseo_notices":[],"amp_enabled":true,"_links":{"self":[{"href":"https:\/\/dentalpress.com.br\/portal\/wp-json\/wp\/v2\/posts\/19358","targetHints":{"allow":["GET"]}}],"collection":[{"href":"https:\/\/dentalpress.com.br\/portal\/wp-json\/wp\/v2\/posts"}],"about":[{"href":"https:\/\/dentalpress.com.br\/portal\/wp-json\/wp\/v2\/types\/post"}],"author":[{"embeddable":true,"href":"https:\/\/dentalpress.com.br\/portal\/wp-json\/wp\/v2\/users\/11"}],"replies":[{"embeddable":true,"href":"https:\/\/dentalpress.com.br\/portal\/wp-json\/wp\/v2\/comments?post=19358"}],"version-history":[{"count":0,"href":"https:\/\/dentalpress.com.br\/portal\/wp-json\/wp\/v2\/posts\/19358\/revisions"}],"wp:featuredmedia":[{"embeddable":true,"href":"https:\/\/dentalpress.com.br\/portal\/wp-json\/wp\/v2\/media\/19364"}],"wp:attachment":[{"href":"https:\/\/dentalpress.com.br\/portal\/wp-json\/wp\/v2\/media?parent=19358"}],"wp:term":[{"taxonomy":"category","embeddable":true,"href":"https:\/\/dentalpress.com.br\/portal\/wp-json\/wp\/v2\/categories?post=19358"},{"taxonomy":"post_tag","embeddable":true,"href":"https:\/\/dentalpress.com.br\/portal\/wp-json\/wp\/v2\/tags?post=19358"}],"curies":[{"name":"wp","href":"https:\/\/api.w.org\/{rel}","templated":true}]}}