{"id":19348,"date":"2017-07-31T09:55:20","date_gmt":"2017-07-31T12:55:20","guid":{"rendered":"https:\/\/www.dentalpress.com.br\/portal\/?p=19348"},"modified":"2017-07-31T10:06:45","modified_gmt":"2017-07-31T13:06:45","slug":"8-diag-ortodontia-avancada","status":"publish","type":"post","link":"https:\/\/dentalpress.com.br\/portal\/8-diag-ortodontia-avancada\/","title":{"rendered":"8\u00ba Diagn\u00f3stico em Ortodontia Avan\u00e7ada come\u00e7a na Dental Press"},"content":{"rendered":"<figure id=\"attachment_19351\" aria-describedby=\"caption-attachment-19351\" style=\"width: 1024px\" class=\"wp-caption aligncenter\"><a href=\"https:\/\/dentalpress.com.br\/portal\/wp-content\/uploads\/2017\/07\/35452805544_4855d40768_k.jpg\"><img fetchpriority=\"high\" decoding=\"async\" class=\"wp-image-19351 size-large\" src=\"https:\/\/dentalpress.com.br\/portal\/wp-content\/uploads\/2017\/07\/35452805544_4855d40768_k-1024x683.jpg\" alt=\"Ortodontia Avan\u00e7ada\" width=\"1024\" height=\"683\" srcset=\"\/wp-content\/uploads\/2017\/07\/35452805544_4855d40768_k-1024x683.jpg 1024w, \/wp-content\/uploads\/2017\/07\/35452805544_4855d40768_k-300x200.jpg 300w, \/wp-content\/uploads\/2017\/07\/35452805544_4855d40768_k-768x512.jpg 768w, \/wp-content\/uploads\/2017\/07\/35452805544_4855d40768_k-1170x780.jpg 1170w, \/wp-content\/uploads\/2017\/07\/35452805544_4855d40768_k-585x390.jpg 585w, \/wp-content\/uploads\/2017\/07\/35452805544_4855d40768_k.jpg 2048w\" sizes=\"(max-width: 1024px) 100vw, 1024px\" \/><\/a><figcaption id=\"caption-attachment-19351\" class=\"wp-caption-text\">Dr. Laurindo Furquim apresenta a equipe Dental Press aos participantes (Foto: Maicon Vaccaro\/Dental Press)<\/figcaption><\/figure>\n<p class=\"font_7\">Teve in\u00edcio nesta segunda-feira (31) a oitava edi\u00e7\u00e3o do <a href=\"https:\/\/dentalpress.com.br\/portal\/como-inserir-lasers-de-baixa-e-alta-potencia-na-rotina-clinica\/\">curso<\/a>\u00a0<a href=\"http:\/\/www.dentalpresscursos.com\/#!diagnosticoemortodontiaavancada\/waeqb\" target=\"_blank\" rel=\"noopener\">Diagn\u00f3stico em Ortodontia Avan\u00e7ada<\/a>, na Dental Press. Ortodontistas de diversas cidades de Santa Catarina, Paran\u00e1, S\u00e3o Paulo, Rio de Janeiro,\u00a0Tocantins e Rio Grande do Norte\u00a0estar\u00e3o em\u00a0Maring\u00e1 (PR) at\u00e9 sexta-feira (04) para assistirem \u00e0s aulas dos professores\u00a0<a href=\"http:\/\/buscatextual.cnpq.br\/buscatextual\/visualizacv.do?id=K4707514J6\" target=\"_blank\" rel=\"noopener\">Dr. Laurindo Furquim<\/a>,\u00a0<a href=\"http:\/\/buscatextual.cnpq.br\/buscatextual\/visualizacv.do?id=K4766351D0\" target=\"_blank\" rel=\"noopener\">Dr. Adilson Ramos<\/a>\u00a0e\u00a0<a href=\"http:\/\/buscatextual.cnpq.br\/buscatextual\/visualizacv.do?id=K4735543P3\" target=\"_blank\" rel=\"noopener\">Dr. Bruno D\u2019Aurea Furquim<\/a>.<\/p>\n<p class=\"font_7\"><span class=\"color_14\">O curso foi criado com o objetivo de permitir que o profissional se aprimore e atualize seus conhecimentos sobre novas terapias e abordagens para o tratamento de casos complexos como, por exemplo, em pacientes adultos ou com necessidades prot\u00e9ticas.\u00a0<\/span><span class=\"color_14\">Todos os t\u00f3picos ministrados t\u00eam alicerce em bases cient\u00edficas, sendo demonstrados com casos cl\u00ednicos fartamente ilustrados por fotografias de acompanhamento de todas as etapas do tratamento, comprovando a estabilidade dos resultados alcan\u00e7ados. Os diagn\u00f3sticos ser\u00e3o realizados por meio de an\u00e1lise facial e cefalom\u00e9trica e, quando necess\u00e1rio, usando modelos diagn\u00f3sticos (set-up manual e virtual).<\/span><\/p>\n<p>[flickr_set id=&#8221;72157684295290634&#8243;]<\/p>\n","protected":false},"excerpt":{"rendered":"<p>Teve in\u00edcio nesta segunda-feira (31) a oitava edi\u00e7\u00e3o do curso\u00a0Diagn\u00f3stico em Ortodontia Avan\u00e7ada, na Dental Press. Ortodontistas de diversas cidades de Santa Catarina, Paran\u00e1, S\u00e3o Paulo, Rio de Janeiro,\u00a0Tocantins e Rio Grande do Norte\u00a0estar\u00e3o em\u00a0Maring\u00e1 (PR) at\u00e9 sexta-feira (04) para assistirem \u00e0s aulas dos professores\u00a0Dr. Laurindo Furquim,\u00a0Dr. Adilson Ramos\u00a0e\u00a0Dr. Bruno D\u2019Aurea Furquim. O curso foi<\/p>\n","protected":false},"author":11,"featured_media":19351,"comment_status":"open","ping_status":"closed","sticky":false,"template":"","format":"standard","meta":{"footnotes":""},"categories":[],"tags":[],"class_list":["post-19348","post","type-post","status-publish","format-standard","has-post-thumbnail"],"aioseo_notices":[],"amp_enabled":true,"_links":{"self":[{"href":"https:\/\/dentalpress.com.br\/portal\/wp-json\/wp\/v2\/posts\/19348","targetHints":{"allow":["GET"]}}],"collection":[{"href":"https:\/\/dentalpress.com.br\/portal\/wp-json\/wp\/v2\/posts"}],"about":[{"href":"https:\/\/dentalpress.com.br\/portal\/wp-json\/wp\/v2\/types\/post"}],"author":[{"embeddable":true,"href":"https:\/\/dentalpress.com.br\/portal\/wp-json\/wp\/v2\/users\/11"}],"replies":[{"embeddable":true,"href":"https:\/\/dentalpress.com.br\/portal\/wp-json\/wp\/v2\/comments?post=19348"}],"version-history":[{"count":0,"href":"https:\/\/dentalpress.com.br\/portal\/wp-json\/wp\/v2\/posts\/19348\/revisions"}],"wp:featuredmedia":[{"embeddable":true,"href":"https:\/\/dentalpress.com.br\/portal\/wp-json\/wp\/v2\/media\/19351"}],"wp:attachment":[{"href":"https:\/\/dentalpress.com.br\/portal\/wp-json\/wp\/v2\/media?parent=19348"}],"wp:term":[{"taxonomy":"category","embeddable":true,"href":"https:\/\/dentalpress.com.br\/portal\/wp-json\/wp\/v2\/categories?post=19348"},{"taxonomy":"post_tag","embeddable":true,"href":"https:\/\/dentalpress.com.br\/portal\/wp-json\/wp\/v2\/tags?post=19348"}],"curies":[{"name":"wp","href":"https:\/\/api.w.org\/{rel}","templated":true}]}}