{"id":19261,"date":"2017-07-28T11:30:26","date_gmt":"2017-07-28T14:30:26","guid":{"rendered":"https:\/\/www.dentalpress.com.br\/portal\/?p=19261"},"modified":"2018-12-11T14:02:05","modified_gmt":"2018-12-11T16:02:05","slug":"nova-edicao-da-jcdr-ja-esta-disponivel","status":"publish","type":"post","link":"https:\/\/dentalpress.com.br\/portal\/nova-edicao-da-jcdr-ja-esta-disponivel\/","title":{"rendered":"Nova edi\u00e7\u00e3o da JCDR j\u00e1 est\u00e1 dispon\u00edvel"},"content":{"rendered":"<p><a href=\"https:\/\/dentalpress.com.br\/portal\/wp-content\/uploads\/2017\/07\/Captura-de-Tela-2017-07-28-a\u0300s-11.05.46.png\"><img fetchpriority=\"high\" decoding=\"async\" class=\"aligncenter size-full wp-image-19291\" src=\"https:\/\/dentalpress.com.br\/portal\/wp-content\/uploads\/2017\/07\/Captura-de-Tela-2017-07-28-a\u0300s-11.05.46.png\" alt=\"jcdr-capa\" width=\"531\" height=\"670\" srcset=\"\/wp-content\/uploads\/2017\/07\/Captura-de-Tela-2017-07-28-a\u0300s-11.05.46.png 531w, \/wp-content\/uploads\/2017\/07\/Captura-de-Tela-2017-07-28-a\u0300s-11.05.46-238x300.png 238w\" sizes=\"(max-width: 531px) 100vw, 531px\" \/><\/a><\/p>\n<p>&#8220;Qualquer procedimento odontol\u00f3gico \u00e9 um conjunto de processos, isto \u00e9, uma sequ\u00eancia cont\u00ednua de opera\u00e7\u00f5es que apresentam certa unidade e que se reproduzem com alguma regularidade, de maneira ordenada e precisa. Um procedimento odontol\u00f3gico parece complexo? N\u00e3o parece, \u00e9.&#8221;<\/p>\n<p>A defini\u00e7\u00e3o do dicion\u00e1rio Houaiss abre o editorial de Oswaldo Scopin Andrade para a\u00a0Journal of Clinical Dentistry and Research (JCDR), volume 14, n\u00famero 2, que acaba de ser disponibilizada no formato <a href=\"https:\/\/dentalpress.com.br\/portal\/excelencia-em-alinhadores-e-ortodontia-digital-2\/\">digital<\/a> aos assinantes &#8211; a vers\u00e3o impressa deve chegar a todos em agosto. O texto de boas-vindas aborda o dom\u00ednio de t\u00e9cnicas e os poss\u00edveis erros humanos que podem ocorrer ao longo do processo &#8211; que, de acordo com o editor-chefe, devem ser minimizados pelo conhecimento, repeti\u00e7\u00e3o e organiza\u00e7\u00e3o no ambiente de trabalho.<\/p>\n<p>A edi\u00e7\u00e3o segue com a se\u00e7\u00e3o <em>Biologia da Est\u00e9tica<\/em>, de Alberto Consolaro, com um texto esclarecedor sobre os &#8220;Incisivos de Hutchinson e molares de Moon: o diagn\u00f3stico preciso para restaurar a forma e a fun\u00e7\u00e3o&#8221;, duas condi\u00e7\u00f5es comuns aos portadores de s\u00edfilis, doen\u00e7a que voltou e ser end\u00eamica no Brasil, com 228 mil novos casos desde 2011.<\/p>\n<p>Duas belas imagens do artista visual e fot\u00f3grafo Tato Riquelme ilustram a edi\u00e7\u00e3o &#8211; na capa e na se\u00e7\u00e3o <em>Snapschot &#8211; Um novo olhar sobre o belo.\u00a0<\/em>William Kabbach, em sua coluna <em>[in] direta<\/em>, fala sobre reversibilidade na t\u00e9cnica <a href=\"https:\/\/dentalpress.com.br\/portal\/especializacao-em-dentistica-restauradora\/\">restauradora<\/a>. A <a href=\"https:\/\/dentalpress.com.br\/portal\/imersao-em-correcao-de-sorriso-gengival\/\">corre\u00e7\u00e3o<\/a> est\u00e9tica do sorriso em casos de desalinhamento severo da margem gengival \u00e9 o tema do artigo de Jos\u00e9 Arbex Filho, na se\u00e7\u00e3o <em>Clinical approach<\/em>.<\/p>\n<figure id=\"attachment_19298\" aria-describedby=\"caption-attachment-19298\" style=\"width: 541px\" class=\"wp-caption aligncenter\"><a href=\"https:\/\/dentalpress.com.br\/portal\/wp-content\/uploads\/2017\/07\/Captura-de-Tela-2017-07-28-a\u0300s-11.16.13.png\"><img decoding=\"async\" class=\"wp-image-19298 size-full\" src=\"https:\/\/dentalpress.com.br\/portal\/wp-content\/uploads\/2017\/07\/Captura-de-Tela-2017-07-28-a\u0300s-11.16.13.png\" alt=\"Barcos em Jericoaquara (CE)\" width=\"541\" height=\"434\" srcset=\"\/wp-content\/uploads\/2017\/07\/Captura-de-Tela-2017-07-28-a\u0300s-11.16.13.png 541w, \/wp-content\/uploads\/2017\/07\/Captura-de-Tela-2017-07-28-a\u0300s-11.16.13-300x241.png 300w\" sizes=\"(max-width: 541px) 100vw, 541px\" \/><\/a><figcaption id=\"caption-attachment-19298\" class=\"wp-caption-text\">Barcos em Jericoaquara (CE), por Tato Riquelme<\/figcaption><\/figure>\n<p>Confira os artigos de pesquisa e casos cl\u00ednicos in\u00e9ditos da edi\u00e7\u00e3o:<\/p>\n<p><strong>O uso de c\u00e9lulas-tronco na regenera\u00e7\u00e3o \u00f3ssea em <a href=\"https:\/\/dentalpress.com.br\/portal\/excelencia-em-implantodontia-2\/\">Implantodontia<\/a><\/strong>, por Jo\u00e3o Ricardo Almeida Grossi, Adriana Dalapria, Tatiana Miranda Deliberador, Jo\u00e3o C\u00e9sar Zielak e Allan Fernando Giovanini.<\/p>\n<p><strong>Avalia\u00e7\u00e3o cl\u00ednica e microbiol\u00f3gica do uso sist\u00eamico de doxiciclina como coadjuvante \u00e0 terapia periodontal b\u00e1sica no tratamento de indiv\u00edduos com diabetes tipo 2 e doen\u00e7a periodontal cr\u00f4nica<\/strong>, por Priscilla do Monte Ribeiro Busato, Gisele Toyama, Fernanda Colet, Taline Karin Vendrame, Francielly Andressa Felipetti, Claudia Camila Peruzzo Lopes, Nereida Gioppo, Carlos Augusto Nassar e Patricia Oehlmeyer Nassar.<\/p>\n<p><strong>Uma vis\u00e3o cl\u00ednica dos principais passos das t\u00e9cnicas de ades\u00e3o dente\/resina composta<\/strong>, Rodrigo Sversut de Alexandre, Taylane Soffener Berlanga de Ara\u00fajo, Thais Motta Chessa, Eliana Siqueira dos Santos, Felipe Pereira Cunha, Adhara Smith de N\u00f3brega e Andr\u00e9 Figueiredo Reis.<\/p>\n<p><strong>Planejamento multidisciplinar na reconstru\u00e7\u00e3o do sorriso<\/strong>, por Carolina Eurich Mazur, Camila Terra Machado, Veruska de Jo\u00e3o Malheiros Pfau e Eduardo Augusto Pfau.<\/p>\n<p><strong>Reabilita\u00e7\u00e3o est\u00e9tica e funcional de um paciente jovem apresentando amelog\u00eanese imperfeita<\/strong>, por Alexandra Rubin Cocco, Rudimar Ant\u00f4nio Baldissera, Rafael Guerra Lund e Josu\u00e9 Martos.<\/p>\n<p><strong>Caracter\u00edsticas topogr\u00e1ficas da superf\u00edcie de implantes e ades\u00e3o de osteoblastos: revis\u00e3o de literatura<\/strong>, por\u00a0Beatrice Caroline Medeiros Bandeira de Sousa, Hannah Menezes Lira, Sandra de C\u00e1ssia Santana Sardinha e Edval Reginaldo Ten\u00f3rio J\u00fanior.<\/p>\n<p><strong>T\u00e9cnica modificada de enxerto gengival livre: uma s\u00e9rie de casos<\/strong>, por V\u00edtor Marques Sapata, Vanessa Camillo de Almeida, Ronald E. Jung, Giuseppe Alexandre Romito e Jo\u00e3o Batista C\u00e9sar Neto.<\/p>\n<p><strong>Reabilita\u00e7\u00e3o est\u00e9tico-funcional em paciente com mordida aberta anterior: relato de caso cl\u00ednico<\/strong>, por Lauren Oliveira Lima Bohner, Dalva Cruz Lagan\u00e1, Piero Rocha Zanardi, Newton Sesma e Pedro Tortamano Neto.<\/p>\n<p><strong>Odontologia digital: transformando sorrisos utilizando a tecnologia CAD\/CAM,<\/strong> por Frederico Marques Lima dos Santos, Marcelo Serra, F\u00e1bio Cabral, Wagner Nhoncance, Marko T\u00falhio de Souza Neves Bessa, Sandro Souza, Josias Santana da Silva, Luis Calicchio, Marcelo Moreira, Marcelo Kyrillos e Gustavo Giordani.<\/p>\n<p>&nbsp;<\/p>\n<h5><a href=\"https:\/\/loja.dentalpress.com.br\/revistas\/revista-journal-of-clinical-dentistry-and-research-jcdr.html\" target=\"_blank\" rel=\"noopener\">Gostou do conte\u00fado? Clique aqui e saiba como assinar a revista oficial da Sociedade Brasileira de Odontologia Est\u00e9tica (SBOE).\u00a0<\/a><\/h5>\n<h5><a href=\"https:\/\/loja.dentalpress.com.br\/revistas\/revista-journal-of-clinical-dentistry-and-research-jcdr.html\" target=\"_blank\" rel=\"noopener\"><img decoding=\"async\" class=\"aligncenter size-large wp-image-19293\" src=\"https:\/\/dentalpress.com.br\/portal\/wp-content\/uploads\/2017\/07\/Baner-para-loja-2-1024x421.png\" alt=\"\" width=\"1024\" height=\"421\" srcset=\"\/wp-content\/uploads\/2017\/07\/Baner-para-loja-2-1024x421.png 1024w, \/wp-content\/uploads\/2017\/07\/Baner-para-loja-2-300x123.png 300w, \/wp-content\/uploads\/2017\/07\/Baner-para-loja-2-768x315.png 768w, \/wp-content\/uploads\/2017\/07\/Baner-para-loja-2-1170x481.png 1170w, \/wp-content\/uploads\/2017\/07\/Baner-para-loja-2-585x240.png 585w, \/wp-content\/uploads\/2017\/07\/Baner-para-loja-2.png 1171w\" sizes=\"(max-width: 1024px) 100vw, 1024px\" \/><\/a><\/h5>\n","protected":false},"excerpt":{"rendered":"<p>&#8220;Qualquer procedimento odontol\u00f3gico \u00e9 um conjunto de processos, isto \u00e9, uma sequ\u00eancia cont\u00ednua de opera\u00e7\u00f5es que apresentam certa unidade e que se reproduzem com alguma regularidade, de maneira ordenada e precisa. Um procedimento odontol\u00f3gico parece complexo? N\u00e3o parece, \u00e9.&#8221; A defini\u00e7\u00e3o do dicion\u00e1rio Houaiss abre o editorial de Oswaldo Scopin Andrade para a\u00a0Journal of Clinical<\/p>\n","protected":false},"author":11,"featured_media":19290,"comment_status":"open","ping_status":"closed","sticky":false,"template":"","format":"standard","meta":{"footnotes":""},"categories":[],"tags":[],"class_list":["post-19261","post","type-post","status-publish","format-standard","has-post-thumbnail"],"aioseo_notices":[],"amp_enabled":true,"_links":{"self":[{"href":"https:\/\/dentalpress.com.br\/portal\/wp-json\/wp\/v2\/posts\/19261","targetHints":{"allow":["GET"]}}],"collection":[{"href":"https:\/\/dentalpress.com.br\/portal\/wp-json\/wp\/v2\/posts"}],"about":[{"href":"https:\/\/dentalpress.com.br\/portal\/wp-json\/wp\/v2\/types\/post"}],"author":[{"embeddable":true,"href":"https:\/\/dentalpress.com.br\/portal\/wp-json\/wp\/v2\/users\/11"}],"replies":[{"embeddable":true,"href":"https:\/\/dentalpress.com.br\/portal\/wp-json\/wp\/v2\/comments?post=19261"}],"version-history":[{"count":0,"href":"https:\/\/dentalpress.com.br\/portal\/wp-json\/wp\/v2\/posts\/19261\/revisions"}],"wp:featuredmedia":[{"embeddable":true,"href":"https:\/\/dentalpress.com.br\/portal\/wp-json\/wp\/v2\/media\/19290"}],"wp:attachment":[{"href":"https:\/\/dentalpress.com.br\/portal\/wp-json\/wp\/v2\/media?parent=19261"}],"wp:term":[{"taxonomy":"category","embeddable":true,"href":"https:\/\/dentalpress.com.br\/portal\/wp-json\/wp\/v2\/categories?post=19261"},{"taxonomy":"post_tag","embeddable":true,"href":"https:\/\/dentalpress.com.br\/portal\/wp-json\/wp\/v2\/tags?post=19261"}],"curies":[{"name":"wp","href":"https:\/\/api.w.org\/{rel}","templated":true}]}}