{"id":19249,"date":"2017-07-27T12:20:18","date_gmt":"2017-07-27T15:20:18","guid":{"rendered":"https:\/\/www.dentalpress.com.br\/portal\/?p=19249"},"modified":"2017-07-31T08:57:36","modified_gmt":"2017-07-31T11:57:36","slug":"19249-2","status":"publish","type":"post","link":"https:\/\/dentalpress.com.br\/portal\/19249-2\/","title":{"rendered":"Novo livro de Alberto Consolaro aborda biologia e patologia da polpa e peri\u00e1pice"},"content":{"rendered":"<p>A polpa e o peri\u00e1pice tem mudado suas doen\u00e7as em termos de preval\u00eancia. De consequ\u00eancias da c\u00e1rie que eram predominantes, cada vez mais as altera\u00e7\u00f5es pulpares e periapicais s\u00e3o induzidas por traumatismos dent\u00e1rios acidentais ou transoperat\u00f3rios, quer cl\u00ednicos ou subcl\u00ednicos. O profissional deve estar atento a isto, pois modifica-se assim as expectativas de diagn\u00f3sticos, progn\u00f3sticos e a abordagem terap\u00eautica. Partindo dessa premissa, o professor Dr. Alberto Consolaro dedicou seu novo livro inteiro a este tema:\u00a0<em>Biologia e Patologia da Polpa e Peri\u00e1pice para as Especialidade Cl\u00ednicas<\/em> (Dental Press, 271 p., 2017).\u00a0<a href=\"https:\/\/dentalpress.com.br\/portal\/wp-content\/uploads\/2017\/07\/Polpa-e-Peria\u0301pice-.jpg\"><img fetchpriority=\"high\" decoding=\"async\" class=\"aligncenter size-full wp-image-19250\" src=\"https:\/\/dentalpress.com.br\/portal\/wp-content\/uploads\/2017\/07\/Polpa-e-Peria\u0301pice-.jpg\" alt=\"Polpa e peri\u00e1pice\" width=\"997\" height=\"586\" srcset=\"\/wp-content\/uploads\/2017\/07\/Polpa-e-Peria\u0301pice-.jpg 997w, \/wp-content\/uploads\/2017\/07\/Polpa-e-Peria\u0301pice--300x176.jpg 300w, \/wp-content\/uploads\/2017\/07\/Polpa-e-Peria\u0301pice--768x451.jpg 768w, \/wp-content\/uploads\/2017\/07\/Polpa-e-Peria\u0301pice--585x344.jpg 585w\" sizes=\"(max-width: 997px) 100vw, 997px\" \/><\/a><\/p>\n<p>\u201cPolpa e peri\u00e1pice sempre me seduziram a desvendar seus mist\u00e9rios e segredos, pois sempre fui convocado, especialmente pelos endodontistas, a ajud\u00e1-los \u00e0 compreens\u00e3o\u201d, justifica o autor. Mas n\u00e3o somente os especialistas em <a href=\"https:\/\/dentalpress.com.br\/portal\/curso-intensivo-de-endodontia-para-molares\/\">Endodontia<\/a> se beneficiar\u00e3o da obra. Consolaro acrescenta que as demais especialidades t\u00eam plena consci\u00eancia de que a polpa e peri\u00e1pice interferem ou se relacionam com seus procedimentos e diagn\u00f3sticos precisos.<\/p>\n<p>Ela conta que, desde muito cedo, entende que o profissional da Odontologia deveria buscar todo o saber sobre os dentes e seus tecidos circundantes, antes de procurar dominar o conhecimento sobre as doen\u00e7as da mucosa, dos ossos maxilares, das gl\u00e2ndulas salivares, da ATM e sobre as dores orofaciais.<\/p>\n<p>\u201cMe dediquei em fazer isto sempre repassando os avan\u00e7os aos colegas em minhas aulas de gradua\u00e7\u00e3o, <a href=\"https:\/\/dentalpress.com.br\/portal\/especializacao-em-harmonizacao-orofacial\/\">especializa\u00e7\u00e3o<\/a>, mestrado e doutorado. Procurei fazer deste livro o mais contempor\u00e2neo poss\u00edvel e espero que sirva como ponto de partida ao leitor para novas buscas e reflex\u00f5es\u201d, finaliza.<\/p>\n<p>A pr\u00e9-venda do livro est\u00e1 sendo feita somente na Dental Press Store, com pre\u00e7o promocional de pr\u00e9-lan\u00e7amento.<strong> <a href=\"https:\/\/loja.dentalpress.com.br\/poupa-e-periapice.html\" target=\"_blank\" rel=\"noopener\">Clique aqui para adquirir<\/a>!<\/strong>\u00a0O evento de lan\u00e7amento oficial ser\u00e1 em Vit\u00f3ria (ES), no dia 21 de setembro, data de envio dos exemplares adquiridos na pr\u00e9-venda.<\/p>\n<p>O professor. Dr. Alberto Consolaro far\u00e1 a palestra de abertura do 9\u00ba Congresso Internacional Dental Press, que ter\u00e1 como convidado internacional o Dr. Chris Chang, de Taiwan. <a href=\"http:\/\/dentalpress.com.br\/congresso\/\" target=\"_blank\" rel=\"noopener\">Clique aqui para mais informa\u00e7\u00f5es<\/a>.<\/p>\n<h2>Sobre o autor<\/h2>\n<figure id=\"attachment_7393\" aria-describedby=\"caption-attachment-7393\" style=\"width: 431px\" class=\"wp-caption aligncenter\"><a href=\"https:\/\/dentalpress.com.br\/portal\/wp-content\/uploads\/2015\/09\/consolaro3.png\"><img decoding=\"async\" class=\"wp-image-7393 size-full\" src=\"https:\/\/dentalpress.com.br\/portal\/wp-content\/uploads\/2015\/09\/consolaro3.png\" alt=\"\" width=\"431\" height=\"300\" srcset=\"\/wp-content\/uploads\/2015\/09\/consolaro3.png 431w, \/wp-content\/uploads\/2015\/09\/consolaro3-300x208.png 300w\" sizes=\"(max-width: 431px) 100vw, 431px\" \/><\/a><figcaption id=\"caption-attachment-7393\" class=\"wp-caption-text\">Prof. Dr. Alberto Consolaro em palestra no 8\u00ba Congresso Internacional Dental Press, em Maring\u00e1 (PR), em 2015 (Foto: Lucio Flaubert\/Dental Press)<\/figcaption><\/figure>\n<p>Nascido em 1956, graduou-se em Odontologia na Unesp de Ara\u00e7atuba, em 1977. Iniciou-se na doc\u00eancia em 1978 e conclui o mestrado em Biologia e Patologia Buco-Dent\u00e1ria na FOP-Unicamp, em 1983. Ap\u00f3s atuar como professor e patologista na Universidade Federal de Uberl\u00e2ndia, concluiu em 1987 o Doutorado em Diagn\u00f3stico Bucal pela FOB-USP. Em 1991 obteve o t\u00edtulo de Livre Docente da USP. Como professor, pesquisador e patologista, em 1995, obt\u00e9m o maior grau docente, o de Professor Titular da Universidade de S\u00e3o Paulo, aos 39 anos de idade. Suas \u00e1reas de pesquisas s\u00e3o Anatomia Patol\u00f3gica, Inflama\u00e7\u00e3o e Reparo, Reabsor\u00e7\u00f5es Dent\u00e1rias, Movimenta\u00e7\u00e3o Dent\u00e1ria e Biologia da Polpa e do Peri\u00e1pice.<\/p>\n<p>Por muitos anos foi Chefe de Departamento e Coordenador do Programa de Mestrado e Doutorado em Patologia da FOB-USP. Atualmente ensina na gradua\u00e7\u00e3o da FOB e na p\u00f3s-gradua\u00e7\u00e3o da FORP-USP, nos Programas de Odontopediatria e de Periodontia e <a href=\"https:\/\/dentalpress.com.br\/portal\/curso-de-aperfeicoamento-em-cirurgia-de-dentes-retidos\/\">Cirurgia<\/a>.<\/p>\n<p>Publicou v\u00e1rios livros: <em>O ser Professor<\/em> (5.ed. 2011), <em>Reabsor\u00e7\u00f5es Dent\u00e1rias nas especialidades cl\u00ednicas<\/em> (3.ed. 2012), <em>Controv\u00e9rsias em <a href=\"https:\/\/dentalpress.com.br\/portal\/excelencia-em-ortodontia-2\/\">Ortodontia<\/a><\/em>, <em>Inflama\u00e7\u00e3o e Reparo<\/em> (2.ed. 2013), todos pela Dental Press Editora.<\/p>\n<p>H\u00e1 alguns anos, simultaneamente \u00e0s atividades acad\u00eamicas, escreve semanalmente no Caderno Ci\u00eancias do Jornal da Cidade, o principal jornal do centro do Estado de S\u00e3o Paulo. Em 2013 publicou o livro<em> Queremos Saber!<\/em>\u00a0(Ideia Editora), de divulga\u00e7\u00e3o cient\u00edfica e tecnol\u00f3gica direcionado para o p\u00fablico em geral.<\/p>\n<p><a href=\"https:\/\/loja.dentalpress.com.br\/poupa-e-periapice.html\" target=\"_blank\" rel=\"noopener\"><img decoding=\"async\" class=\"aligncenter size-large wp-image-19251\" src=\"https:\/\/dentalpress.com.br\/portal\/wp-content\/uploads\/2017\/07\/Baner-para-loja-Livro-Polpa-e-Peri\u00e1pice-1024x420.png\" alt=\"\" width=\"1024\" height=\"420\" srcset=\"\/wp-content\/uploads\/2017\/07\/Baner-para-loja-Livro-Polpa-e-Peri\u00e1pice-1024x420.png 1024w, \/wp-content\/uploads\/2017\/07\/Baner-para-loja-Livro-Polpa-e-Peri\u00e1pice-300x123.png 300w, \/wp-content\/uploads\/2017\/07\/Baner-para-loja-Livro-Polpa-e-Peri\u00e1pice-768x315.png 768w, \/wp-content\/uploads\/2017\/07\/Baner-para-loja-Livro-Polpa-e-Peri\u00e1pice.png 1170w, \/wp-content\/uploads\/2017\/07\/Baner-para-loja-Livro-Polpa-e-Peri\u00e1pice-585x240.png 585w\" sizes=\"(max-width: 1024px) 100vw, 1024px\" \/><\/a><\/p>\n","protected":false},"excerpt":{"rendered":"<p>A polpa e o peri\u00e1pice tem mudado suas doen\u00e7as em termos de preval\u00eancia. De consequ\u00eancias da c\u00e1rie que eram predominantes, cada vez mais as altera\u00e7\u00f5es pulpares e periapicais s\u00e3o induzidas por traumatismos dent\u00e1rios acidentais ou transoperat\u00f3rios, quer cl\u00ednicos ou subcl\u00ednicos. O profissional deve estar atento a isto, pois modifica-se assim as expectativas de diagn\u00f3sticos, progn\u00f3sticos<\/p>\n","protected":false},"author":11,"featured_media":19250,"comment_status":"open","ping_status":"closed","sticky":false,"template":"","format":"standard","meta":{"footnotes":""},"categories":[],"tags":[],"class_list":["post-19249","post","type-post","status-publish","format-standard","has-post-thumbnail"],"aioseo_notices":[],"amp_enabled":true,"_links":{"self":[{"href":"https:\/\/dentalpress.com.br\/portal\/wp-json\/wp\/v2\/posts\/19249","targetHints":{"allow":["GET"]}}],"collection":[{"href":"https:\/\/dentalpress.com.br\/portal\/wp-json\/wp\/v2\/posts"}],"about":[{"href":"https:\/\/dentalpress.com.br\/portal\/wp-json\/wp\/v2\/types\/post"}],"author":[{"embeddable":true,"href":"https:\/\/dentalpress.com.br\/portal\/wp-json\/wp\/v2\/users\/11"}],"replies":[{"embeddable":true,"href":"https:\/\/dentalpress.com.br\/portal\/wp-json\/wp\/v2\/comments?post=19249"}],"version-history":[{"count":0,"href":"https:\/\/dentalpress.com.br\/portal\/wp-json\/wp\/v2\/posts\/19249\/revisions"}],"wp:featuredmedia":[{"embeddable":true,"href":"https:\/\/dentalpress.com.br\/portal\/wp-json\/wp\/v2\/media\/19250"}],"wp:attachment":[{"href":"https:\/\/dentalpress.com.br\/portal\/wp-json\/wp\/v2\/media?parent=19249"}],"wp:term":[{"taxonomy":"category","embeddable":true,"href":"https:\/\/dentalpress.com.br\/portal\/wp-json\/wp\/v2\/categories?post=19249"},{"taxonomy":"post_tag","embeddable":true,"href":"https:\/\/dentalpress.com.br\/portal\/wp-json\/wp\/v2\/tags?post=19249"}],"curies":[{"name":"wp","href":"https:\/\/api.w.org\/{rel}","templated":true}]}}