{"id":18821,"date":"2017-06-27T09:11:58","date_gmt":"2017-06-27T12:11:58","guid":{"rendered":"https:\/\/www.dentalpress.com.br\/portal\/?p=18821"},"modified":"2017-06-27T09:14:54","modified_gmt":"2017-06-27T12:14:54","slug":"editor-chefe-da-the-angle-orthodontist-lindauer-fala-ao-dpjo","status":"publish","type":"post","link":"https:\/\/dentalpress.com.br\/portal\/editor-chefe-da-the-angle-orthodontist-lindauer-fala-ao-dpjo\/","title":{"rendered":"Steven J. Lindauer, editor-chefe da &#8220;The Angle Orthodontist&#8221;, fala ao DPJO"},"content":{"rendered":"<p>O ortodontista norte-americano <strong>Steven J. Lindauer,<\/strong> editor-chefe do <em>The Angle Orthodontist <\/em>e chefe do Departamento de <a href=\"https:\/\/dentalpress.com.br\/portal\/excelencia-em-ortodontia-2\/\">Ortodontia<\/a> na Virginia Commonwealth University (VCU), em Richmond, nos Estados Unidos, \u00e9 o entrevistado da mais recente edi\u00e7\u00e3o do Dental Press Journal of Orthodontics (DPJO) &#8211; volume 22, n\u00famero 3. Coordenada pelo baiano Andr\u00e9 Wilson Machado, que teve a oportunidade de conviver com Lindauer na VCU, a entrevista entra para o hall de textos hist\u00f3ricos do peri\u00f3dico, com revela\u00e7\u00f5es curiosas sobre sua <a href=\"https:\/\/dentalpress.com.br\/portal\/especializacao-em-implantodontia-transforme-sua-carreira-com-precisao-e-seguranca\/\">carreira<\/a> como Ortodontista, professor e editor-chefe de um dos peri\u00f3dicos de Ortodontia mais importantes do mundo. Suas impress\u00f5es sobre \u00e9tica na pesquisa cient\u00edfica, ensino de Odontologia e novas tecnologias tamb\u00e9m est\u00e3o expl\u00edcitas.<\/p>\n<figure id=\"attachment_18823\" aria-describedby=\"caption-attachment-18823\" style=\"width: 936px\" class=\"wp-caption aligncenter\"><a href=\"https:\/\/dentalpress.com.br\/portal\/wp-content\/uploads\/2017\/06\/Captura-de-Tela-2017-06-27-a\u0300s-08.49.00.png\"><img fetchpriority=\"high\" decoding=\"async\" class=\"wp-image-18823 size-full\" src=\"https:\/\/dentalpress.com.br\/portal\/wp-content\/uploads\/2017\/06\/Captura-de-Tela-2017-06-27-a\u0300s-08.49.00.png\" alt=\"lindauer\" width=\"936\" height=\"664\" srcset=\"\/wp-content\/uploads\/2017\/06\/Captura-de-Tela-2017-06-27-a\u0300s-08.49.00.png 936w, \/wp-content\/uploads\/2017\/06\/Captura-de-Tela-2017-06-27-a\u0300s-08.49.00-300x213.png 300w, \/wp-content\/uploads\/2017\/06\/Captura-de-Tela-2017-06-27-a\u0300s-08.49.00-768x545.png 768w, \/wp-content\/uploads\/2017\/06\/Captura-de-Tela-2017-06-27-a\u0300s-08.49.00-585x415.png 585w\" sizes=\"(max-width: 936px) 100vw, 936px\" \/><\/a><figcaption id=\"caption-attachment-18823\" class=\"wp-caption-text\">Lindauer \u00e9 editor-chefe do The Angle Orthodontist, um dos principais peri\u00f3dicos da especialidade no mundo (Foto: Divulga\u00e7\u00e3o)<\/figcaption><\/figure>\n<p>&#8220;Eu decidi que queria me tornar ortodontista quando tinha 12 anos e estava passando por tratamento ortod\u00f4ntico. Eu gostava do meu ortodontista, pois ele era alegre e amig\u00e1vel e parecia gostar muito do que fazia&#8221;, diz Lindauer, que cursou Odontologia na Universidade de Connecticut, conhecido celeiro de grandes mestres da Biomec\u00e2nica, como Charles Burstone e Ravindra Nanda.<\/p>\n<p>&#8220;A ideia de aplicar f\u00edsica \u00e0 biologia me parecia especialmente interessante e \u2014 mesmo sem saber que essa era a resposta correta \u2014 foi isso que eu disse ao Dr. Burstone durante minha entrevista de admiss\u00e3o para seu departamento de Ortodontia, em Connecticut. Eu tamb\u00e9m me lembro de ter dito que queria abrir um consult\u00f3rio particular de Ortodontia, dar aulas em regime parcial, desenvolver pesquisa e ser editor de uma revista ortod\u00f4ntica. O Dr. Ravi Nanda, que tamb\u00e9m era membro do corpo docente do departamento de Ortodontia em Connecticut, me disse durante a entrevista que seria imposs\u00edvel fazer tudo isso. Eu jamais imaginei que acabaria lecionando em tempo integral em uma universidade, mas acho que, desde aquele momento, o Dr. Burstone j\u00e1 sabia que seria assim&#8221;, conta.<\/p>\n<p>Al\u00e9m de Machado, participaram da entrevista\u00a0Jorge Faber, editor-chefe do JWFO, David Turpin, editor em\u00e9rito do AJO-DO, Bhavna Shroff, diretora do programa de p\u00f3s-gradua\u00e7\u00e3o em Ortodontia da VCU, e David Normando, editor-chefe do DPJO.<\/p>\n<p><a href=\"https:\/\/dentalpress.wishpond.com\/aplicativos\/\" target=\"_blank\" rel=\"noopener\"><img decoding=\"async\" class=\"aligncenter wp-image-18637\" src=\"https:\/\/dentalpress.com.br\/portal\/wp-content\/uploads\/2017\/03\/DPJP-V22N3_1000X1000.png\" alt=\"\" width=\"600\" height=\"600\" srcset=\"\/wp-content\/uploads\/2017\/03\/DPJP-V22N3_1000X1000.png 1000w, \/wp-content\/uploads\/2017\/03\/DPJP-V22N3_1000X1000-150x150.png 150w, \/wp-content\/uploads\/2017\/03\/DPJP-V22N3_1000X1000-300x300.png 300w, \/wp-content\/uploads\/2017\/03\/DPJP-V22N3_1000X1000-768x768.png 768w, \/wp-content\/uploads\/2017\/03\/DPJP-V22N3_1000X1000-585x585.png 585w\" sizes=\"(max-width: 600px) 100vw, 600px\" \/><\/a><\/p>\n<p>Confira um trecho da entrevista exclusiva:<\/p>\n<p><strong>Eu sei que o Sr. teve a oportunidade de viajar bastante. Quais diferen\u00e7as notou na profiss\u00e3o ao redor dos diferentes pa\u00edses que teve a chance de visitar? (Andre W. Machado)<\/strong><\/p>\n<p><strong>Lindauer &#8211;<\/strong> Um dos maiores benef\u00edcios de se trabalhar no ambiente acad\u00eamico e tamb\u00e9m ser editor de um peri\u00f3dico de Ortodontia \u00e9 a experi\u00eancia que pude acumular viajando para diferentes pa\u00edses e observando como a Ortodontia \u00e9 ensinada e praticada de maneiras diversas em cada regi\u00e3o. Honestamente, h\u00e1 menos diferen\u00e7as do que eu havia previsto inicialmente. Quanto mais eu fui aprendendo, mais fui percebendo que havia muito mais semelhan\u00e7as do que diferen\u00e7as de pa\u00eds para pa\u00eds.<\/p>\n<p>H\u00e1, por\u00e9m, diferen\u00e7as no modelo acad\u00eamico ao redor do mundo. Nos EUA, os alunos frequentam programas pr\u00e9-universit\u00e1rios e devem se formar antes de concluir os quatro anos na Faculdade de Odontologia. A partir de ent\u00e3o, a especializa\u00e7\u00e3o em Ortodontia pode durar dois anos ou mais.<\/p>\n<p>Em outros lugares ao redor do mundo, requer-se a conclus\u00e3o do segundo grau completo (o que nos EUA \u00e9 chamado de high school) e, ent\u00e3o, o <a href=\"https:\/\/dentalpress.com.br\/portal\/como-inserir-lasers-de-baixa-e-alta-potencia-na-rotina-clinica\/\">curso<\/a> de Odontologia dura cinco ou seis anos adicionais, seguidos por no m\u00ednimo tr\u00eas anos de especializa\u00e7\u00e3o em Ortodontia. Durante uma certa \u00e9poca, os EUA foram vistos por muitos pa\u00edses como o l\u00edder na especialidade ortod\u00f4ntica. Isso era de se esperar, tendo em vista que Edward Angle contribuiu significativamente para conformar os caminhos da Ortodontia no in\u00edcio do s\u00e9culo XX.<\/p>\n<p>Contudo, o mundo \u00e9 um lugar muito menor, agora. Muitos professores de v\u00e1rias partes do mundo foram treinados nos EUA e na Europa, e a globaliza\u00e7\u00e3o generalizada das filosofias e ideais tornou tudo aquilo que aprendemos, ensinamos e praticamos muito mais homog\u00eaneo ao redor do mundo.<\/p>\n<p><strong>\u00c9 evidente que a publica\u00e7\u00e3o dos \u201cperi\u00f3dicos impressos\u201d est\u00e1 chegando ao fim. Que meios tecnol\u00f3gicos podem ser utilizados para estimular uma maior visibilidade aos resultados das pesquisas que est\u00e3o sendo produzidas ao redor do mundo? \u00c9 poss\u00edvel que voc\u00eas se beneficiem desses meios de comunica\u00e7\u00e3o? (David Turpin)<\/strong><\/p>\n<p>Eu concordo que, em breve, chegar\u00e1 o momento em que os peri\u00f3dicos deixar\u00e3o de ter sua vers\u00e3o impressa. Na verdade, todas as vezes que o conselho que administra o The Angle Orthodontist se re\u00fane, n\u00f3s falamos sobre essa quest\u00e3o.<\/p>\n<blockquote><p>Ironicamente, apesar da veicula\u00e7\u00e3o e do n\u00famero de leitores da revista online serem mais de 30 vezes maiores do que a quantidade de assinaturas impressas, os autores e os anunciantes mostram uma forte prefer\u00eancia pela vers\u00e3o impressa. Atualmente, o fato de ter a vers\u00e3o impress\u00e3o parece aumentar a credibilidade do peri\u00f3dico, em compara\u00e7\u00e3o aos com vers\u00e3o somente online.<\/p><\/blockquote>\n<p>Atualmente, a vers\u00e3o online da revista \u00e9 tratada da mesma forma que a vers\u00e3o impressa. Uma vez publicada, n\u00e3o \u00a0h\u00e1 maneira de alter\u00e1-la, exceto por meio da publica\u00e7\u00e3o de errata em uma edi\u00e7\u00e3o subsequente. Essa \u00e9 uma exig\u00eancia dos mecanismos de indexa\u00e7\u00e3o. Em alguns casos, chegamos a remover completamente artigos que foram postados como \u201conline early\u201d \u2014 devido a alguns problemas de m\u00e1 conduta \u2014, mas isso n\u00e3o seria permitido se o artigo tivesse apare-<br \/>\ncido em uma edi\u00e7\u00e3o online definitiva.<\/p>\n<p>Tudo isso est\u00e1 relacionado \u00e0 estatura e \u00e0 credibilidade do peri\u00f3dico. No dia em que, eventualmente, abrirmos m\u00e3o da vers\u00e3o impressa e ficarmos somente online, eu veria a The Angle Orthodontist como um peri\u00f3dico indexado, com revis\u00e3o por pares, que passou a ser publicado somente online. N\u00e3o creio que eu fosse querer que ele se torna-se interativo ou sujeito a postagens online sem censura, em rela\u00e7\u00e3o a artigos em particular. \u00c9 importante controlar a qualidade do que \u00e9 publicado e postado.<\/p>\n<p>A vers\u00e3o digital do DPJO j\u00e1 est\u00e1 dispon\u00edvel no aplicativo (<a href=\"https:\/\/dentalpress.wishpond.com\/aplicativos\/\" target=\"_blank\" rel=\"noopener\"><strong>clique aqui para baixar o app<\/strong>)<\/a>. A vers\u00e3o impressa deve chegar a todos os assinantes at\u00e9 o fim de julho.<\/p>\n<h5>Ainda n\u00e3o \u00e9 assinante? <strong><span style=\"color: #666699;\"><a href=\"https:\/\/loja.dentalpress.com.br\/revistas\/revista-dental-press-journal-of-orthodontics-em-portugues.html\" target=\"_blank\" rel=\"noopener\">Clique aqui<\/a><\/span> <\/strong>e conhe\u00e7a a revista oficial da Associa\u00e7\u00e3o Brasileira de Ortodontia e Ortopedia Facial (ABOR) e do Board Brasileiro de Ortodontia e Ortopedia Facial (BBO).<\/h5>\n<p><a href=\"https:\/\/loja.dentalpress.com.br\/revistas\/revista-dental-press-journal-of-orthodontics-em-portugues.html\" target=\"_blank\" rel=\"noopener\"><img decoding=\"async\" class=\"aligncenter size-full wp-image-18825\" src=\"https:\/\/dentalpress.com.br\/portal\/wp-content\/uploads\/2017\/06\/Rev-DPJO-V22N2-newsletter-1.png\" alt=\"\" width=\"774\" height=\"240\" srcset=\"\/wp-content\/uploads\/2017\/06\/Rev-DPJO-V22N2-newsletter-1.png 774w, \/wp-content\/uploads\/2017\/06\/Rev-DPJO-V22N2-newsletter-1-300x93.png 300w, \/wp-content\/uploads\/2017\/06\/Rev-DPJO-V22N2-newsletter-1-768x238.png 768w, \/wp-content\/uploads\/2017\/06\/Rev-DPJO-V22N2-newsletter-1-585x181.png 585w\" sizes=\"(max-width: 774px) 100vw, 774px\" \/><\/a><\/p>\n<p>&nbsp;<\/p>\n","protected":false},"excerpt":{"rendered":"<p>O ortodontista norte-americano Steven J. Lindauer, editor-chefe do The Angle Orthodontist e chefe do Departamento de Ortodontia na Virginia Commonwealth University (VCU), em Richmond, nos Estados Unidos, \u00e9 o entrevistado da mais recente edi\u00e7\u00e3o do Dental Press Journal of Orthodontics (DPJO) &#8211; volume 22, n\u00famero 3. Coordenada pelo baiano Andr\u00e9 Wilson Machado, que teve a<\/p>\n","protected":false},"author":11,"featured_media":18823,"comment_status":"open","ping_status":"closed","sticky":false,"template":"","format":"standard","meta":{"footnotes":""},"categories":[],"tags":[],"class_list":["post-18821","post","type-post","status-publish","format-standard","has-post-thumbnail"],"aioseo_notices":[],"amp_enabled":true,"_links":{"self":[{"href":"https:\/\/dentalpress.com.br\/portal\/wp-json\/wp\/v2\/posts\/18821","targetHints":{"allow":["GET"]}}],"collection":[{"href":"https:\/\/dentalpress.com.br\/portal\/wp-json\/wp\/v2\/posts"}],"about":[{"href":"https:\/\/dentalpress.com.br\/portal\/wp-json\/wp\/v2\/types\/post"}],"author":[{"embeddable":true,"href":"https:\/\/dentalpress.com.br\/portal\/wp-json\/wp\/v2\/users\/11"}],"replies":[{"embeddable":true,"href":"https:\/\/dentalpress.com.br\/portal\/wp-json\/wp\/v2\/comments?post=18821"}],"version-history":[{"count":0,"href":"https:\/\/dentalpress.com.br\/portal\/wp-json\/wp\/v2\/posts\/18821\/revisions"}],"wp:featuredmedia":[{"embeddable":true,"href":"https:\/\/dentalpress.com.br\/portal\/wp-json\/wp\/v2\/media\/18823"}],"wp:attachment":[{"href":"https:\/\/dentalpress.com.br\/portal\/wp-json\/wp\/v2\/media?parent=18821"}],"wp:term":[{"taxonomy":"category","embeddable":true,"href":"https:\/\/dentalpress.com.br\/portal\/wp-json\/wp\/v2\/categories?post=18821"},{"taxonomy":"post_tag","embeddable":true,"href":"https:\/\/dentalpress.com.br\/portal\/wp-json\/wp\/v2\/tags?post=18821"}],"curies":[{"name":"wp","href":"https:\/\/api.w.org\/{rel}","templated":true}]}}