{"id":18810,"date":"2017-06-23T17:00:27","date_gmt":"2017-06-23T20:00:27","guid":{"rendered":"https:\/\/www.dentalpress.com.br\/portal\/?p=18810"},"modified":"2017-06-24T08:32:27","modified_gmt":"2017-06-24T11:32:27","slug":"fechamento-espontaneo-de-comunicacao-buconasal-apos-fratura-maxilar","status":"publish","type":"post","link":"https:\/\/dentalpress.com.br\/portal\/fechamento-espontaneo-de-comunicacao-buconasal-apos-fratura-maxilar\/","title":{"rendered":"Fechamento espont\u00e2neo de comunica\u00e7\u00e3o buconasal ap\u00f3s fratura maxilar"},"content":{"rendered":"<p><a href=\"https:\/\/dentalpress.com.br\/portal\/wp-content\/uploads\/2017\/06\/20170623195739.png\"><img fetchpriority=\"high\" decoding=\"async\" class=\"aligncenter size-full wp-image-18811\" src=\"https:\/\/dentalpress.com.br\/portal\/wp-content\/uploads\/2017\/06\/20170623195739.png\" alt=\"\" width=\"630\" height=\"615\" srcset=\"\/wp-content\/uploads\/2017\/06\/20170623195739.png 630w, \/wp-content\/uploads\/2017\/06\/20170623195739-300x293.png 300w, \/wp-content\/uploads\/2017\/06\/20170623195739-585x571.png 585w\" sizes=\"(max-width: 630px) 100vw, 630px\" \/><\/a><\/p>\n<p><strong>Autores:<\/strong> Carolina Ferrairo Danieletto, Willian Pecin Jacomacci, Gustavo Zanna Ferreira, Edevaldo Tadeu Camarini, Gustavo Jacobucci Farah, Liogi Iwaki Filho e Angelo Jos\u00e9 Pavan.<\/p>\n<p><strong>Resumo |\u00a0<\/strong><strong>Introdu\u00e7\u00e3o:<\/strong> a f\u00edstula buconasal \u00e9 uma comunica\u00e7\u00e3o persistente entre as cavidades bucal e nasal, e pode gerar altera\u00e7\u00f5es fon\u00e9ticas e comprometimento da degluti\u00e7\u00e3o. <strong>Objetivo:<\/strong> o presente trabalho tem por objetivo relatar o caso cl\u00ednico de um paciente diagnosticado com fratura sagital e transversa de maxila, associada a fratura Le fort I (fratura de Walther), que evoluiu, ap\u00f3s necrose de mucosa palatina, com a presen\u00e7a de uma comunica\u00e7\u00e3o buconasal, com 5 mm em seu maior di\u00e2metro e, ap\u00f3s 45 dias, notou-se fechamento espont\u00e2neo da comunica\u00e7\u00e3o. <strong>Discuss\u00e3o:<\/strong> a f\u00edstula buconasal ocorre mais frequentemente em pacientes portadores de <a href=\"https:\/\/dentalpress.com.br\/portal\/causas-das-fissuras-labiopalatinas\/\">fissura<\/a> palatina, e sua associa\u00e7\u00e3o a traumas faciais \u00e9 incomum. Quando decorrente de trauma facial, associa-se a fraturas palatinas. <strong>Considera\u00e7\u00f5es finais:<\/strong> um acompanhamento rigoroso e os cuidados locais podem reduzir a necessidade de novas interven\u00e7\u00f5es cir\u00fargicas.<\/p>\n<p>&nbsp;<\/p>\n<h2><a href=\"http:\/\/grupo.dentalpress.com.br\/b7da0420a708563825b2\" target=\"_blank\" rel=\"noopener\">Quero baixar o artigo!<\/a><\/h2>\n","protected":false},"excerpt":{"rendered":"<p>Autores: Carolina Ferrairo Danieletto, Willian Pecin Jacomacci, Gustavo Zanna Ferreira, Edevaldo Tadeu Camarini, Gustavo Jacobucci Farah, Liogi Iwaki Filho e Angelo Jos\u00e9 Pavan. Resumo |\u00a0Introdu\u00e7\u00e3o: a f\u00edstula buconasal \u00e9 uma comunica\u00e7\u00e3o persistente entre as cavidades bucal e nasal, e pode gerar altera\u00e7\u00f5es fon\u00e9ticas e comprometimento da degluti\u00e7\u00e3o. Objetivo: o presente trabalho tem por objetivo relatar<\/p>\n","protected":false},"author":20,"featured_media":18811,"comment_status":"open","ping_status":"closed","sticky":false,"template":"","format":"standard","meta":{"footnotes":""},"categories":[],"tags":[],"class_list":["post-18810","post","type-post","status-publish","format-standard","has-post-thumbnail"],"aioseo_notices":[],"amp_enabled":true,"_links":{"self":[{"href":"https:\/\/dentalpress.com.br\/portal\/wp-json\/wp\/v2\/posts\/18810","targetHints":{"allow":["GET"]}}],"collection":[{"href":"https:\/\/dentalpress.com.br\/portal\/wp-json\/wp\/v2\/posts"}],"about":[{"href":"https:\/\/dentalpress.com.br\/portal\/wp-json\/wp\/v2\/types\/post"}],"author":[{"embeddable":true,"href":"https:\/\/dentalpress.com.br\/portal\/wp-json\/wp\/v2\/users\/20"}],"replies":[{"embeddable":true,"href":"https:\/\/dentalpress.com.br\/portal\/wp-json\/wp\/v2\/comments?post=18810"}],"version-history":[{"count":0,"href":"https:\/\/dentalpress.com.br\/portal\/wp-json\/wp\/v2\/posts\/18810\/revisions"}],"wp:featuredmedia":[{"embeddable":true,"href":"https:\/\/dentalpress.com.br\/portal\/wp-json\/wp\/v2\/media\/18811"}],"wp:attachment":[{"href":"https:\/\/dentalpress.com.br\/portal\/wp-json\/wp\/v2\/media?parent=18810"}],"wp:term":[{"taxonomy":"category","embeddable":true,"href":"https:\/\/dentalpress.com.br\/portal\/wp-json\/wp\/v2\/categories?post=18810"},{"taxonomy":"post_tag","embeddable":true,"href":"https:\/\/dentalpress.com.br\/portal\/wp-json\/wp\/v2\/tags?post=18810"}],"curies":[{"name":"wp","href":"https:\/\/api.w.org\/{rel}","templated":true}]}}