{"id":18797,"date":"2017-06-22T12:19:50","date_gmt":"2017-06-22T15:19:50","guid":{"rendered":"https:\/\/www.dentalpress.com.br\/portal\/?p=18797"},"modified":"2017-06-22T12:29:45","modified_gmt":"2017-06-22T15:29:45","slug":"enzima-extraida-do-mamao-verde-pode-remover-caries-profundas","status":"publish","type":"post","link":"https:\/\/dentalpress.com.br\/portal\/enzima-extraida-do-mamao-verde-pode-remover-caries-profundas\/","title":{"rendered":"Enzima extra\u00edda do mam\u00e3o verde pode remover c\u00e1ries profundas"},"content":{"rendered":"<p>A biodiversidade do Brasil \u00e9 uma riqueza natural que pode, talvez, solucionar in\u00fameras doen\u00e7as e problemas bacteriol\u00f3gicos ainda existentes neste s\u00e9culo 21. A falta de recursos \u00e9 com certeza uma das principais causas para que estudos, pesquisas, procedimentos e at\u00e9 registros de patentes, impe\u00e7am o pa\u00eds de ser uma refer\u00eancia no campo cient\u00edfico. Para citar um exemplo cl\u00e1ssico, o estado do Amazonas e sua floresta abrigam plantas, frutos e sementes; um universo de possibilidades ainda pouco explorado pelos cientistas e pesquisadores brasileiros, mas, muito cobi\u00e7ado pela comunidade cient\u00edfica internacional.<\/p>\n<p>Mas, se o estudo da nossa flora brasileira e suas riquezas naturais e ben\u00e9ficas carece de uma maior aten\u00e7\u00e3o, por outro lado, h\u00e1 pesquisadores por aqui, melhorando procedimentos e descobrindo produtos que trazem benef\u00edcios incalcul\u00e1veis a todos. Exemplo disso \u00e9 a professora de Odontologia e pesquisadora Dr\u00aa Sandra Kalil.<\/p>\n<figure id=\"attachment_18798\" aria-describedby=\"caption-attachment-18798\" style=\"width: 1024px\" class=\"wp-caption aligncenter\"><a href=\"https:\/\/dentalpress.com.br\/portal\/wp-content\/uploads\/2017\/06\/papaina.jpg\"><img fetchpriority=\"high\" decoding=\"async\" class=\"wp-image-18798 size-large\" src=\"https:\/\/dentalpress.com.br\/portal\/wp-content\/uploads\/2017\/06\/papaina-1024x576.jpg\" alt=\"\" width=\"1024\" height=\"576\" \/><\/a><figcaption id=\"caption-attachment-18798\" class=\"wp-caption-text\">A papa\u00edna, enzima extra\u00edda da casca do mam\u00e3o papaia verde, deu origem ao gel Parac\u00e1rie, que tem a\u00e7\u00e3o seletiva e n\u00e3o ataca o tecido sadio dos <a href=\"https:\/\/dentalpress.com.br\/portal\/curso-de-aperfeicoamento-em-cirurgia-de-dentes-retidos\/\">dentes<\/a> Foto: Reprodu\u00e7\u00e3o)<\/figcaption><\/figure>\n<p>Ela \u00e9 respons\u00e1vel pela pesquisa que descobriu o \u2018Papac\u00e1rie\u2019, um gel \u00e0 base de papa\u00edna, enzima extra\u00edda da casca do mam\u00e3o papaia verde. Essa enzima tem a\u00e7\u00e3o seletiva e n\u00e3o ataca o tecido sadio dos dentes. Associada \u00e0 cloramina, a papa\u00edna amolece a c\u00e1rie que podem ser retirada com uma simples curetagem, evitando o famoso motorzinho ou a retirada desnecess\u00e1ria de dente sadio.<\/p>\n<h2>\u2018Papac\u00e1rie\u2019 j\u00e1 chegou em Harvard<\/h2>\n<p>O cirurgi\u00e3o-dentista Zenildo Santos Silva Jr. fez uma parte do seu doutorado na Harvard School Medical, Massachusetts General Hospital, em Boston, nos Estados Unidos. Membro da equipe da pesquisadora Dra. Sandra Kalil, o aluno por meio da sua pesquisa constatou juntamente com professores de Harvard a efic\u00e1cia do \u2018Papac\u00e1rie\u2019.<\/p>\n<p>O gel da papa\u00edna (PapaMBlueTM patente registrada) foi tamb\u00e9m experimentado no tratamento de les\u00f5es de c\u00e1ries profundas. O \u2018Papac\u00e1rie\u2019 ativado pela luz do <a href=\"https:\/\/dentalpress.com.br\/portal\/como-inserir-lasers-de-baixa-e-alta-potencia-na-rotina-clinica\/\">Laser<\/a>, em baixa dosagem, possibilitou a remo\u00e7\u00e3o simult\u00e2nea da dentina infectada sem a necessidade do uso do motor odontol\u00f3gico sem <a href=\"https:\/\/dentalpress.com.br\/portal\/curso-de-aperfeicoamento-em-dtm-dor-orofacial-e-apneia-do-sono\/\">dor<\/a>, sem trauma e sem medo do <a href=\"https:\/\/dentalpress.com.br\/portal\/reforma-tributaria-impacta-dentistas-e-pacientes-com-custos\/\">dentista<\/a>.<\/p>\n<p>A t\u00e9cnica permite uma maior preserva\u00e7\u00e3o das estruturas sadias adjacentes do dente, como a dentina e a polpa. Com maior efetividade, sem nenhuma anestesia, menor tempo de tratamento e uma maior a\u00e7\u00e3o antimicrobiana, esse procedimento tamb\u00e9m evita a progress\u00e3o da doen\u00e7a no mesmo local.<\/p>\n<h2><strong>Sandra Kalil Bussadori<\/strong><\/h2>\n<p>Dr\u00aa Sandra \u00e9 professora do <a href=\"https:\/\/dentalpress.com.br\/portal\/curso-de-capacitacao-em-pericias-e-assistencias-judiciais-odontologicas-para-especialistas-em-ortodontia\/\">curso<\/a> de Odontologia e dos programas de Mestrado e Doutorado em Ci\u00eancias da Reabilita\u00e7\u00e3o e em Biofot\u00f4nica Aplicada \u00e0s Ci\u00eancias da Sa\u00fade da UNINOVE e Professora Titular da Disciplina de Odontopediatria da Universidade Metropolitana de Santos. Trabalha voluntariamente no projeto Caravana do Sorriso, que une teatro m\u00f3vel e atendimento odontol\u00f3gico. A caravana existe desde 1999 e j\u00e1 atendeu mais de cinco mil crian\u00e7as.<\/p>\n<p>Ela desenvolveu o trabalho de pesquisa do \u2018Gel Papac\u00e1rie\u2019, com a papa\u00edna, no Centro de Pesquisas da Universidade de Santos e na Universidade de S\u00e3o Paulo \u2013 USP. Atualmente, \u00e9 Conselheira do Conselho Regional de Odontologia de S\u00e3o Paulo \u2013 CRO\/SP.<\/p>\n<hr \/>\n<p><a href=\"https:\/\/dentalpress.com.br\/portal\/wp-content\/uploads\/2017\/04\/Rev-JCDR-v14n1-newsletter.jpg\"><img decoding=\"async\" class=\"aligncenter size-full wp-image-17344\" src=\"https:\/\/dentalpress.com.br\/portal\/wp-content\/uploads\/2017\/04\/Rev-JCDR-v14n1-newsletter.jpg\" alt=\"\" width=\"774\" height=\"240\" srcset=\"\/wp-content\/uploads\/2017\/04\/Rev-JCDR-v14n1-newsletter.jpg 774w, \/wp-content\/uploads\/2017\/04\/Rev-JCDR-v14n1-newsletter-300x93.jpg 300w, \/wp-content\/uploads\/2017\/04\/Rev-JCDR-v14n1-newsletter-768x238.jpg 768w, \/wp-content\/uploads\/2017\/04\/Rev-JCDR-v14n1-newsletter-585x181.jpg 585w\" sizes=\"(max-width: 774px) 100vw, 774px\" \/><\/a><\/p>\n<p>&nbsp;<\/p>\n","protected":false},"excerpt":{"rendered":"<p>A biodiversidade do Brasil \u00e9 uma riqueza natural que pode, talvez, solucionar in\u00fameras doen\u00e7as e problemas bacteriol\u00f3gicos ainda existentes neste s\u00e9culo 21. A falta de recursos \u00e9 com certeza uma das principais causas para que estudos, pesquisas, procedimentos e at\u00e9 registros de patentes, impe\u00e7am o pa\u00eds de ser uma refer\u00eancia no campo cient\u00edfico. Para citar<\/p>\n","protected":false},"author":20,"featured_media":18798,"comment_status":"open","ping_status":"closed","sticky":false,"template":"","format":"standard","meta":{"footnotes":""},"categories":[],"tags":[],"class_list":["post-18797","post","type-post","status-publish","format-standard","has-post-thumbnail"],"aioseo_notices":[],"amp_enabled":true,"_links":{"self":[{"href":"https:\/\/dentalpress.com.br\/portal\/wp-json\/wp\/v2\/posts\/18797","targetHints":{"allow":["GET"]}}],"collection":[{"href":"https:\/\/dentalpress.com.br\/portal\/wp-json\/wp\/v2\/posts"}],"about":[{"href":"https:\/\/dentalpress.com.br\/portal\/wp-json\/wp\/v2\/types\/post"}],"author":[{"embeddable":true,"href":"https:\/\/dentalpress.com.br\/portal\/wp-json\/wp\/v2\/users\/20"}],"replies":[{"embeddable":true,"href":"https:\/\/dentalpress.com.br\/portal\/wp-json\/wp\/v2\/comments?post=18797"}],"version-history":[{"count":0,"href":"https:\/\/dentalpress.com.br\/portal\/wp-json\/wp\/v2\/posts\/18797\/revisions"}],"wp:featuredmedia":[{"embeddable":true,"href":"https:\/\/dentalpress.com.br\/portal\/wp-json\/wp\/v2\/media\/18798"}],"wp:attachment":[{"href":"https:\/\/dentalpress.com.br\/portal\/wp-json\/wp\/v2\/media?parent=18797"}],"wp:term":[{"taxonomy":"category","embeddable":true,"href":"https:\/\/dentalpress.com.br\/portal\/wp-json\/wp\/v2\/categories?post=18797"},{"taxonomy":"post_tag","embeddable":true,"href":"https:\/\/dentalpress.com.br\/portal\/wp-json\/wp\/v2\/tags?post=18797"}],"curies":[{"name":"wp","href":"https:\/\/api.w.org\/{rel}","templated":true}]}}