{"id":18792,"date":"2017-06-22T10:29:29","date_gmt":"2017-06-22T13:29:29","guid":{"rendered":"https:\/\/www.dentalpress.com.br\/portal\/?p=18792"},"modified":"2017-06-22T10:45:06","modified_gmt":"2017-06-22T13:45:06","slug":"estomatite-aftosa-incomoda-principalmente-jovens-entre-10-e-19-anos","status":"publish","type":"post","link":"https:\/\/dentalpress.com.br\/portal\/estomatite-aftosa-incomoda-principalmente-jovens-entre-10-e-19-anos\/","title":{"rendered":"Estomatite aftosa incomoda principalmente jovens entre 10 e 19 anos"},"content":{"rendered":"<p class=\"m_3317474401758050611MsoNoSpacing\" style=\"text-align: left;\" align=\"center\">Estomatite aftosa recorrente \u00e9 o nome de uma doen\u00e7a comum, que acomete a cavidade oral, e atinge principalmente jovens entre 10 e 19 anos \u2013 embora possa surgir em qualquer fase da vida de um indiv\u00edduo, inclusive em beb\u00eas. Trata-se de uma condi\u00e7\u00e3o muito dolorosa, j\u00e1 que h\u00e1 presen\u00e7a de m\u00faltiplas aftas na mucosa interna da boca \u2013 o que impede o paciente de se alimentar adequadamente e, em alguns casos, costuma favorecer epis\u00f3dios de febre. O per\u00edodo mais cr\u00edtico costuma durar entre sete e dez dias.<\/p>\n<figure id=\"attachment_18793\" aria-describedby=\"caption-attachment-18793\" style=\"width: 1024px\" class=\"wp-caption aligncenter\"><a href=\"https:\/\/dentalpress.com.br\/portal\/wp-content\/uploads\/2017\/06\/estomatite-aftosa.jpg\"><img fetchpriority=\"high\" decoding=\"async\" class=\"wp-image-18793 size-large\" src=\"https:\/\/dentalpress.com.br\/portal\/wp-content\/uploads\/2017\/06\/estomatite-aftosa-1024x683.jpg\" alt=\"estomatite aftosa\" width=\"1024\" height=\"683\" srcset=\"\/wp-content\/uploads\/2017\/06\/estomatite-aftosa-1024x683.jpg 1024w, \/wp-content\/uploads\/2017\/06\/estomatite-aftosa-300x200.jpg 300w, \/wp-content\/uploads\/2017\/06\/estomatite-aftosa-768x512.jpg 768w, \/wp-content\/uploads\/2017\/06\/estomatite-aftosa-1170x780.jpg 1170w, \/wp-content\/uploads\/2017\/06\/estomatite-aftosa-585x390.jpg 585w, \/wp-content\/uploads\/2017\/06\/estomatite-aftosa.jpg 1260w\" sizes=\"(max-width: 1024px) 100vw, 1024px\" \/><\/a><figcaption id=\"caption-attachment-18793\" class=\"wp-caption-text\">Estresse, traumas, doen\u00e7a cel\u00edaca e uso medicamentos podem causar aftas (Foto: Reprodu\u00e7\u00e3o)<\/figcaption><\/figure>\n<p class=\"m_3317474401758050611MsoNoSpacing\" style=\"text-align: left;\" align=\"center\"><u><\/u><u><\/u><u><\/u>Apesar de ser muito comum, as causas da estomatite ainda s\u00e3o incertas. Por isso, o tratamento visa ao al\u00edvio do paciente no que se refere \u00e0 <a href=\"https:\/\/dentalpress.com.br\/portal\/curso-de-aperfeicoamento-em-dtm-dor-orofacial-e-apneia-do-sono\/\">dor<\/a>, bem como tentar aumentar os per\u00edodos livres da doen\u00e7a e acelerar o processo de cura das aftas. De acordo com Luiz Alexandre Thomaz, professor de p\u00f3s-gradua\u00e7\u00e3o em Estomatologia e Patologia Bucal da FAOA \u2013 Faculdade de Odontologia da APCD\u00a0(Associa\u00e7\u00e3o Paulista de Cirurgi\u00f5es-Dentistas), a estomatite pode resultar de fatores gen\u00e9ticos, bem como da defici\u00eancia de ferro, vitamina B12 e \u00e1cido f\u00f3lico. Tamb\u00e9m pode ser causada por estresse, traumas, doen\u00e7a cel\u00edaca e uso de determinados medicamentos.<\/p>\n<p class=\"m_3317474401758050611MsoNoSpacing\" style=\"text-align: left;\" align=\"center\"><u><\/u><u><\/u><u><\/u>\u201cAs aftas, ou \u00falceras, se formam geralmente na mucosa da face interior dos l\u00e1bios e da bochecha, bem como na l\u00edngua, na parte posterior do c\u00e9u da boca e inclusive no come\u00e7o da garganta. S\u00e3o pequenas, rasas, arredondadas, e t\u00eam colora\u00e7\u00e3o amarelo-acinzentada com bordas vermelhas. Num quadro de estomatite aftosa, \u00e9 comum que se formem grupos de tr\u00eas ou quatro \u00falceras por local. Apesar de desaparecerem entre dez dias e duas semanas, o paciente precisa contar com um cirurgi\u00e3o-dentista para que, depois do diagn\u00f3stico, possa ter algum al\u00edvio ao inc\u00f4modo intenso. Al\u00e9m de analg\u00e9sicos e antit\u00e9rmicos, o especialista poder\u00e1 prescrever corticosteroides t\u00f3picos, medicamentos para fortalecer o sistema imunol\u00f3gico, al\u00e9m de enxaguantes bucais que ofere\u00e7am algum al\u00edvio \u00e0 dor. H\u00e1 pacientes que podem se beneficiar inclusive da suplementa\u00e7\u00e3o com vitaminas B1, B2, B6 e B12, al\u00e9m de \u00e1cido f\u00f3lico ou ferro\u201d, diz Thomaz.<\/p>\n<p class=\"m_3317474401758050611MsoNoSpacing\" style=\"text-align: left;\" align=\"center\"><u><\/u><u><\/u><u><\/u>O especialista afirma que, como a produ\u00e7\u00e3o de saliva protege a mucosa oral, a s\u00edndrome de boca seca (xerostomia) \u00e9 outro fator que predisp\u00f5e \u00e0 estomatite. Sendo assim, pessoas com mais de 60 anos \u2013 que geralmente produzem metade da saliva de um jovem \u2013 t\u00eam de estar atentas para o surgimento de aftas recorrentes. Em determinados casos, seu m\u00e9dico poder\u00e1 promover a substitui\u00e7\u00e3o de um medicamento por outro, que n\u00e3o predisponha o paciente \u00e0s inflama\u00e7\u00f5es e ulcera\u00e7\u00f5es bucais. Pessoas que fizeram quimioterapia, bem como portadores do v\u00edrus HIV (Aids), tamb\u00e9m t\u00eam risco aumentado para estomatite. \u201c\u00c9 sempre muito importante que pacientes que sofrem de estomatite aftosa recorrente sejam acompanhados por uma equipe multidisciplinar, j\u00e1 que essa condi\u00e7\u00e3o \u00e9 influenciada por v\u00e1rios fatores, \u00e0s vezes associados a outras doen\u00e7as. De todo modo, em mais de 40% dos casos, fatores gen\u00e9ticos est\u00e3o envolvidos\u201d.<\/p>\n<p style=\"text-align: right;\" align=\"center\">Fonte: Assessoria de imprensa<\/p>\n<p align=\"center\">\n<p style=\"text-align: left;\" align=\"center\"><a href=\"https:\/\/loja.dentalpress.com.br\/revistas\/revista-clinica-de-ortodontia-dental-press.html\" target=\"_blank\" rel=\"noopener\"><img decoding=\"async\" class=\"aligncenter size-full wp-image-18766\" src=\"https:\/\/dentalpress.com.br\/portal\/wp-content\/uploads\/2017\/06\/Newsletter.png\" alt=\"\" width=\"774\" height=\"240\" srcset=\"\/wp-content\/uploads\/2017\/06\/Newsletter.png 774w, \/wp-content\/uploads\/2017\/06\/Newsletter-300x93.png 300w, \/wp-content\/uploads\/2017\/06\/Newsletter-768x238.png 768w, \/wp-content\/uploads\/2017\/06\/Newsletter-585x181.png 585w\" sizes=\"(max-width: 774px) 100vw, 774px\" \/><\/a><\/p>\n","protected":false},"excerpt":{"rendered":"<p>Estomatite aftosa recorrente \u00e9 o nome de uma doen\u00e7a comum, que acomete a cavidade oral, e atinge principalmente jovens entre 10 e 19 anos \u2013 embora possa surgir em qualquer fase da vida de um indiv\u00edduo, inclusive em beb\u00eas. Trata-se de uma condi\u00e7\u00e3o muito dolorosa, j\u00e1 que h\u00e1 presen\u00e7a de m\u00faltiplas aftas na mucosa interna<\/p>\n","protected":false},"author":20,"featured_media":18793,"comment_status":"open","ping_status":"closed","sticky":false,"template":"","format":"standard","meta":{"footnotes":""},"categories":[],"tags":[],"class_list":["post-18792","post","type-post","status-publish","format-standard","has-post-thumbnail"],"aioseo_notices":[],"amp_enabled":true,"_links":{"self":[{"href":"https:\/\/dentalpress.com.br\/portal\/wp-json\/wp\/v2\/posts\/18792","targetHints":{"allow":["GET"]}}],"collection":[{"href":"https:\/\/dentalpress.com.br\/portal\/wp-json\/wp\/v2\/posts"}],"about":[{"href":"https:\/\/dentalpress.com.br\/portal\/wp-json\/wp\/v2\/types\/post"}],"author":[{"embeddable":true,"href":"https:\/\/dentalpress.com.br\/portal\/wp-json\/wp\/v2\/users\/20"}],"replies":[{"embeddable":true,"href":"https:\/\/dentalpress.com.br\/portal\/wp-json\/wp\/v2\/comments?post=18792"}],"version-history":[{"count":0,"href":"https:\/\/dentalpress.com.br\/portal\/wp-json\/wp\/v2\/posts\/18792\/revisions"}],"wp:featuredmedia":[{"embeddable":true,"href":"https:\/\/dentalpress.com.br\/portal\/wp-json\/wp\/v2\/media\/18793"}],"wp:attachment":[{"href":"https:\/\/dentalpress.com.br\/portal\/wp-json\/wp\/v2\/media?parent=18792"}],"wp:term":[{"taxonomy":"category","embeddable":true,"href":"https:\/\/dentalpress.com.br\/portal\/wp-json\/wp\/v2\/categories?post=18792"},{"taxonomy":"post_tag","embeddable":true,"href":"https:\/\/dentalpress.com.br\/portal\/wp-json\/wp\/v2\/tags?post=18792"}],"curies":[{"name":"wp","href":"https:\/\/api.w.org\/{rel}","templated":true}]}}