{"id":18776,"date":"2017-06-21T17:34:17","date_gmt":"2017-06-21T20:34:17","guid":{"rendered":"https:\/\/www.dentalpress.com.br\/portal\/?p=18776"},"modified":"2020-05-29T19:23:46","modified_gmt":"2020-05-29T22:23:46","slug":"international-meeting-discute-novidades-da-odontologia-em-sao-paulo","status":"publish","type":"post","link":"https:\/\/dentalpress.com.br\/portal\/international-meeting-discute-novidades-da-odontologia-em-sao-paulo\/","title":{"rendered":"Ateli\u00ea Oral International Meeting discute novidades da Odontologia em S\u00e3o Paulo"},"content":{"rendered":"<p>Entre os dias 22 e 24 de junho, a capital paulista recebe o Ateli\u00ea Oral International Meeting, um encontro de atualiza\u00e7\u00e3o clinico laboratorial da America Latina que pretende ajudar os propriet\u00e1rios de cl\u00ednicas, consult\u00f3rios e profissionais aut\u00f4nomos a darem um salto na <a href=\"https:\/\/dentalpress.com.br\/portal\/especializacao-em-implantodontia-transforme-sua-carreira-com-precisao-e-seguranca\/\">carreira<\/a> e alavancarem a atua\u00e7\u00e3o profissional. O evento ser\u00e1 realizado no Anhembi, em S\u00e3o Paulo.<\/p>\n<figure id=\"attachment_18778\" aria-describedby=\"caption-attachment-18778\" style=\"width: 1024px\" class=\"wp-caption aligncenter\"><a href=\"https:\/\/dentalpress.com.br\/portal\/wp-content\/uploads\/2017\/06\/cad-cam-e1498077146214.jpg\"><img fetchpriority=\"high\" decoding=\"async\" class=\"wp-image-18778 size-large\" src=\"https:\/\/dentalpress.com.br\/portal\/wp-content\/uploads\/2017\/06\/cad-cam-e1498077131370-1024x629.jpg\" alt=\"\" width=\"1024\" height=\"629\" \/><\/a><figcaption id=\"caption-attachment-18778\" class=\"wp-caption-text\">O uso de tecnologias como o CAD CAM na Odontologia ser\u00e1 discutida no evento (Foto: Divulga\u00e7\u00e3o)<\/figcaption><\/figure>\n<p>A programa\u00e7\u00e3o re\u00fane, em seu primeiro dia, expoentes de diferentes \u00e1reas relacionadas \u00e0 gest\u00e3o corporativa e comportamento. Nomes como o historiador Leandro Karnal, o especialista em intelig\u00eancia financeira Gustavo Cerbasi, o ex-capit\u00e3o do Bope Paulo Storani e o economista Ricardo Amorim, al\u00e9m do presidente da Sociedade Brasileira de Coaching, Villela da Matta, j\u00e1 est\u00e3o confirmados. A palestra de abertura ficar\u00e1 a cargo de Celso Orth, cirurgi\u00e3o-dentista e gestor de carreiras de sucesso.<\/p>\n<h2><strong><u>Atualiza\u00e7\u00e3o cl\u00ednica de vanguarda<\/u><\/strong><\/h2>\n<p>O encontro reserva ainda sess\u00f5es de imers\u00e3o sobre temas cl\u00ednico-laboratoriais e procedimentos avan\u00e7ados de Reabilita\u00e7\u00e3o Oral, que ser\u00e3o conduzidas por convidados renomados, como <strong>o norte-americano Touradj Ameli, o italiano Leonardo Bacherini e os brasileiros Oswaldo Scopin, Dario Adolfi, Ronaldo Hirata e Christian Coachman.<\/strong><\/p>\n<p>Por sua vez, a equipe do Ateli\u00ea Oral coordenar\u00e1 cinco apresenta\u00e7\u00f5es integradas sobre suas pr\u00e1ticas cl\u00ednicas e filosofia de trabalho, mostrando em detalhes como<\/p>\n<p>trabalha no diagn\u00f3stico e no tratamento de casos de reabilita\u00e7\u00e3o est\u00e9tica, transitando do simples \u00e0 alta complexidade.\u00a0V\u00e3o mostrar tamb\u00e9m como utilizar a odontologia artesanal e digital para tornar os tratamentos mais r\u00e1pidos, din\u00e2micos, pouco invasivos e com alto grau de previsibilidade nos resultados.<\/p>\n<h2><strong><u>Gest\u00e3o, o caminho para o sucesso profissional<\/u><\/strong><\/h2>\n<p>Trabalhar com afinco e estar sempre atualizado sobre os mais recentes procedimentos e tratamentos nem sempre garantem tranquilidade aos dentistas.<\/p>\n<p>Muitas vezes, a falta de organiza\u00e7\u00e3o da parte cont\u00e1bil e financeira, bem como um gerenciamento mais eficiente do fluxo de pacientes, faz o <a href=\"https:\/\/dentalpress.com.br\/portal\/reforma-tributaria-impacta-dentistas-e-pacientes-com-custos\/\">dentista<\/a> patinar na hora de fechar as contas. E o que falta para a carreira deslanchar ou a cl\u00ednica proporcionar o retorno financeiro desejado?<\/p>\n<p>Com base na atua\u00e7\u00e3o s\u00f3lida de 25 anos do Ateli\u00ea Oral, o encontro traz uma programa\u00e7\u00e3o abrangente para mostrar aos dentistas que o atendimento multidisciplinar e uma gest\u00e3o correta s\u00e3o fundamentais na consolida\u00e7\u00e3o de uma trajet\u00f3ria profissional de sucesso. \u201cAcreditamos que podemos compartilhar com outros dentistas a nossa experi\u00eancia, o que deu certo com a gente, e com isso abreviar o caminho de outros colegas que tamb\u00e9m querem atingir o sucesso profissional\u201d, revela Kyrillos.<\/p>\n<p>Com o tema \u201cO impacto das consultas iniciais na efetiva\u00e7\u00e3o do tratamento\u201d, Celso Orth falar\u00e1 sobre a chave do sucesso, e a import\u00e2ncia de uma boa gest\u00e3o para alavancar os neg\u00f3cios.<\/p>\n<p>\u201cFatores comportamentais que travam o desenvolvimento humano\u201d ser\u00e1 o foco principal da abordagem de Leandro Karnal. O historiador dar\u00e1 valiosas dicas sobre como identificar os comportamentos individuais e coletivos que se constituem em obst\u00e1culos ao crescimento.<\/p>\n<p>Gustavo Cerbasi dar\u00e1 andamento ao encontro com o tema \u201cEscolhas inteligentes para sua vida e seus neg\u00f3cios\u201d. Nesta apresenta\u00e7\u00e3o, Cerbasi abordar\u00e1 uma linha l\u00f3gica de racioc\u00ednio que combina ferramentas financeiras e psicologia econ\u00f4mica, visando formar um novo <em>mindset<\/em> sobre as escolhas financeiras e suas consequ\u00eancias. Motivar e formar uma equipe comprometida. Esta ser\u00e1 a t\u00f4nica da apresenta\u00e7\u00e3o de Paulo Storani, intitulada \u201cConstruindo uma tropa de elite\u201d.<\/p>\n<p>Ricardo Amorim falar\u00e1 sobre a crise que a economia brasileira atravessa, em uma sess\u00e3o que ter\u00e1 como abordagem principal \u201cComo prosperar na crise? Inova\u00e7\u00e3o e oportunidades para m\u00e9dios e grandes prestadores de servi\u00e7os em sa\u00fade\u201d.<\/p>\n<p>J\u00e1 Villela da Matta apresentar\u00e1 o tema \u201cA ci\u00eancia e a arte em conduzir um neg\u00f3cio na \u00e1rea da Odontologia\u201d. O especialista em <em>business coaching<\/em> falar\u00e1 sobre lideran\u00e7a e mostrar\u00e1 aos dentistas o que devem fazer para organizar e gerir melhor suas cl\u00ednicas e consult\u00f3rios.<\/p>\n<h2><strong><u>Audit\u00f3rio #Live<\/u><\/strong><\/h2>\n<p>A programa\u00e7\u00e3o ser\u00e1 complementada no Audit\u00f3rio #Live, que ter\u00e1 apresenta\u00e7\u00f5es de:<\/p>\n<ul>\n<li>Atualiza\u00e7\u00e3o cl\u00ednica das cirurgi\u00e3s-dentistas autoras de cap\u00edtulos do anu\u00e1rio \u201cMulher Dentista Mulher\u201d, da Quintessence;<\/li>\n<li><a href=\"https:\/\/dentalpress.com.br\/portal\/como-inserir-lasers-de-baixa-e-alta-potencia-na-rotina-clinica\/\">Curso<\/a> internacional para TPDs;<\/li>\n<li>Apresenta\u00e7\u00f5es sobre <em>coaching<\/em> voltado para Odontologia;<\/li>\n<li>Ciclo de palestras direcionadas, com temas administrativo-cont\u00e1beis.<\/li>\n<\/ul>\n<h2><strong><u>Pr\u00f3tese Dent\u00e1ria em debate<\/u><\/strong><\/h2>\n<p>A programa\u00e7\u00e3o do encontro abre espa\u00e7o ainda para a realiza\u00e7\u00e3o de uma mesa-redonda que reunir\u00e1 oito especialistas em Pr\u00f3tese Dent\u00e1ria. Sob o tema \u201cPr\u00f3tese Dent\u00e1ria \u2013 o outro lado da moeda\u201d, a sess\u00e3o vai propor discuss\u00f5es sobre como a tecnologia est\u00e1 impactando os resultados dos trabalhos prot\u00e9ticos na atualidade, em face do emprego cada vez maior de novas tecnologias CAD\/CAM, novos materiais e recursos que est\u00e3o mudando a cultura na rela\u00e7\u00e3o cl\u00ednico-laboratorial.<\/p>\n<p>Fonte: Assessoria de imprensa<\/p>\n","protected":false},"excerpt":{"rendered":"<p>Entre os dias 22 e 24 de junho, a capital paulista recebe o Ateli\u00ea Oral International Meeting, um encontro de atualiza\u00e7\u00e3o clinico laboratorial da America Latina que pretende ajudar os propriet\u00e1rios de cl\u00ednicas, consult\u00f3rios e profissionais aut\u00f4nomos a darem um salto na carreira e alavancarem a atua\u00e7\u00e3o profissional. O evento ser\u00e1 realizado no Anhembi, em<\/p>\n","protected":false},"author":20,"featured_media":18778,"comment_status":"open","ping_status":"closed","sticky":false,"template":"","format":"standard","meta":{"footnotes":""},"categories":[],"tags":[],"class_list":["post-18776","post","type-post","status-publish","format-standard","has-post-thumbnail"],"aioseo_notices":[],"amp_enabled":true,"_links":{"self":[{"href":"https:\/\/dentalpress.com.br\/portal\/wp-json\/wp\/v2\/posts\/18776","targetHints":{"allow":["GET"]}}],"collection":[{"href":"https:\/\/dentalpress.com.br\/portal\/wp-json\/wp\/v2\/posts"}],"about":[{"href":"https:\/\/dentalpress.com.br\/portal\/wp-json\/wp\/v2\/types\/post"}],"author":[{"embeddable":true,"href":"https:\/\/dentalpress.com.br\/portal\/wp-json\/wp\/v2\/users\/20"}],"replies":[{"embeddable":true,"href":"https:\/\/dentalpress.com.br\/portal\/wp-json\/wp\/v2\/comments?post=18776"}],"version-history":[{"count":0,"href":"https:\/\/dentalpress.com.br\/portal\/wp-json\/wp\/v2\/posts\/18776\/revisions"}],"wp:featuredmedia":[{"embeddable":true,"href":"https:\/\/dentalpress.com.br\/portal\/wp-json\/wp\/v2\/media\/18778"}],"wp:attachment":[{"href":"https:\/\/dentalpress.com.br\/portal\/wp-json\/wp\/v2\/media?parent=18776"}],"wp:term":[{"taxonomy":"category","embeddable":true,"href":"https:\/\/dentalpress.com.br\/portal\/wp-json\/wp\/v2\/categories?post=18776"},{"taxonomy":"post_tag","embeddable":true,"href":"https:\/\/dentalpress.com.br\/portal\/wp-json\/wp\/v2\/tags?post=18776"}],"curies":[{"name":"wp","href":"https:\/\/api.w.org\/{rel}","templated":true}]}}