{"id":18721,"date":"2017-06-14T14:48:14","date_gmt":"2017-06-14T17:48:14","guid":{"rendered":"https:\/\/www.dentalpress.com.br\/portal\/?p=18721"},"modified":"2017-06-14T16:13:33","modified_gmt":"2017-06-14T19:13:33","slug":"estudo-da-reabsorcao-radicular-apical-apos-o-uso-de-aparelho-extrabucal-no-tratamento-da-ma-oclusao-do-tipo-classe-ii","status":"publish","type":"post","link":"https:\/\/dentalpress.com.br\/portal\/estudo-da-reabsorcao-radicular-apical-apos-o-uso-de-aparelho-extrabucal-no-tratamento-da-ma-oclusao-do-tipo-classe-ii\/","title":{"rendered":"Estudo da reabsor\u00e7\u00e3o radicular apical ap\u00f3s o uso de aparelho extrabucal no tratamento da m\u00e1 oclus\u00e3o do tipo Classe II"},"content":{"rendered":"<div style=\"text-align: justify;\"><strong>Autores: V\u00e2nia C\u00e9lia Vieira de Siqueira, Gustavo Hauber Gameiro, Maria Beatriz Borges Ara\u00fajo Magnani,<\/strong><\/div>\n<div style=\"text-align: justify;\">\n<div style=\"text-align: justify;\"><strong>Meire Alves de Sousa, Ana Zilda Nazar Bergamo de Carvalho.<\/strong><\/div>\n<div><a href=\"https:\/\/dentalpress.com.br\/portal\/wp-content\/uploads\/2017\/06\/Captura-de-Tela-2017-06-14-a\u0300s-14.31.02.png\"><img fetchpriority=\"high\" decoding=\"async\" class=\"aligncenter wp-image-18722 \" src=\"https:\/\/dentalpress.com.br\/portal\/wp-content\/uploads\/2017\/06\/Captura-de-Tela-2017-06-14-a\u0300s-14.31.02-1024x628.png\" alt=\"\" width=\"607\" height=\"372\" srcset=\"\/wp-content\/uploads\/2017\/06\/Captura-de-Tela-2017-06-14-a\u0300s-14.31.02-1024x628.png 1024w, \/wp-content\/uploads\/2017\/06\/Captura-de-Tela-2017-06-14-a\u0300s-14.31.02-300x184.png 300w, \/wp-content\/uploads\/2017\/06\/Captura-de-Tela-2017-06-14-a\u0300s-14.31.02-768x471.png 768w, \/wp-content\/uploads\/2017\/06\/Captura-de-Tela-2017-06-14-a\u0300s-14.31.02-585x359.png 585w, \/wp-content\/uploads\/2017\/06\/Captura-de-Tela-2017-06-14-a\u0300s-14.31.02.png 1160w\" sizes=\"(max-width: 607px) 100vw, 607px\" \/><\/a><\/div>\n<div><\/div>\n<\/div>\n<div style=\"text-align: justify;\">\n<p>Objetivo: o presente estudo verificou o efeito do uso do aparelho extrabucal (AEB) sobre a intensidade da reabsor\u00e7\u00e3o radicular apical nos primeiros molares permanentes superiores submetidos \u00e0 a\u00e7\u00e3o do aparelho. M\u00e9todos: foram avaliadas as radiografias periapicais da regi\u00e3o dos primeiros molares permanentes superiores, bilateralmente, de 19 jovens leucodermas, do g\u00eanero feminino, com idades entre 8 e 10 anos, com m\u00e1 oclus\u00e3o do tipo Classe II, 1\u00aa divis\u00e3o dent\u00e1ria, pr\u00e9 e p\u00f3s-tratamento com AEB de tra\u00e7\u00e3o alta. As 76 radiografias foram divididas em dois grupos, de acordo com o grau de forma\u00e7\u00e3o radicular. O grupo A consistiu de 18 radiografias com forma\u00e7\u00e3o radicular incompleta, com exce\u00e7\u00e3o da raiz palatina, ao in\u00edcio do tratamento e 18 ao final. O grupo B consistiu de 20 radiografias com forma\u00e7\u00e3o radicular completa ao in\u00edcio do tratamento e 20 ao final. Mensurou-se os comprimentos radiculares utilizando um paqu\u00edmetro <a href=\"https:\/\/dentalpress.com.br\/portal\/excelencia-em-alinhadores-e-ortodontia-digital-2\/\">digital<\/a> e submeteu-se as medidas obtidas ao teste de erro do m\u00e9todo e \u00e0 an\u00e1lise estat\u00edstica (testet de Student) para verificar as diferen\u00e7as no comprimento radicular antes e ap\u00f3s o tratamento com o AEB.<\/p>\n<hr \/>\n<\/div>\n<h2 style=\"text-align: center;\"><span style=\"color: #666699;\"><a href=\"http:\/\/grupo.dentalpress.com.br\/reabsorcao-radicular-classe-ii\" target=\"_blank\" rel=\"noopener\"><span style=\"color: #666699;\">&gt;&gt;&gt; Baixe o artigo na \u00edntegra em ingl\u00eas aqui! &lt;&lt;&lt;<\/span><\/a><\/span><\/h2>\n","protected":false},"excerpt":{"rendered":"<p>Autores: V\u00e2nia C\u00e9lia Vieira de Siqueira, Gustavo Hauber Gameiro, Maria Beatriz Borges Ara\u00fajo Magnani, Meire Alves de Sousa, Ana Zilda Nazar Bergamo de Carvalho. Objetivo: o presente estudo verificou o efeito do uso do aparelho extrabucal (AEB) sobre a intensidade da reabsor\u00e7\u00e3o radicular apical nos primeiros molares permanentes superiores submetidos \u00e0 a\u00e7\u00e3o do aparelho. M\u00e9todos:<\/p>\n","protected":false},"author":20,"featured_media":18723,"comment_status":"open","ping_status":"closed","sticky":false,"template":"","format":"standard","meta":{"footnotes":""},"categories":[],"tags":[],"class_list":["post-18721","post","type-post","status-publish","format-standard","has-post-thumbnail"],"aioseo_notices":[],"amp_enabled":true,"_links":{"self":[{"href":"https:\/\/dentalpress.com.br\/portal\/wp-json\/wp\/v2\/posts\/18721","targetHints":{"allow":["GET"]}}],"collection":[{"href":"https:\/\/dentalpress.com.br\/portal\/wp-json\/wp\/v2\/posts"}],"about":[{"href":"https:\/\/dentalpress.com.br\/portal\/wp-json\/wp\/v2\/types\/post"}],"author":[{"embeddable":true,"href":"https:\/\/dentalpress.com.br\/portal\/wp-json\/wp\/v2\/users\/20"}],"replies":[{"embeddable":true,"href":"https:\/\/dentalpress.com.br\/portal\/wp-json\/wp\/v2\/comments?post=18721"}],"version-history":[{"count":0,"href":"https:\/\/dentalpress.com.br\/portal\/wp-json\/wp\/v2\/posts\/18721\/revisions"}],"wp:featuredmedia":[{"embeddable":true,"href":"https:\/\/dentalpress.com.br\/portal\/wp-json\/wp\/v2\/media\/18723"}],"wp:attachment":[{"href":"https:\/\/dentalpress.com.br\/portal\/wp-json\/wp\/v2\/media?parent=18721"}],"wp:term":[{"taxonomy":"category","embeddable":true,"href":"https:\/\/dentalpress.com.br\/portal\/wp-json\/wp\/v2\/categories?post=18721"},{"taxonomy":"post_tag","embeddable":true,"href":"https:\/\/dentalpress.com.br\/portal\/wp-json\/wp\/v2\/tags?post=18721"}],"curies":[{"name":"wp","href":"https:\/\/api.w.org\/{rel}","templated":true}]}}