{"id":18717,"date":"2017-09-08T10:08:32","date_gmt":"2017-09-08T13:08:32","guid":{"rendered":"https:\/\/www.dentalpress.com.br\/portal\/?p=18717"},"modified":"2017-09-08T13:50:58","modified_gmt":"2017-09-08T16:50:58","slug":"morfologia-do-terco-apical-da-raiz","status":"publish","type":"post","link":"https:\/\/dentalpress.com.br\/portal\/morfologia-do-terco-apical-da-raiz\/","title":{"rendered":"Morfologia do ter\u00e7o apical da raiz e dos canais de dentes com hipercementose"},"content":{"rendered":"<div style=\"text-align: justify;\"><strong>Autores: Liliana Aparecida Pimenta de Barros, Beth\u00e2nia Camargo Pinheiro, Rog\u00e9rio Albuquerque Azeredo, Alberto Consolaro, Tiago Novaes Pinheiro.<\/strong><\/div>\n<div style=\"text-align: justify;\">\n<p><a href=\"https:\/\/dentalpress.com.br\/portal\/wp-content\/uploads\/2017\/06\/morfologia.png\"><img fetchpriority=\"high\" decoding=\"async\" class=\"aligncenter wp-image-18718 \" src=\"https:\/\/dentalpress.com.br\/portal\/wp-content\/uploads\/2017\/06\/morfologia.png\" alt=\"\" width=\"607\" height=\"564\" srcset=\"\/wp-content\/uploads\/2017\/06\/morfologia.png 906w, \/wp-content\/uploads\/2017\/06\/morfologia-300x279.png 300w, \/wp-content\/uploads\/2017\/06\/morfologia-768x715.png 768w, \/wp-content\/uploads\/2017\/06\/morfologia-585x544.png 585w\" sizes=\"(max-width: 607px) 100vw, 607px\" \/><\/a><span style=\"text-align: justify;\">Objetivo: <\/span><span style=\"text-align: justify;\">esse estudo tem o objeti<\/span><span style=\"text-align: justify;\">vo de estudar a influ\u00eancia <\/span><span style=\"text-align: justify;\">da hipercementose na morfologia radicular e dos canais radi<\/span><span style=\"text-align: justify;\">culares, utilizando diferentes m\u00e9todos de observa\u00e7\u00e3o: diafani<\/span><span style=\"text-align: justify;\">za\u00e7\u00e3o, radiogr\u00e1fico, estereomicroscopia e microscopia \u00f3ptica. <\/span><span style=\"text-align: justify;\">m<\/span><span style=\"text-align: justify;\">\u00e9todos: <\/span><span style=\"text-align: justify;\">foram selecionados 130 <a href=\"https:\/\/dentalpress.com.br\/portal\/curso-de-aperfeicoamento-em-cirurgia-de-dentes-retidos\/\">dentes<\/a> para avalia\u00e7\u00e3o <\/span><span style=\"text-align: justify;\">morfol\u00f3gica comparativa. Entre esses, 60 dentes com hiper<\/span><span style=\"text-align: justify;\">cementose e 30 sem foram selecionados para avalia\u00e7\u00e3o pela <\/span><span style=\"text-align: justify;\">t\u00e9cnica de diafaniza\u00e7\u00e3o. A avalia\u00e7\u00e3o foi baseada em aspectos <\/span><span style=\"text-align: justify;\">como tipo de hipercementose, n\u00famero de canais radiculares e <\/span><span style=\"text-align: justify;\">configura\u00e7\u00e3o, superf\u00edcie radicular e presen\u00e7a de forame apical <\/span><span style=\"text-align: justify;\"><span style=\"text-align: justify;\">e de deltas apicais.\u00a0<\/span><\/span><\/p>\n<hr \/>\n<\/div>\n<h2 style=\"text-align: center;\"><a href=\"http:\/\/grupo.dentalpress.com.br\/morfologia-do-terco-apical-da-raiz\" target=\"_blank\" rel=\"noopener\"><span style=\"color: #666699;\">&gt;&gt;&gt; Baixe o artigo na \u00edntegra aqui! &lt;&lt;&lt;<\/span><\/a><\/h2>\n<div><\/div>\n","protected":false},"excerpt":{"rendered":"<p>Autores: Liliana Aparecida Pimenta de Barros, Beth\u00e2nia Camargo Pinheiro, Rog\u00e9rio Albuquerque Azeredo, Alberto Consolaro, Tiago Novaes Pinheiro. Objetivo: esse estudo tem o objetivo de estudar a influ\u00eancia da hipercementose na morfologia radicular e dos canais radiculares, utilizando diferentes m\u00e9todos de observa\u00e7\u00e3o: diafaniza\u00e7\u00e3o, radiogr\u00e1fico, estereomicroscopia e microscopia \u00f3ptica. m\u00e9todos: foram selecionados 130 dentes para avalia\u00e7\u00e3o morfol\u00f3gica<\/p>\n","protected":false},"author":20,"featured_media":18718,"comment_status":"open","ping_status":"closed","sticky":false,"template":"","format":"standard","meta":{"footnotes":""},"categories":[],"tags":[],"class_list":["post-18717","post","type-post","status-publish","format-standard","has-post-thumbnail"],"aioseo_notices":[],"amp_enabled":true,"_links":{"self":[{"href":"https:\/\/dentalpress.com.br\/portal\/wp-json\/wp\/v2\/posts\/18717","targetHints":{"allow":["GET"]}}],"collection":[{"href":"https:\/\/dentalpress.com.br\/portal\/wp-json\/wp\/v2\/posts"}],"about":[{"href":"https:\/\/dentalpress.com.br\/portal\/wp-json\/wp\/v2\/types\/post"}],"author":[{"embeddable":true,"href":"https:\/\/dentalpress.com.br\/portal\/wp-json\/wp\/v2\/users\/20"}],"replies":[{"embeddable":true,"href":"https:\/\/dentalpress.com.br\/portal\/wp-json\/wp\/v2\/comments?post=18717"}],"version-history":[{"count":0,"href":"https:\/\/dentalpress.com.br\/portal\/wp-json\/wp\/v2\/posts\/18717\/revisions"}],"wp:featuredmedia":[{"embeddable":true,"href":"https:\/\/dentalpress.com.br\/portal\/wp-json\/wp\/v2\/media\/18718"}],"wp:attachment":[{"href":"https:\/\/dentalpress.com.br\/portal\/wp-json\/wp\/v2\/media?parent=18717"}],"wp:term":[{"taxonomy":"category","embeddable":true,"href":"https:\/\/dentalpress.com.br\/portal\/wp-json\/wp\/v2\/categories?post=18717"},{"taxonomy":"post_tag","embeddable":true,"href":"https:\/\/dentalpress.com.br\/portal\/wp-json\/wp\/v2\/tags?post=18717"}],"curies":[{"name":"wp","href":"https:\/\/api.w.org\/{rel}","templated":true}]}}