{"id":18659,"date":"2017-06-13T11:56:25","date_gmt":"2017-06-13T14:56:25","guid":{"rendered":"https:\/\/www.dentalpress.com.br\/portal\/?p=18659"},"modified":"2017-09-08T13:56:37","modified_gmt":"2017-09-08T16:56:37","slug":"calcificacao-dentaria-e-maturacao-esqueletica","status":"publish","type":"post","link":"https:\/\/dentalpress.com.br\/portal\/calcificacao-dentaria-e-maturacao-esqueletica\/","title":{"rendered":"Estudo sugere correla\u00e7\u00e3o entre calcifica\u00e7\u00e3o dent\u00e1ria e matura\u00e7\u00e3o esquel\u00e9tica"},"content":{"rendered":"<p style=\"text-align: justify;\">Pesquisadores da <em>Universidad Privada Antenor Orrego <\/em>(Trujillo, Peru) sugerem em um recente estudo que existe uma correla\u00e7\u00e3o\u00a0positiva entre os est\u00e1gios de calcifica\u00e7\u00e3o dent\u00e1ria e os est\u00e1gios de matura\u00e7\u00e3o esquel\u00e9tica.<\/p>\n<p><a href=\"https:\/\/dentalpress.com.br\/portal\/wp-content\/uploads\/2017\/06\/indice-carpal-e1497365237558.jpg\"><img fetchpriority=\"high\" decoding=\"async\" class=\"aligncenter wp-image-18669 \" src=\"https:\/\/dentalpress.com.br\/portal\/wp-content\/uploads\/2017\/06\/indice-carpal-e1497365237558-1024x956.jpg\" alt=\"\" width=\"575\" height=\"537\" srcset=\"\/wp-content\/uploads\/2017\/06\/indice-carpal-e1497365237558-1024x956.jpg 1024w, \/wp-content\/uploads\/2017\/06\/indice-carpal-e1497365237558-300x280.jpg 300w, \/wp-content\/uploads\/2017\/06\/indice-carpal-e1497365237558-768x717.jpg 768w, \/wp-content\/uploads\/2017\/06\/indice-carpal-e1497365237558-1170x1093.jpg 1170w, \/wp-content\/uploads\/2017\/06\/indice-carpal-e1497365237558-585x546.jpg 585w\" sizes=\"(max-width: 575px) 100vw, 575px\" \/><\/a><\/p>\n<p style=\"text-align: justify;\">Uma efic\u00e1cia m\u00e1xima no uso de aparelhos fixos ou ortop\u00e9dicos tem sido associada com o est\u00e1gio de matura\u00e7\u00e3o esquel\u00e9tica. Os parelhos funcionais t\u00eam se mostrado mais eficientes quando usados durante o pico de crescimento da mand\u00edbula, em vez de antes dele. Com essa finalidade, a matura\u00e7\u00e3o esquel\u00e9tica tem sido avaliada, tipicamente por meio de radiografias de m\u00e3o e punho; radiografias cefalom\u00e9tricas laterais; ou, mais recentemente, radiografias panor\u00e2micas, para analisar a calcifica\u00e7\u00e3o de <a href=\"https:\/\/dentalpress.com.br\/portal\/curso-de-aperfeicoamento-em-cirurgia-de-dentes-retidos\/\">dentes<\/a> espec\u00edficos.<\/p>\n<p style=\"text-align: justify;\">O estudo, intitulado &#8220;Correla\u00e7\u00e3o entre calcifica\u00e7\u00e3o dent\u00e1ria e matura\u00e7\u00e3o esquel\u00e9tica, em uma amostra peruana&#8221; e publicado na revista <em>Dental Press Journal of Orthodontics<\/em> (volume 22, n\u00famero 3), teve como objetivo determinar esta correla\u00e7\u00e3o entre a calcifica\u00e7\u00e3o dent\u00e1ria e a matura\u00e7\u00e3o esquel\u00e9tica, em uma amostra peruana.<\/p>\n<h2>Como foi realizada a pesquisa?<\/h2>\n<p style=\"text-align: justify;\">Foram avaliadas radiografias panor\u00e2micas, cefalom\u00e9tricas e carpais de 78 pacientes (34 meninas e 44 meninos) com idades entre 7 e 17 anos (m\u00e9dia = 9,90\u00b12,5 anos). Nelas, avaliaram-se os est\u00e1gios de calcifica\u00e7\u00e3o dent\u00e1ria (canino, primeiro pr\u00e9-molar, segundo pr\u00e9-molar e segundo molar inferiores) e de matura\u00e7\u00e3o esquel\u00e9tica, pelas avalia\u00e7\u00f5es radiogr\u00e1ficas da m\u00e3o e punho e das v\u00e9rtebras cervicais. As correla\u00e7\u00f5es entre esses est\u00e1gios foram avaliadas usando-se o coeficiente de correla\u00e7\u00e3o de Spearman. Adicionalmente, a associa\u00e7\u00e3o entre os est\u00e1gios em que ocorreram os picos de crescimento mandibular e de crescimento puberal e o grau de calcifica\u00e7\u00e3o dent\u00e1ria foi avaliada pelo teste exato de Fisher.<\/p>\n<p style=\"text-align: justify;\">Todos os dentes demonstraram correla\u00e7\u00f5es positivas e estatisticamente significativas. A correla\u00e7\u00e3o mais elevada foi verificada entre o est\u00e1gio de calcifica\u00e7\u00e3o do segundo molar inferior e o est\u00e1gio de matura\u00e7\u00e3o esquel\u00e9tica da m\u00e3o e do punho (r = 0,758, p &lt; 0,001) e o est\u00e1gio de matura\u00e7\u00e3o das v\u00e9rtebras cervicais (r = 0,605, p &lt; 0,001). O surto de crescimento puberal foi identificado no est\u00e1gio G de calcifica\u00e7\u00e3o do segundo molar inferior, e o pico de crescimento mandibular foi detectado no est\u00e1gio F de calcifica\u00e7\u00e3o do segundo molar.<\/p>\n<h2>Quais foram os resultados?<\/h2>\n<p style=\"text-align: justify;\">A conclus\u00e3o foi que, na amostra estudada, houve uma correla\u00e7\u00e3o positiva entre os est\u00e1gios de calcifica\u00e7\u00e3o dent\u00e1ria e os est\u00e1gios de matura\u00e7\u00e3o esquel\u00e9tica avaliada nas radiografias de m\u00e3o e punho e das v\u00e9rtebras cervicais. Os est\u00e1gios de calcifica\u00e7\u00e3o dent\u00e1ria do segundo molar inferior demonstraram a mais alta correla\u00e7\u00e3o positiva com os est\u00e1gios de matura\u00e7\u00e3o da m\u00e3o e punho e das v\u00e9rtebras cervicais.<\/p>\n<hr \/>\n<p style=\"text-align: justify;\"><strong>Gostou desta pesquisa?<\/strong> Confira o texto na \u00edntegra e mais estudos na \u00e1rea de <a href=\"https:\/\/dentalpress.com.br\/portal\/excelencia-em-ortodontia-2\/\">Ortodontia<\/a> adquirindo a revista\u00a0<strong><em>Dental Press Journal of Orthodontics<\/em><\/strong>, revista oficial da ABOR \u2013 Associa\u00e7\u00e3o Brasileira de Ortodontia e Ortopedia Facial. <span style=\"color: #666699;\"><strong><a href=\"https:\/\/loja.dentalpress.com.br\/revistas\/revista-dental-press-journal-of-orthodontics-em-portugues.html\" target=\"_blank\" rel=\"noopener noreferrer\">Saiba mais aqui!<\/a><\/strong><\/span><a href=\"https:\/\/loja.dentalpress.com.br\/revistas\/revista-dental-press-journal-of-orthodontics-em-portugues.html\" target=\"_blank\" rel=\"noopener\"><img decoding=\"async\" class=\"aligncenter wp-image-18576 \" src=\"https:\/\/dentalpress.com.br\/portal\/wp-content\/uploads\/2017\/06\/Rev-DPJO-V22N2-newsletter.png\" alt=\"\" width=\"626\" height=\"194\" srcset=\"\/wp-content\/uploads\/2017\/06\/Rev-DPJO-V22N2-newsletter.png 774w, \/wp-content\/uploads\/2017\/06\/Rev-DPJO-V22N2-newsletter-300x93.png 300w, \/wp-content\/uploads\/2017\/06\/Rev-DPJO-V22N2-newsletter-768x238.png 768w, \/wp-content\/uploads\/2017\/06\/Rev-DPJO-V22N2-newsletter-585x181.png 585w\" sizes=\"(max-width: 626px) 100vw, 626px\" \/><\/a><\/p>\n","protected":false},"excerpt":{"rendered":"<p>Pesquisadores da Universidad Privada Antenor Orrego (Trujillo, Peru) sugerem em um recente estudo que existe uma correla\u00e7\u00e3o\u00a0positiva entre os est\u00e1gios de calcifica\u00e7\u00e3o dent\u00e1ria e os est\u00e1gios de matura\u00e7\u00e3o esquel\u00e9tica. Uma efic\u00e1cia m\u00e1xima no uso de aparelhos fixos ou ortop\u00e9dicos tem sido associada com o est\u00e1gio de matura\u00e7\u00e3o esquel\u00e9tica. Os parelhos funcionais t\u00eam se mostrado mais<\/p>\n","protected":false},"author":20,"featured_media":18669,"comment_status":"open","ping_status":"closed","sticky":false,"template":"","format":"standard","meta":{"footnotes":""},"categories":[],"tags":[],"class_list":["post-18659","post","type-post","status-publish","format-standard","has-post-thumbnail"],"aioseo_notices":[],"amp_enabled":true,"_links":{"self":[{"href":"https:\/\/dentalpress.com.br\/portal\/wp-json\/wp\/v2\/posts\/18659","targetHints":{"allow":["GET"]}}],"collection":[{"href":"https:\/\/dentalpress.com.br\/portal\/wp-json\/wp\/v2\/posts"}],"about":[{"href":"https:\/\/dentalpress.com.br\/portal\/wp-json\/wp\/v2\/types\/post"}],"author":[{"embeddable":true,"href":"https:\/\/dentalpress.com.br\/portal\/wp-json\/wp\/v2\/users\/20"}],"replies":[{"embeddable":true,"href":"https:\/\/dentalpress.com.br\/portal\/wp-json\/wp\/v2\/comments?post=18659"}],"version-history":[{"count":0,"href":"https:\/\/dentalpress.com.br\/portal\/wp-json\/wp\/v2\/posts\/18659\/revisions"}],"wp:featuredmedia":[{"embeddable":true,"href":"https:\/\/dentalpress.com.br\/portal\/wp-json\/wp\/v2\/media\/18669"}],"wp:attachment":[{"href":"https:\/\/dentalpress.com.br\/portal\/wp-json\/wp\/v2\/media?parent=18659"}],"wp:term":[{"taxonomy":"category","embeddable":true,"href":"https:\/\/dentalpress.com.br\/portal\/wp-json\/wp\/v2\/categories?post=18659"},{"taxonomy":"post_tag","embeddable":true,"href":"https:\/\/dentalpress.com.br\/portal\/wp-json\/wp\/v2\/tags?post=18659"}],"curies":[{"name":"wp","href":"https:\/\/api.w.org\/{rel}","templated":true}]}}