{"id":18651,"date":"2017-06-12T09:00:02","date_gmt":"2017-06-12T12:00:02","guid":{"rendered":"https:\/\/www.dentalpress.com.br\/portal\/?p=18651"},"modified":"2017-06-12T10:53:51","modified_gmt":"2017-06-12T13:53:51","slug":"ortodontia-avancada-inicia-3o-modulo","status":"publish","type":"post","link":"https:\/\/dentalpress.com.br\/portal\/ortodontia-avancada-inicia-3o-modulo\/","title":{"rendered":"Ortodontia Avan\u00e7ada inicia 3\u00ba m\u00f3dulo"},"content":{"rendered":"<p style=\"text-align: justify;\">Nesta segunda-feira (12), teve in\u00edcio o 3\u00ba m\u00f3dulo do <a href=\"https:\/\/dentalpress.com.br\/portal\/como-inserir-lasers-de-baixa-e-alta-potencia-na-rotina-clinica\/\">Curso<\/a> de <a href=\"https:\/\/dentalpress.com.br\/portal\/excelencia-em-ortodontia-2\/\">Ortodontia<\/a> Avan\u00e7ada. Hoje quem comanda as aulas \u00e9 o professor Dr. Laurindo Furquim, falando sobre\u00a0<span style=\"font-weight: 400;\">Planejamento de Casos Cl\u00ednicos e\u00a0<\/span>Remo\u00e7\u00e3o do Aparelho Est\u00e9tico.<\/p>\n<figure id=\"attachment_18654\" aria-describedby=\"caption-attachment-18654\" style=\"width: 675px\" class=\"wp-caption aligncenter\"><a href=\"https:\/\/dentalpress.com.br\/portal\/wp-content\/uploads\/2017\/06\/ortodontia.png\"><img fetchpriority=\"high\" decoding=\"async\" class=\"wp-image-18654 \" src=\"https:\/\/dentalpress.com.br\/portal\/wp-content\/uploads\/2017\/06\/ortodontia-1024x681.png\" alt=\"\" width=\"675\" height=\"449\" srcset=\"\/wp-content\/uploads\/2017\/06\/ortodontia-1024x681.png 1024w, \/wp-content\/uploads\/2017\/06\/ortodontia-300x200.png 300w, \/wp-content\/uploads\/2017\/06\/ortodontia-768x511.png 768w, \/wp-content\/uploads\/2017\/06\/ortodontia-585x389.png 585w, \/wp-content\/uploads\/2017\/06\/ortodontia.png 1040w\" sizes=\"(max-width: 675px) 100vw, 675px\" \/><\/a><figcaption id=\"caption-attachment-18654\" class=\"wp-caption-text\">Dr. Laurindo Furquim no terceiro m\u00f3dulo do Ortodontia Avan\u00e7ada (Foto: Giulia Cordeiro\/ Dental Press)<\/figcaption><\/figure>\n<p>As aulas se estendem at\u00e9 quarta-feira (14), e contam com o professor Dr. Bruno Furquim e o professor convidado Dr. Eduardo Sant&#8217;Ana.<\/p>\n<p>&nbsp;<\/p>\n","protected":false},"excerpt":{"rendered":"<p>Nesta segunda-feira (12), teve in\u00edcio o 3\u00ba m\u00f3dulo do Curso de Ortodontia Avan\u00e7ada. Hoje quem comanda as aulas \u00e9 o professor Dr. Laurindo Furquim, falando sobre\u00a0Planejamento de Casos Cl\u00ednicos e\u00a0Remo\u00e7\u00e3o do Aparelho Est\u00e9tico. As aulas se estendem at\u00e9 quarta-feira (14), e contam com o professor Dr. Bruno Furquim e o professor convidado Dr. Eduardo Sant&#8217;Ana.<\/p>\n","protected":false},"author":20,"featured_media":18654,"comment_status":"open","ping_status":"closed","sticky":false,"template":"","format":"standard","meta":{"footnotes":""},"categories":[],"tags":[],"class_list":["post-18651","post","type-post","status-publish","format-standard","has-post-thumbnail"],"aioseo_notices":[],"amp_enabled":true,"_links":{"self":[{"href":"https:\/\/dentalpress.com.br\/portal\/wp-json\/wp\/v2\/posts\/18651","targetHints":{"allow":["GET"]}}],"collection":[{"href":"https:\/\/dentalpress.com.br\/portal\/wp-json\/wp\/v2\/posts"}],"about":[{"href":"https:\/\/dentalpress.com.br\/portal\/wp-json\/wp\/v2\/types\/post"}],"author":[{"embeddable":true,"href":"https:\/\/dentalpress.com.br\/portal\/wp-json\/wp\/v2\/users\/20"}],"replies":[{"embeddable":true,"href":"https:\/\/dentalpress.com.br\/portal\/wp-json\/wp\/v2\/comments?post=18651"}],"version-history":[{"count":0,"href":"https:\/\/dentalpress.com.br\/portal\/wp-json\/wp\/v2\/posts\/18651\/revisions"}],"wp:featuredmedia":[{"embeddable":true,"href":"https:\/\/dentalpress.com.br\/portal\/wp-json\/wp\/v2\/media\/18654"}],"wp:attachment":[{"href":"https:\/\/dentalpress.com.br\/portal\/wp-json\/wp\/v2\/media?parent=18651"}],"wp:term":[{"taxonomy":"category","embeddable":true,"href":"https:\/\/dentalpress.com.br\/portal\/wp-json\/wp\/v2\/categories?post=18651"},{"taxonomy":"post_tag","embeddable":true,"href":"https:\/\/dentalpress.com.br\/portal\/wp-json\/wp\/v2\/tags?post=18651"}],"curies":[{"name":"wp","href":"https:\/\/api.w.org\/{rel}","templated":true}]}}