{"id":18627,"date":"2017-06-09T15:51:06","date_gmt":"2017-06-09T18:51:06","guid":{"rendered":"https:\/\/www.dentalpress.com.br\/portal\/?p=18627"},"modified":"2017-06-09T16:15:49","modified_gmt":"2017-06-09T19:15:49","slug":"mordida-aberta-anterior-fase-de-dentadura-permanente","status":"publish","type":"post","link":"https:\/\/dentalpress.com.br\/portal\/mordida-aberta-anterior-fase-de-dentadura-permanente\/","title":{"rendered":"Tratamento da mordida aberta anterior, na fase de dentadura permanente, sem e com extra\u00e7\u00f5es"},"content":{"rendered":"<div><\/div>\n<p style=\"text-align: justify;\"><strong>Autor:\u00a0Guilherme Janson<\/strong><\/p>\n<p style=\"text-align: justify;\"><a href=\"http:\/\/grupo.dentalpress.com.br\/mordida-aberta-com-e-sem-extracoes\" target=\"_blank\" rel=\"noopener noreferrer\"><img fetchpriority=\"high\" decoding=\"async\" class=\"aligncenter wp-image-18630 \" src=\"https:\/\/dentalpress.com.br\/portal\/wp-content\/uploads\/2017\/06\/mordida-aberta-1-1024x649.jpg\" alt=\"\" width=\"702\" height=\"445\" srcset=\"\/wp-content\/uploads\/2017\/06\/mordida-aberta-1-1024x649.jpg 1024w, \/wp-content\/uploads\/2017\/06\/mordida-aberta-1-300x190.jpg 300w, \/wp-content\/uploads\/2017\/06\/mordida-aberta-1-768x487.jpg 768w, \/wp-content\/uploads\/2017\/06\/mordida-aberta-1-585x371.jpg 585w, \/wp-content\/uploads\/2017\/06\/mordida-aberta-1.jpg 1062w\" sizes=\"(max-width: 702px) 100vw, 702px\" \/><\/a><\/p>\n<p style=\"text-align: justify;\">O\u00a0objetivo desse artigo \u00e9 descrever as diferentes abordagens de tratamento ortod\u00f4ntico; apresentar as caracter\u00edsticas das mordidas abertas pass\u00edveis de responder favoravelmente ao tratamento ortod\u00f4ntico sem e com extra\u00e7\u00f5es, cirurgicamente e com ajuste oclusal; e discutir a estabilidade do tratamento realizado nessa fase. Algumas abordagens de tratamento ortod\u00f4ntico ser\u00e3o ilustradas com a apresenta\u00e7\u00e3o de casos cl\u00ednicos.<\/p>\n<h2 style=\"text-align: center;\"><a href=\"http:\/\/grupo.dentalpress.com.br\/mordida-aberta-com-e-sem-extracoes\" target=\"_blank\" rel=\"noopener noreferrer\"><span style=\"color: #666699;\">&gt;&gt;&gt; Baixe o artigo na \u00edntegra em ingl\u00eas aqui! &lt;&lt;&lt;<\/span><\/a><\/h2>\n","protected":false},"excerpt":{"rendered":"<p>Autor:\u00a0Guilherme Janson O\u00a0objetivo desse artigo \u00e9 descrever as diferentes abordagens de tratamento ortod\u00f4ntico; apresentar as caracter\u00edsticas das mordidas abertas pass\u00edveis de responder favoravelmente ao tratamento ortod\u00f4ntico sem e com extra\u00e7\u00f5es, cirurgicamente e com ajuste oclusal; e discutir a estabilidade do tratamento realizado nessa fase. Algumas abordagens de tratamento ortod\u00f4ntico ser\u00e3o ilustradas com a apresenta\u00e7\u00e3o de<\/p>\n","protected":false},"author":20,"featured_media":18628,"comment_status":"open","ping_status":"closed","sticky":false,"template":"","format":"standard","meta":{"footnotes":""},"categories":[],"tags":[],"class_list":["post-18627","post","type-post","status-publish","format-standard","has-post-thumbnail"],"aioseo_notices":[],"amp_enabled":true,"_links":{"self":[{"href":"https:\/\/dentalpress.com.br\/portal\/wp-json\/wp\/v2\/posts\/18627","targetHints":{"allow":["GET"]}}],"collection":[{"href":"https:\/\/dentalpress.com.br\/portal\/wp-json\/wp\/v2\/posts"}],"about":[{"href":"https:\/\/dentalpress.com.br\/portal\/wp-json\/wp\/v2\/types\/post"}],"author":[{"embeddable":true,"href":"https:\/\/dentalpress.com.br\/portal\/wp-json\/wp\/v2\/users\/20"}],"replies":[{"embeddable":true,"href":"https:\/\/dentalpress.com.br\/portal\/wp-json\/wp\/v2\/comments?post=18627"}],"version-history":[{"count":0,"href":"https:\/\/dentalpress.com.br\/portal\/wp-json\/wp\/v2\/posts\/18627\/revisions"}],"wp:featuredmedia":[{"embeddable":true,"href":"https:\/\/dentalpress.com.br\/portal\/wp-json\/wp\/v2\/media\/18628"}],"wp:attachment":[{"href":"https:\/\/dentalpress.com.br\/portal\/wp-json\/wp\/v2\/media?parent=18627"}],"wp:term":[{"taxonomy":"category","embeddable":true,"href":"https:\/\/dentalpress.com.br\/portal\/wp-json\/wp\/v2\/categories?post=18627"},{"taxonomy":"post_tag","embeddable":true,"href":"https:\/\/dentalpress.com.br\/portal\/wp-json\/wp\/v2\/tags?post=18627"}],"curies":[{"name":"wp","href":"https:\/\/api.w.org\/{rel}","templated":true}]}}