{"id":18601,"date":"2017-06-08T12:37:37","date_gmt":"2017-06-08T15:37:37","guid":{"rendered":"https:\/\/www.dentalpress.com.br\/portal\/?p=18601"},"modified":"2017-06-08T13:41:35","modified_gmt":"2017-06-08T16:41:35","slug":"jonas-capelli-fala-sobre-classe-iii-no-excelencia-na-ortodontia","status":"publish","type":"post","link":"https:\/\/dentalpress.com.br\/portal\/jonas-capelli-fala-sobre-classe-iii-no-excelencia-na-ortodontia\/","title":{"rendered":"Dr. Jonas Capelli fala sobre Classe III no Excel\u00eancia na Ortodontia"},"content":{"rendered":"<p style=\"text-align: justify;\"><span style=\"font-weight: 400;\">Nesta quinta-feira (08) no 19\u00ba <a href=\"https:\/\/dentalpress.com.br\/portal\/como-inserir-lasers-de-baixa-e-alta-potencia-na-rotina-clinica\/\">Curso<\/a> de <a href=\"https:\/\/dentalpress.com.br\/portal\/excelencia-em-ortodontia-2\/\">Excel\u00eancia<\/a> na Ortodontia, quem assume o audit\u00f3rio \u00e9 o professor Dr. Jonas Capelli falando sobre &#8220;<\/span><span style=\"font-weight: 400;\">O planejamento do tratamento nas diferentes faixas et\u00e1rias dos pacientes Classe III&#8221;.<\/span><\/p>\n<figure id=\"attachment_18603\" aria-describedby=\"caption-attachment-18603\" style=\"width: 765px\" class=\"wp-caption aligncenter\"><a href=\"https:\/\/dentalpress.com.br\/portal\/wp-content\/uploads\/2017\/06\/capelli-1.png\"><img fetchpriority=\"high\" decoding=\"async\" class=\"wp-image-18603 \" src=\"https:\/\/dentalpress.com.br\/portal\/wp-content\/uploads\/2017\/06\/capelli-1-1024x686.png\" alt=\"\" width=\"765\" height=\"512\" srcset=\"\/wp-content\/uploads\/2017\/06\/capelli-1-1024x686.png 1024w, \/wp-content\/uploads\/2017\/06\/capelli-1-300x201.png 300w, \/wp-content\/uploads\/2017\/06\/capelli-1-768x514.png 768w, \/wp-content\/uploads\/2017\/06\/capelli-1-1170x783.png 1170w, \/wp-content\/uploads\/2017\/06\/capelli-1-585x392.png 585w, \/wp-content\/uploads\/2017\/06\/capelli-1.png 1295w\" sizes=\"(max-width: 765px) 100vw, 765px\" \/><\/a><figcaption id=\"caption-attachment-18603\" class=\"wp-caption-text\">Dr. Jonas Capelli no 19\u00ba Excel\u00eancia na Ortodontia (Foto: Giulia Cordeiro\/ Dental Press)<\/figcaption><\/figure>\n<p style=\"text-align: justify;\">Ainda nesta tarde, o professor Dr.\u00a0<span style=\"font-weight: 400;\">Guilherme Janson fala sobre o tema de\u00a0Tratamento de casos assim\u00e9tricos.<\/span><\/p>\n<p style=\"text-align: justify;\">O professor Dr. Jonas Capelli \u00e9 doutor, livre docente e professor associado em Ortodontia pela UERJ, al\u00e9m de ser coordenador dos <a href=\"https:\/\/dentalpress.com.br\/portal\/especializacao-em-implantodontia-transforme-sua-carreira-com-precisao-e-seguranca\/\">cursos<\/a> de Doutorado e Especializa\u00e7\u00e3o da mesma universidade. \u00c9 diplomado pelo Board Brasileiro de Ortodontia e Ortopedia Facial, j\u00e1 recebeu o pr\u00eamio de Melhor Relato de Caso do Ano de 2007 publicado no AJO-DO e possui mais de 60 artigos publicados em revistas cient\u00edficas.<\/p>\n<p>Veja as fotos:<\/p>\n<p>[flickr_set id=&#8221;72157681784335404&#8243;]<\/p>\n<p>&nbsp;<\/p>\n<p>&nbsp;<\/p>\n<p>&nbsp;<\/p>\n","protected":false},"excerpt":{"rendered":"<p>Nesta quinta-feira (08) no 19\u00ba Curso de Excel\u00eancia na Ortodontia, quem assume o audit\u00f3rio \u00e9 o professor Dr. Jonas Capelli falando sobre &#8220;O planejamento do tratamento nas diferentes faixas et\u00e1rias dos pacientes Classe III&#8221;. Ainda nesta tarde, o professor Dr.\u00a0Guilherme Janson fala sobre o tema de\u00a0Tratamento de casos assim\u00e9tricos. O professor Dr. Jonas Capelli \u00e9<\/p>\n","protected":false},"author":20,"featured_media":18602,"comment_status":"open","ping_status":"closed","sticky":false,"template":"","format":"standard","meta":{"footnotes":""},"categories":[],"tags":[],"class_list":["post-18601","post","type-post","status-publish","format-standard","has-post-thumbnail"],"aioseo_notices":[],"amp_enabled":true,"_links":{"self":[{"href":"https:\/\/dentalpress.com.br\/portal\/wp-json\/wp\/v2\/posts\/18601","targetHints":{"allow":["GET"]}}],"collection":[{"href":"https:\/\/dentalpress.com.br\/portal\/wp-json\/wp\/v2\/posts"}],"about":[{"href":"https:\/\/dentalpress.com.br\/portal\/wp-json\/wp\/v2\/types\/post"}],"author":[{"embeddable":true,"href":"https:\/\/dentalpress.com.br\/portal\/wp-json\/wp\/v2\/users\/20"}],"replies":[{"embeddable":true,"href":"https:\/\/dentalpress.com.br\/portal\/wp-json\/wp\/v2\/comments?post=18601"}],"version-history":[{"count":0,"href":"https:\/\/dentalpress.com.br\/portal\/wp-json\/wp\/v2\/posts\/18601\/revisions"}],"wp:featuredmedia":[{"embeddable":true,"href":"https:\/\/dentalpress.com.br\/portal\/wp-json\/wp\/v2\/media\/18602"}],"wp:attachment":[{"href":"https:\/\/dentalpress.com.br\/portal\/wp-json\/wp\/v2\/media?parent=18601"}],"wp:term":[{"taxonomy":"category","embeddable":true,"href":"https:\/\/dentalpress.com.br\/portal\/wp-json\/wp\/v2\/categories?post=18601"},{"taxonomy":"post_tag","embeddable":true,"href":"https:\/\/dentalpress.com.br\/portal\/wp-json\/wp\/v2\/tags?post=18601"}],"curies":[{"name":"wp","href":"https:\/\/api.w.org\/{rel}","templated":true}]}}