{"id":18570,"date":"2017-06-06T13:36:16","date_gmt":"2017-06-06T16:36:16","guid":{"rendered":"https:\/\/www.dentalpress.com.br\/portal\/?p=18570"},"modified":"2017-06-06T13:50:52","modified_gmt":"2017-06-06T16:50:52","slug":"steven-j-lindauer-e-o-entrevistado-da-proxima-edicao-da-dpjo","status":"publish","type":"post","link":"https:\/\/dentalpress.com.br\/portal\/steven-j-lindauer-e-o-entrevistado-da-proxima-edicao-da-dpjo\/","title":{"rendered":"Steven J. Lindauer \u00e9 o entrevistado da proxima edi\u00e7\u00e3o da DPJO"},"content":{"rendered":"<p class=\"p1\" style=\"text-align: justify;\">Na pr\u00f3xima\u00a0edi\u00e7\u00e3o da revista\u00a0<em>Dental Press Journal of Orthodontics<\/em>\u00a0(volume 22, n\u00famero3), o entrevistado \u00e9 o\u00a0Editor-chefe da <em>The Angle Orthodontist<\/em>, o Dr.\u00a0Steven J. Lindauer. Publicada em Portugu\u00eas e Ingl\u00eas, a DPJO \u00e9 a revista oficial da Associa\u00e7\u00e3o Brasileira de <a href=\"https:\/\/dentalpress.com.br\/portal\/excelencia-em-ortodontia-2\/\">Ortodontia<\/a> e Ortopedia Facial (ABOR) e do Board Brasileiro de\u00a0Ortodontia e Ortopedia Facial (BBO), o principal peri\u00f3dico cient\u00edfico da especialidade na Am\u00e9rica Latina e em breve estar\u00e1 dispon\u00edvel para compra.<\/p>\n<p class=\"p1\" style=\"text-align: justify;\"><a href=\"https:\/\/dentalpress.com.br\/portal\/wp-content\/uploads\/2017\/06\/steven.png\"><img fetchpriority=\"high\" decoding=\"async\" class=\"aligncenter wp-image-18577 \" src=\"https:\/\/dentalpress.com.br\/portal\/wp-content\/uploads\/2017\/06\/steven-1024x731.png\" alt=\"\" width=\"640\" height=\"457\" srcset=\"\/wp-content\/uploads\/2017\/06\/steven-1024x731.png 1024w, \/wp-content\/uploads\/2017\/06\/steven-300x214.png 300w, \/wp-content\/uploads\/2017\/06\/steven-768x548.png 768w, \/wp-content\/uploads\/2017\/06\/steven-585x418.png 585w, \/wp-content\/uploads\/2017\/06\/steven.png 1041w\" sizes=\"(max-width: 640px) 100vw, 640px\" \/><\/a><\/p>\n<p class=\"p1\" style=\"text-align: justify;\">O Dr. Lindauer \u00e9 titular da cadeira Norbone Muir, Diretor do Departamento de Ortodontia da Faculdade de Odontologia da Virginia <em>Commonwealth University<\/em> (VCU), DMD, mestre em Ci\u00eancias Odontol\u00f3gicas e especialista em Ortodontia (1989) pela Faculdade de Odontologia da <em>University of Connecticut<\/em>, diplomado pelo <em>American Board of Orthodontics<\/em>, ex-presidente do <em>North Atlantic Chapter da Edward H. Angle Society of Orthodontists<\/em> e j\u00e1 publicou mais de 70 artigos de pesquisa cient\u00edfica e cap\u00edtulos de livros, al\u00e9m de ter palestrado extensivamente ao redor do mundo.<\/p>\n<p class=\"p1\" style=\"text-align: justify;\">Al\u00e9m da entrevista, a edi\u00e7\u00e3o conta com 5 se\u00e7\u00f5es e 8 artigos cient\u00edficos in\u00e9ditos. Confira:<\/p>\n<p class=\"p1\" style=\"text-align: justify;\"><a href=\"https:\/\/loja.dentalpress.com.br\/revistas\/revista-dental-press-journal-of-orthodontics-em-portugues.html\" target=\"_blank\" rel=\"noopener noreferrer\"><img decoding=\"async\" class=\"aligncenter wp-image-18579 \" src=\"https:\/\/dentalpress.com.br\/portal\/wp-content\/uploads\/2017\/06\/dpjo3.png\" alt=\"\" width=\"460\" height=\"593\" srcset=\"\/wp-content\/uploads\/2017\/06\/dpjo3.png 736w, \/wp-content\/uploads\/2017\/06\/dpjo3-233x300.png 233w, \/wp-content\/uploads\/2017\/06\/dpjo3-585x754.png 585w\" sizes=\"(max-width: 460px) 100vw, 460px\" \/><\/a><\/p>\n<h2 class=\"p1\" style=\"text-align: justify;\">Se\u00e7\u00f5es da DPJO<\/h2>\n<p class=\"p1\" style=\"text-align: justify;\">No\u00a0<strong>Editorial\u00a0<\/strong>desta edi\u00e7\u00e3o, os doutores David Normando e Guilherme Janson falam sobre o tema &#8220;A estabilidade do tratamento ortod\u00f4ntico e as extra\u00e7\u00f5es dent\u00e1rias&#8221;. Na se\u00e7\u00e3o <strong><em>Insight ortod\u00f4ntico\u00a0<\/em><\/strong>o Dr. Alberto Consolaro fala sobre Obesidade e tratamento: existe alguma rela\u00e7\u00e3o direta? No <strong>T\u00f3pico Especial,\u00a0<\/strong>o tema \u00e9 &#8220;Remanescentes epiteliais de Malassez: de restos celulares a c\u00e9lulas ativas na homeostase durante a movimenta\u00e7\u00e3o ortod\u00f4ntica&#8221;, de autoria das doutoras\u00a0Bianca Silva e Silva, Nathalia Carolina Fernandes Fagundes, B\u00e1rbara Catarina Lima Nogueira e doutores\u00a0Jos\u00e9 Valladares Neto, David Normando, e Rafael Rodrigues Lima. O\u00a0tema de &#8220;M\u00e1 oclus\u00e3o de Classe III de Angle com discrep\u00e2ncia anteroposterior e vertical, em fase final de crescimento&#8221; \u00e9 o assunto do<strong>\u00a0Caso Cl\u00ednico BBO<\/strong>, de autoria do Dr.\u00a0Marcelo B. P de Arruda. Ainda nas se\u00e7\u00f5es, temos o Dr. Matheus Melo Pithon falando sobre o tema de Destaques da literatura ortod\u00f4ntica mundial na\u00a0<strong><em>Orthodontics Highlights.<\/em><\/strong><\/p>\n<h2 class=\"p1\">Artigos originais<\/h2>\n<p class=\"p1\" style=\"text-align: justify;\"><strong>Necessidade normativa de tratamento ortod\u00f4ntico e percep\u00e7\u00e3o da necessidade desse tratamento entre adolescentes brasileiros<\/strong> por Ana Karla de Almeida Pinto Monteiro, Dmitry Jos\u00e9 de Santana Sarmento, T\u00e1ssia Cristina de Almeida Pinto-Sarmento, Michele Baffi Diniz, Ana Fl\u00e1via Granville-Garcia, Danilo Ant\u00f4nio Duarte;<\/p>\n<p class=\"p3\" style=\"text-align: justify;\"><strong>Resist\u00eancia \u00e0 fratura dos mini-implantes ortod\u00f4nticos<\/strong> por Tatiana Feres Assad-Loss, Fl\u00e1via Mitiko Fernandes Kitahara-C\u00e9ia, Giordani Santos Silveira, Carlos Nelson Elias, Jos\u00e9 Nelson Mucha;<\/p>\n<p class=\"p3\" style=\"text-align: justify;\"><strong>Altera\u00e7\u00f5es dentoalveolares espont\u00e2neas da arcada dent\u00e1ria inferior em curto e longo prazos ap\u00f3s expans\u00e3o r\u00e1pida ou lenta da maxila: uma revis\u00e3o sistem\u00e1tica<\/strong> por Arthur C\u00e9sar de Medeiros Alves, Olga Ben\u00e1rio Vieira Maranh\u00e3o, Guilherme Janson, Daniela Gamba Garib;<\/p>\n<p class=\"p3\" style=\"text-align: justify;\"><strong>Avalia\u00e7\u00e3o tridimensional do apinhamento dent\u00e1rio anteroinferior em modelos digitais<\/strong> por Luciana Quintanilha Pires Fernandes, Livia Kelly Ferraz Nunes, Luana Santos Alves, Felipe de Assis Carvalho Ribeiro, Jonas Capelli J\u00fanior;<\/p>\n<p class=\"p3\" style=\"text-align: justify;\"><strong>O principal objetivo da mastiga\u00e7\u00e3o \u00e9 atingido ap\u00f3s o tratamento ortod\u00f4ntico? Um estudo longitudinal prospectivo<\/strong>\u00a0por Gustavo Hauber Gameiro, Isabela Brand\u00e3o Magalh\u00e3es, Mariana Marcon Szymanski, Annicele Silva Andrade;<\/p>\n<p class=\"p3\" style=\"text-align: justify;\"><strong>Impacto da expans\u00e3o r\u00e1pida da maxila sobre o volume do complexo nasomaxilar de respiradores bucais<\/strong> por Mario Cappellette Jr., Fabio Eduardo Maiello Monteiro Alves, Lucia Hatsue Yamamoto Nagai, Reginaldo Raimundo Fujita, Shirley Shizue Nagata Pignatari;<\/p>\n<p class=\"p3\" style=\"text-align: justify;\"><strong>Rela\u00e7\u00e3o entre calcifica\u00e7\u00e3o dent\u00e1ria e matura\u00e7\u00e3o esquel\u00e9tica em uma amostra peruana<\/strong> por Roc\u00edo M. Lecca-Morales, Marcos J. Carruitero;<\/p>\n<p class=\"p3\" style=\"text-align: justify;\"><strong>Expans\u00e3o r\u00e1pida da maxila assistida por mini-implantes para o controle do per\u00edmetro da arcada dent\u00e1ria em paciente adulto\u00a0<\/strong>por Amanda Carneiro da Cunha, Hisun Lee, Lincoln Issamu Nojima, Matilde da Cunha Gon\u00e7alves Nojima, Kee-Joon Lee.<\/p>\n<hr \/>\n<p class=\"p3\" style=\"text-align: justify;\"><a href=\"https:\/\/loja.dentalpress.com.br\/revistas\/revista-dental-press-journal-of-orthodontics-em-portugues.html\" target=\"_blank\" rel=\"noopener noreferrer\"><img decoding=\"async\" class=\"aligncenter wp-image-18576 \" src=\"https:\/\/dentalpress.com.br\/portal\/wp-content\/uploads\/2017\/06\/Rev-DPJO-V22N2-newsletter.png\" alt=\"\" width=\"722\" height=\"224\" srcset=\"\/wp-content\/uploads\/2017\/06\/Rev-DPJO-V22N2-newsletter.png 774w, \/wp-content\/uploads\/2017\/06\/Rev-DPJO-V22N2-newsletter-300x93.png 300w, \/wp-content\/uploads\/2017\/06\/Rev-DPJO-V22N2-newsletter-768x238.png 768w, \/wp-content\/uploads\/2017\/06\/Rev-DPJO-V22N2-newsletter-585x181.png 585w\" sizes=\"(max-width: 722px) 100vw, 722px\" \/><\/a><\/p>\n","protected":false},"excerpt":{"rendered":"<p>Na pr\u00f3xima\u00a0edi\u00e7\u00e3o da revista\u00a0Dental Press Journal of Orthodontics\u00a0(volume 22, n\u00famero3), o entrevistado \u00e9 o\u00a0Editor-chefe da The Angle Orthodontist, o Dr.\u00a0Steven J. Lindauer. Publicada em Portugu\u00eas e Ingl\u00eas, a DPJO \u00e9 a revista oficial da Associa\u00e7\u00e3o Brasileira de Ortodontia e Ortopedia Facial (ABOR) e do Board Brasileiro de\u00a0Ortodontia e Ortopedia Facial (BBO), o principal peri\u00f3dico cient\u00edfico<\/p>\n","protected":false},"author":20,"featured_media":18577,"comment_status":"open","ping_status":"closed","sticky":false,"template":"","format":"standard","meta":{"footnotes":""},"categories":[],"tags":[],"class_list":["post-18570","post","type-post","status-publish","format-standard","has-post-thumbnail"],"aioseo_notices":[],"amp_enabled":true,"_links":{"self":[{"href":"https:\/\/dentalpress.com.br\/portal\/wp-json\/wp\/v2\/posts\/18570","targetHints":{"allow":["GET"]}}],"collection":[{"href":"https:\/\/dentalpress.com.br\/portal\/wp-json\/wp\/v2\/posts"}],"about":[{"href":"https:\/\/dentalpress.com.br\/portal\/wp-json\/wp\/v2\/types\/post"}],"author":[{"embeddable":true,"href":"https:\/\/dentalpress.com.br\/portal\/wp-json\/wp\/v2\/users\/20"}],"replies":[{"embeddable":true,"href":"https:\/\/dentalpress.com.br\/portal\/wp-json\/wp\/v2\/comments?post=18570"}],"version-history":[{"count":0,"href":"https:\/\/dentalpress.com.br\/portal\/wp-json\/wp\/v2\/posts\/18570\/revisions"}],"wp:featuredmedia":[{"embeddable":true,"href":"https:\/\/dentalpress.com.br\/portal\/wp-json\/wp\/v2\/media\/18577"}],"wp:attachment":[{"href":"https:\/\/dentalpress.com.br\/portal\/wp-json\/wp\/v2\/media?parent=18570"}],"wp:term":[{"taxonomy":"category","embeddable":true,"href":"https:\/\/dentalpress.com.br\/portal\/wp-json\/wp\/v2\/categories?post=18570"},{"taxonomy":"post_tag","embeddable":true,"href":"https:\/\/dentalpress.com.br\/portal\/wp-json\/wp\/v2\/tags?post=18570"}],"curies":[{"name":"wp","href":"https:\/\/api.w.org\/{rel}","templated":true}]}}