{"id":18521,"date":"2017-06-01T11:38:30","date_gmt":"2017-06-01T14:38:30","guid":{"rendered":"https:\/\/www.dentalpress.com.br\/portal\/?p=18521"},"modified":"2017-06-01T11:59:28","modified_gmt":"2017-06-01T14:59:28","slug":"ii-simposio-internacional-bucomaxilofacial","status":"publish","type":"post","link":"https:\/\/dentalpress.com.br\/portal\/ii-simposio-internacional-bucomaxilofacial\/","title":{"rendered":"II Simp\u00f3sio Internacional de Cirurgia e Traumatologia Bucomaxilofacial acontece na pr\u00f3xima semana"},"content":{"rendered":"<p style=\"text-align: justify;\">A cidade de S\u00e3o Paulo recebe na pr\u00f3xima semana, nos dias 9 e 10 de junho, o\u00a0II Simp\u00f3sio Internacional de <a href=\"https:\/\/dentalpress.com.br\/portal\/curso-de-aperfeicoamento-em-cirurgia-de-dentes-retidos\/\">Cirurgia<\/a> e Traumatologia Bucomaxilofacial.<\/p>\n<figure id=\"attachment_18523\" aria-describedby=\"caption-attachment-18523\" style=\"width: 689px\" class=\"wp-caption aligncenter\"><a href=\"https:\/\/dentalpress.com.br\/portal\/wp-content\/uploads\/2017\/06\/hospital.jpg\"><img fetchpriority=\"high\" decoding=\"async\" class=\"wp-image-18523 \" src=\"https:\/\/dentalpress.com.br\/portal\/wp-content\/uploads\/2017\/06\/hospital-1024x683.jpg\" alt=\"\" width=\"689\" height=\"459\" srcset=\"\/wp-content\/uploads\/2017\/06\/hospital-1024x683.jpg 1024w, \/wp-content\/uploads\/2017\/06\/hospital-300x200.jpg 300w, \/wp-content\/uploads\/2017\/06\/hospital-768x512.jpg 768w, \/wp-content\/uploads\/2017\/06\/hospital-1170x780.jpg 1170w, \/wp-content\/uploads\/2017\/06\/hospital-585x390.jpg 585w, \/wp-content\/uploads\/2017\/06\/hospital.jpg 1348w\" sizes=\"(max-width: 689px) 100vw, 689px\" \/><\/a><figcaption id=\"caption-attachment-18523\" class=\"wp-caption-text\">Hospital Alem\u00e3o Oswaldo Cruz (Fonte: Reprodu\u00e7\u00e3o)<\/figcaption><\/figure>\n<p style=\"text-align: justify;\">O evento, al\u00e9m de ser a sediado pelo\u00a0Hospital Alem\u00e3o Oswaldo Cruz, \u00e9 organizado\u00a0pelo Instituto de Educa\u00e7\u00e3o e Ci\u00eancias em Sa\u00fade (IECS) do mesmo hospital. A\u00a0programa\u00e7\u00e3o conta com palestras dos principais profissionais\u00a0das institui\u00e7\u00f5es de ensino brasileiras e um palestrante internacional, o\u00a0professor-associado do Departamento de Cirurgia Bucomaxilofacial da Universidade Estadual de Louisiana (EUA), \u00a0Dr. Celso Palmieri.<\/p>\n<p style=\"text-align: justify;\">De acordo com o\u00a0presidente do evento, Daniel Falbo Martins de Souza, a Comiss\u00e3o Organizadora est\u00e1 preparando uma programa\u00e7\u00e3o cient\u00edfica atual e em sintonia com as necessidades dos profissionais da \u00e1rea, visando discutir os avan\u00e7os cient\u00edficos em tratamentos, tecnologias, pesquisa e tend\u00eancias mundiais no rico cen\u00e1rio de todas as \u00e1reas da Cirurgia e Traumatologia Bucomaxilofaciais.<\/p>\n<h4 style=\"text-align: center;\"><span style=\"color: #666699;\"><a style=\"color: #666699;\" href=\"http:\/\/simposiobmf.com.br.\/\" target=\"_blank\" rel=\"noopener noreferrer\">Para mais informa\u00e7\u00f5es e inscri\u00e7\u00f5es, clique aqui!<\/a><\/span><\/h4>\n<p style=\"text-align: justify;\"><a href=\"http:\/\/simposiobmf.com.br.\/\" target=\"_blank\" rel=\"noopener noreferrer\"><img decoding=\"async\" class=\"aligncenter wp-image-18522 \" src=\"https:\/\/dentalpress.com.br\/portal\/wp-content\/uploads\/2017\/06\/simposio-bucomaxilo-1024x498.png\" alt=\"\" width=\"714\" height=\"347\" srcset=\"\/wp-content\/uploads\/2017\/06\/simposio-bucomaxilo-1024x498.png 1024w, \/wp-content\/uploads\/2017\/06\/simposio-bucomaxilo-300x146.png 300w, \/wp-content\/uploads\/2017\/06\/simposio-bucomaxilo-768x373.png 768w, \/wp-content\/uploads\/2017\/06\/simposio-bucomaxilo-585x284.png 585w, \/wp-content\/uploads\/2017\/06\/simposio-bucomaxilo.png 1049w\" sizes=\"(max-width: 714px) 100vw, 714px\" \/><\/a><\/p>\n","protected":false},"excerpt":{"rendered":"<p>A cidade de S\u00e3o Paulo recebe na pr\u00f3xima semana, nos dias 9 e 10 de junho, o\u00a0II Simp\u00f3sio Internacional de Cirurgia e Traumatologia Bucomaxilofacial. O evento, al\u00e9m de ser a sediado pelo\u00a0Hospital Alem\u00e3o Oswaldo Cruz, \u00e9 organizado\u00a0pelo Instituto de Educa\u00e7\u00e3o e Ci\u00eancias em Sa\u00fade (IECS) do mesmo hospital. A\u00a0programa\u00e7\u00e3o conta com palestras dos principais profissionais\u00a0das<\/p>\n","protected":false},"author":20,"featured_media":18523,"comment_status":"open","ping_status":"closed","sticky":false,"template":"","format":"standard","meta":{"footnotes":""},"categories":[],"tags":[],"class_list":["post-18521","post","type-post","status-publish","format-standard","has-post-thumbnail"],"aioseo_notices":[],"amp_enabled":true,"_links":{"self":[{"href":"https:\/\/dentalpress.com.br\/portal\/wp-json\/wp\/v2\/posts\/18521","targetHints":{"allow":["GET"]}}],"collection":[{"href":"https:\/\/dentalpress.com.br\/portal\/wp-json\/wp\/v2\/posts"}],"about":[{"href":"https:\/\/dentalpress.com.br\/portal\/wp-json\/wp\/v2\/types\/post"}],"author":[{"embeddable":true,"href":"https:\/\/dentalpress.com.br\/portal\/wp-json\/wp\/v2\/users\/20"}],"replies":[{"embeddable":true,"href":"https:\/\/dentalpress.com.br\/portal\/wp-json\/wp\/v2\/comments?post=18521"}],"version-history":[{"count":0,"href":"https:\/\/dentalpress.com.br\/portal\/wp-json\/wp\/v2\/posts\/18521\/revisions"}],"wp:featuredmedia":[{"embeddable":true,"href":"https:\/\/dentalpress.com.br\/portal\/wp-json\/wp\/v2\/media\/18523"}],"wp:attachment":[{"href":"https:\/\/dentalpress.com.br\/portal\/wp-json\/wp\/v2\/media?parent=18521"}],"wp:term":[{"taxonomy":"category","embeddable":true,"href":"https:\/\/dentalpress.com.br\/portal\/wp-json\/wp\/v2\/categories?post=18521"},{"taxonomy":"post_tag","embeddable":true,"href":"https:\/\/dentalpress.com.br\/portal\/wp-json\/wp\/v2\/tags?post=18521"}],"curies":[{"name":"wp","href":"https:\/\/api.w.org\/{rel}","templated":true}]}}