{"id":18470,"date":"2017-05-29T13:49:24","date_gmt":"2017-05-29T16:49:24","guid":{"rendered":"https:\/\/www.dentalpress.com.br\/portal\/?p=18470"},"modified":"2017-05-29T15:35:28","modified_gmt":"2017-05-29T18:35:28","slug":"dr-finholdt-dsd-concept","status":"publish","type":"post","link":"https:\/\/dentalpress.com.br\/portal\/dr-finholdt-dsd-concept\/","title":{"rendered":"Dr. Emerson Finholdt inaugura segunda turma do Curso de DSD Concept"},"content":{"rendered":"<p style=\"text-align: justify;\">Nesta segunda-feira (29) se inicia o 2\u00ba <a href=\"https:\/\/dentalpress.com.br\/portal\/como-inserir-lasers-de-baixa-e-alta-potencia-na-rotina-clinica\/\">Curso<\/a> de DSD Concept com o professor Dr.\u00a0Emerson Finholdt, que aborda o tema &#8220;Compreender a import\u00e2ncia da an\u00e1lise facial, a chave para um design do sorriso ideal&#8221;. As aulas se estendem at\u00e9 esta quarta-feira (31).<\/p>\n<figure id=\"attachment_18471\" aria-describedby=\"caption-attachment-18471\" style=\"width: 762px\" class=\"wp-caption aligncenter\"><a href=\"https:\/\/dentalpress.com.br\/portal\/wp-content\/uploads\/2017\/05\/Concept.png\"><img fetchpriority=\"high\" decoding=\"async\" class=\"wp-image-18471 \" src=\"https:\/\/dentalpress.com.br\/portal\/wp-content\/uploads\/2017\/05\/Concept-1024x577.png\" alt=\"\" width=\"762\" height=\"429\" srcset=\"\/wp-content\/uploads\/2017\/05\/Concept-1024x577.png 1024w, \/wp-content\/uploads\/2017\/05\/Concept-300x169.png 300w, \/wp-content\/uploads\/2017\/05\/Concept-768x433.png 768w, \/wp-content\/uploads\/2017\/05\/Concept-1170x660.png 1170w, \/wp-content\/uploads\/2017\/05\/Concept-585x330.png 585w, \/wp-content\/uploads\/2017\/05\/Concept.png 1259w\" sizes=\"(max-width: 762px) 100vw, 762px\" \/><\/a><figcaption id=\"caption-attachment-18471\" class=\"wp-caption-text\">Professor Dr. Emerson Finholdt no 2\u00ba Curso de DSD Concept (Foto: Renata Mastromauro\/ Dental Press)<\/figcaption><\/figure>\n<p style=\"text-align: justify;\">Graduado pela Faculdade de Odontologia da Universidade de Uberaba, ele \u00e9 Especialista em Odontopediatria, Pr\u00f3tese e DSD Lecturer.<\/p>\n<p style=\"text-align: justify;\">Veja as fotos:<\/p>\n<p>[flickr_set id=&#8221;72157684418758715&#8243;]<\/p>\n","protected":false},"excerpt":{"rendered":"<p>Nesta segunda-feira (29) se inicia o 2\u00ba Curso de DSD Concept com o professor Dr.\u00a0Emerson Finholdt, que aborda o tema &#8220;Compreender a import\u00e2ncia da an\u00e1lise facial, a chave para um design do sorriso ideal&#8221;. As aulas se estendem at\u00e9 esta quarta-feira (31). Graduado pela Faculdade de Odontologia da Universidade de Uberaba, ele \u00e9 Especialista em<\/p>\n","protected":false},"author":20,"featured_media":18471,"comment_status":"open","ping_status":"closed","sticky":false,"template":"","format":"standard","meta":{"footnotes":""},"categories":[],"tags":[],"class_list":["post-18470","post","type-post","status-publish","format-standard","has-post-thumbnail"],"aioseo_notices":[],"amp_enabled":true,"_links":{"self":[{"href":"https:\/\/dentalpress.com.br\/portal\/wp-json\/wp\/v2\/posts\/18470","targetHints":{"allow":["GET"]}}],"collection":[{"href":"https:\/\/dentalpress.com.br\/portal\/wp-json\/wp\/v2\/posts"}],"about":[{"href":"https:\/\/dentalpress.com.br\/portal\/wp-json\/wp\/v2\/types\/post"}],"author":[{"embeddable":true,"href":"https:\/\/dentalpress.com.br\/portal\/wp-json\/wp\/v2\/users\/20"}],"replies":[{"embeddable":true,"href":"https:\/\/dentalpress.com.br\/portal\/wp-json\/wp\/v2\/comments?post=18470"}],"version-history":[{"count":0,"href":"https:\/\/dentalpress.com.br\/portal\/wp-json\/wp\/v2\/posts\/18470\/revisions"}],"wp:featuredmedia":[{"embeddable":true,"href":"https:\/\/dentalpress.com.br\/portal\/wp-json\/wp\/v2\/media\/18471"}],"wp:attachment":[{"href":"https:\/\/dentalpress.com.br\/portal\/wp-json\/wp\/v2\/media?parent=18470"}],"wp:term":[{"taxonomy":"category","embeddable":true,"href":"https:\/\/dentalpress.com.br\/portal\/wp-json\/wp\/v2\/categories?post=18470"},{"taxonomy":"post_tag","embeddable":true,"href":"https:\/\/dentalpress.com.br\/portal\/wp-json\/wp\/v2\/tags?post=18470"}],"curies":[{"name":"wp","href":"https:\/\/api.w.org\/{rel}","templated":true}]}}