{"id":18462,"date":"2017-05-29T11:16:23","date_gmt":"2017-05-29T14:16:23","guid":{"rendered":"https:\/\/www.dentalpress.com.br\/portal\/?p=18462"},"modified":"2017-05-30T08:58:16","modified_gmt":"2017-05-30T11:58:16","slug":"congresso-da-abor-2017-sera-em-belem","status":"publish","type":"post","link":"https:\/\/dentalpress.com.br\/portal\/congresso-da-abor-2017-sera-em-belem\/","title":{"rendered":"11\u00ba Congresso Internacional da ABOR ser\u00e1 em Bel\u00e9m"},"content":{"rendered":"<p style=\"text-align: justify;\"><a href=\"https:\/\/abor.com.br\/congresso-2017\/home\" target=\"_blank\" rel=\"noopener noreferrer\"><img fetchpriority=\"high\" decoding=\"async\" class=\"aligncenter wp-image-18464 size-full\" src=\"https:\/\/dentalpress.com.br\/portal\/wp-content\/uploads\/2017\/05\/congresso-abor.jpg\" alt=\"congresso da abor\" width=\"935\" height=\"396\" srcset=\"\/wp-content\/uploads\/2017\/05\/congresso-abor.jpg 935w, \/wp-content\/uploads\/2017\/05\/congresso-abor-300x127.jpg 300w, \/wp-content\/uploads\/2017\/05\/congresso-abor-768x325.jpg 768w, \/wp-content\/uploads\/2017\/05\/congresso-abor-585x248.jpg 585w\" sizes=\"(max-width: 935px) 100vw, 935px\" \/><\/a><\/p>\n<p style=\"text-align: justify;\">Entre os dias 11 e 14 de outubro de 2017, a cidade de Bel\u00e9m (PA) receber\u00e1 o 11\u00ba Congresso Internacional da Associa\u00e7\u00e3o Brasileira de <a href=\"https:\/\/dentalpress.com.br\/portal\/excelencia-em-ortodontia-2\/\">Ortodontia<\/a> e Ortopedia Facial (ABOR), no Hangar Centro de Conven\u00e7\u00f5es e Feira da Amaz\u00f4nia. A extensa programa\u00e7\u00e3o contar\u00e1 com 12 <a href=\"https:\/\/dentalpress.com.br\/portal\/especializacao-em-implantodontia-transforme-sua-carreira-com-precisao-e-seguranca\/\">cursos<\/a>, 2 simp\u00f3sios, 22 mini-cursos e mais de 40 confer\u00eancias com grandes expoentes da Ortodontia nacional e internacional.<\/p>\n<p style=\"text-align: justify;\">A capital paraense \u00e9 a cidade natal do presidente do congresso, David Normando. Ele \u00e9 professor da Universidade Federal do Par\u00e1 (UFPA) e editor-chefe do Dental Press Journal of Orthodontics, revista oficial da ABOR e do Board Brasileiro de Ortodontia e Ortopedia Facial (BBO).<\/p>\n<h2 style=\"text-align: justify;\">Programa\u00e7\u00e3o<\/h2>\n<p style=\"text-align: justify;\">Os convidados internacionais s\u00e3o Carlos Flores-Mir (Canad\u00e1), Marco Rosa (It\u00e1lia), Kevin O&#8217;Brien (Inglaterra), Mario Polo (Porto Rico) e Rodrigo Vieccili (EUA). Entre os brasileiros est\u00e3o grandes nomes como Aldilson Ramos, Carlos Alexandre C\u00e2mara, Laurindo Furquim, Guilherme Janson, Daniela Garib, Liliana Maltagliati, Maur\u00edcio Araujo, Bruno Furquim, Marcos Janson, Ertty Silva, Paulo Conti, Guilherme Janson, Roberto Brand\u00e3o, Silvia Reis e Telma Ara\u00fajo, entre muitos outros.<\/p>\n<figure id=\"attachment_18463\" aria-describedby=\"caption-attachment-18463\" style=\"width: 907px\" class=\"wp-caption aligncenter\"><a href=\"https:\/\/dentalpress.com.br\/portal\/wp-content\/uploads\/2017\/05\/congresso-abor_theatro.jpg\"><img decoding=\"async\" class=\"size-full wp-image-18463\" src=\"https:\/\/dentalpress.com.br\/portal\/wp-content\/uploads\/2017\/05\/congresso-abor_theatro.jpg\" alt=\"congresso abor\" width=\"907\" height=\"600\" srcset=\"\/wp-content\/uploads\/2017\/05\/congresso-abor_theatro.jpg 907w, \/wp-content\/uploads\/2017\/05\/congresso-abor_theatro-300x198.jpg 300w, \/wp-content\/uploads\/2017\/05\/congresso-abor_theatro-768x508.jpg 768w, \/wp-content\/uploads\/2017\/05\/congresso-abor_theatro-780x516.jpg 780w, \/wp-content\/uploads\/2017\/05\/congresso-abor_theatro-585x387.jpg 585w\" sizes=\"(max-width: 907px) 100vw, 907px\" \/><\/a><figcaption id=\"caption-attachment-18463\" class=\"wp-caption-text\">Theatro da Paz ser\u00e1 palco da abertura oficial do 11\u00ba Congresso Internacional da ABOR (Foto: Divulga\u00e7\u00e3o)<\/figcaption><\/figure>\n<p style=\"text-align: justify;\">A programa\u00e7\u00e3o social contemplar\u00e1 dois eventos. O\u00a0bel\u00edssimo Theatro da Paz, fundado em 1878 e inspirado no Teatro Scalla de Mil\u00e3o (It\u00e1lia), ser\u00e1 o palco da abertura oficial do congresso, no dia 11. O Jantar Oficial ser\u00e1 realizado em outro importante ponto tur\u00edstico da cidade, a Esta\u00e7\u00e3o das Docas, no segundo dia de congresso. Nos dias 12 e 13, haver\u00e1 happy hour no Sal\u00e3o de Expositores.<\/p>\n<h2 style=\"text-align: justify;\">Atividade paralela<\/h2>\n<p style=\"text-align: justify;\">A Associa\u00e7\u00e3o Brasileira de Ortodontia Lingual (ABOL) promover\u00e1 dois simp\u00f3sios, coordenados por Marcelo Marigo e Rodrigo Prata Rocha.\u00a0Haver\u00e1 tamb\u00e9m confer\u00eancias de expositores: OrthoMundi, Compass, Eurodonto e Smart Solutions.<\/p>\n<h2 style=\"text-align: justify;\">Inscri\u00e7\u00f5es<\/h2>\n<p style=\"text-align: justify;\">As inscri\u00e7\u00f5es devem ser feitas pelo site do congresso, onde est\u00e3o dispon\u00edveis todas as informa\u00e7\u00f5es sobre o evento: programa\u00e7\u00e3o completa, submiss\u00e3o de trabalhos cient\u00edficos, comiss\u00e3o organizadora, al\u00e9m de pontos tur\u00edsticos de Bel\u00e9m e indica\u00e7\u00f5es de hot\u00e9is. <a href=\"https:\/\/abor.com.br\/congresso-2017\/home\" target=\"_blank\" rel=\"noopener noreferrer\"><strong><span style=\"color: #666699;\">Clique aqui<\/span><\/strong><\/a> para acessar.<\/p>\n<p style=\"text-align: justify;\"><a href=\"https:\/\/dentalpress.com.br\/portal\/wp-content\/uploads\/2017\/04\/Rev-DPJO-V22N2-newsletter.jpg\"><img decoding=\"async\" class=\"aligncenter size-full wp-image-17755\" src=\"https:\/\/dentalpress.com.br\/portal\/wp-content\/uploads\/2017\/04\/Rev-DPJO-V22N2-newsletter.jpg\" alt=\"\" width=\"774\" height=\"240\" srcset=\"\/wp-content\/uploads\/2017\/04\/Rev-DPJO-V22N2-newsletter.jpg 774w, \/wp-content\/uploads\/2017\/04\/Rev-DPJO-V22N2-newsletter-300x93.jpg 300w, \/wp-content\/uploads\/2017\/04\/Rev-DPJO-V22N2-newsletter-768x238.jpg 768w, \/wp-content\/uploads\/2017\/04\/Rev-DPJO-V22N2-newsletter-585x181.jpg 585w\" sizes=\"(max-width: 774px) 100vw, 774px\" \/><\/a><\/p>\n","protected":false},"excerpt":{"rendered":"<p>Entre os dias 11 e 14 de outubro de 2017, a cidade de Bel\u00e9m (PA) receber\u00e1 o 11\u00ba Congresso Internacional da Associa\u00e7\u00e3o Brasileira de Ortodontia e Ortopedia Facial (ABOR), no Hangar Centro de Conven\u00e7\u00f5es e Feira da Amaz\u00f4nia. A extensa programa\u00e7\u00e3o contar\u00e1 com 12 cursos, 2 simp\u00f3sios, 22 mini-cursos e mais de 40 confer\u00eancias com<\/p>\n","protected":false},"author":11,"featured_media":18463,"comment_status":"open","ping_status":"closed","sticky":false,"template":"","format":"standard","meta":{"footnotes":""},"categories":[],"tags":[],"class_list":["post-18462","post","type-post","status-publish","format-standard","has-post-thumbnail"],"aioseo_notices":[],"amp_enabled":true,"_links":{"self":[{"href":"https:\/\/dentalpress.com.br\/portal\/wp-json\/wp\/v2\/posts\/18462","targetHints":{"allow":["GET"]}}],"collection":[{"href":"https:\/\/dentalpress.com.br\/portal\/wp-json\/wp\/v2\/posts"}],"about":[{"href":"https:\/\/dentalpress.com.br\/portal\/wp-json\/wp\/v2\/types\/post"}],"author":[{"embeddable":true,"href":"https:\/\/dentalpress.com.br\/portal\/wp-json\/wp\/v2\/users\/11"}],"replies":[{"embeddable":true,"href":"https:\/\/dentalpress.com.br\/portal\/wp-json\/wp\/v2\/comments?post=18462"}],"version-history":[{"count":0,"href":"https:\/\/dentalpress.com.br\/portal\/wp-json\/wp\/v2\/posts\/18462\/revisions"}],"wp:featuredmedia":[{"embeddable":true,"href":"https:\/\/dentalpress.com.br\/portal\/wp-json\/wp\/v2\/media\/18463"}],"wp:attachment":[{"href":"https:\/\/dentalpress.com.br\/portal\/wp-json\/wp\/v2\/media?parent=18462"}],"wp:term":[{"taxonomy":"category","embeddable":true,"href":"https:\/\/dentalpress.com.br\/portal\/wp-json\/wp\/v2\/categories?post=18462"},{"taxonomy":"post_tag","embeddable":true,"href":"https:\/\/dentalpress.com.br\/portal\/wp-json\/wp\/v2\/tags?post=18462"}],"curies":[{"name":"wp","href":"https:\/\/api.w.org\/{rel}","templated":true}]}}