{"id":18297,"date":"2017-05-18T11:53:04","date_gmt":"2017-05-18T14:53:04","guid":{"rendered":"https:\/\/www.dentalpress.com.br\/portal\/?p=18297"},"modified":"2017-05-18T12:02:00","modified_gmt":"2017-05-18T15:02:00","slug":"fabio-bibancos-museu-da-corrupcao","status":"publish","type":"post","link":"https:\/\/dentalpress.com.br\/portal\/fabio-bibancos-museu-da-corrupcao\/","title":{"rendered":"&#8220;Dentista do Bem&#8221; F\u00e1bio Bibancos sugere cria\u00e7\u00e3o do Museu da Corrup\u00e7\u00e3o"},"content":{"rendered":"<p style=\"text-align: justify;\">Em um dia hist\u00f3rico para a pol\u00edtica\u00a0brasileira, o <a href=\"https:\/\/dentalpress.com.br\/portal\/reforma-tributaria-impacta-dentistas-e-pacientes-com-custos\/\">dentista<\/a> e presidente da ONG Turma do Bem e do Instituto Bibancos de Odontologia, F\u00e1bio Bibancos, teve um artigo publicado na Folha de S. Paulo. O tema: Odontologia? N\u00e3o. Pol\u00edtica! Afinal, neste 18 de maio de 2017, quando o cen\u00e1rio pol\u00edtico toma novos rumos ap\u00f3s den\u00fancias contra o presidente Michel Temer e o senador A\u00e9cio Neves, n\u00e3o se fala em outra coisa.<\/p>\n<figure id=\"attachment_18301\" aria-describedby=\"caption-attachment-18301\" style=\"width: 620px\" class=\"wp-caption aligncenter\"><a href=\"https:\/\/dentalpress.com.br\/portal\/wp-content\/uploads\/2017\/05\/fabio-bibancos2.jpeg\"><img fetchpriority=\"high\" decoding=\"async\" class=\"wp-image-18301 size-full\" src=\"https:\/\/dentalpress.com.br\/portal\/wp-content\/uploads\/2017\/05\/fabio-bibancos2.jpeg\" alt=\"fabio bibancos\" width=\"620\" height=\"455\" srcset=\"\/wp-content\/uploads\/2017\/05\/fabio-bibancos2.jpeg 620w, \/wp-content\/uploads\/2017\/05\/fabio-bibancos2-300x220.jpeg 300w, \/wp-content\/uploads\/2017\/05\/fabio-bibancos2-585x429.jpeg 585w\" sizes=\"(max-width: 620px) 100vw, 620px\" \/><\/a><figcaption id=\"caption-attachment-18301\" class=\"wp-caption-text\">O dentista F\u00e1bio Bibancos sugere, em artigo na Folha S. Paulo, a cria\u00e7\u00e3o do Museu da Corrup\u00e7\u00e3o Brasileira (Foto: Reprodu\u00e7\u00e3o &#8211; Patricia Stavis\/Folhapress)<\/figcaption><\/figure>\n<p style=\"text-align: justify;\">Deixando de lado a polariza\u00e7\u00e3o que vem dividindo o\u00a0pa\u00eds, ele sugere a cria\u00e7\u00e3o do &#8220;Museu da Corrup\u00e7\u00e3o&#8221;, um museu que funcionaria em benef\u00edcio das pr\u00f3ximas gera\u00e7\u00f5es e mostraria ao mundo o quanto (e como) a popula\u00e7\u00e3o perde com desvios de dinheiro p\u00fablico. &#8220;Parece loucura? Acredito que n\u00e3o&#8221;, diz ele, no texto.<\/p>\n<p style=\"text-align: justify;\">Inspirado por algumas institui\u00e7\u00f5es &#8211; Museo Memoria Y Tolerancia (Cidade do M\u00e9xico), Memorial do Holocausto (Berlim), Topografia do Terror (Berlim), Museu do Nazismo (Munique) e o Memorial da Resist\u00eancia, em S\u00e3o Paulo -, ele formulou o Museu da Corrup\u00e7\u00e3o Brasileira, que teria o prop\u00f3sito de expor, registrar e deixar claro os erros do passado e do presente.\u00a0&#8220;Os pol\u00edticos nunca param. No \u00e2mbito da imoralidade, s\u00e3o incans\u00e1veis. Quantos nomes teremos nas pr\u00f3ximas listas?&#8221;, indaga o dentista.<\/p>\n<p style=\"text-align: justify;\">Confira a interessante sugest\u00e3o de Bibancos no<span style=\"color: #666699;\"><strong> <a style=\"color: #666699;\" href=\"http:\/\/www1.folha.uol.com.br\/opiniao\/2017\/05\/1884649-bem-vindos-ao-museu-da-corrupcao.shtml\" target=\"_blank\" rel=\"noopener noreferrer\">site da Folha de S. Paulo<\/a><\/strong><\/span>.<\/p>\n<h2 style=\"text-align: justify;\">Quem \u00e9 F\u00e1bio Bibancos?<\/h2>\n<p style=\"text-align: justify;\">Conhecido como dentista das estrelas, F\u00e1bio Bibancos \u00e9 fundador e h\u00e1 30 anos presidente do Instituto Bibancos de Odontologia, eleito pela Veja SP um dos motivos para se amar S\u00e3o Paulo. <span style=\"color: #666699;\"><strong><a style=\"color: #666699;\" href=\"http:\/\/www.bibancos.com.br\/\" target=\"_blank\" rel=\"noopener noreferrer\">Clique aqui<\/a> <\/strong><\/span>para saber mais.<\/p>\n<p style=\"text-align: justify;\">Tamb\u00e9m \u00e9 fundador e, h\u00e1 15 anos, presidente volunt\u00e1rio da Turma do Bem, organiza\u00e7\u00e3o social que gerencia o projeto Dentista do Bem. Foi o primeiro dentista do mundo a participar do F\u00f3rum Econ\u00f4mico Mundial de Davos. Idealizou o projeto Apol\u00f4nias do Bem, cujo trabalho \u00e9 reconhecido pela ONU. Saiba mais <a href=\"http:\/\/turmadobem.org.br\/br\/\" target=\"_blank\" rel=\"noopener noreferrer\"><strong><span style=\"color: #666699;\">aqui.<\/span><\/strong><\/a><\/p>\n<p>&nbsp;<\/p>\n","protected":false},"excerpt":{"rendered":"<p>Em um dia hist\u00f3rico para a pol\u00edtica\u00a0brasileira, o dentista e presidente da ONG Turma do Bem e do Instituto Bibancos de Odontologia, F\u00e1bio Bibancos, teve um artigo publicado na Folha de S. Paulo. O tema: Odontologia? N\u00e3o. Pol\u00edtica! Afinal, neste 18 de maio de 2017, quando o cen\u00e1rio pol\u00edtico toma novos rumos ap\u00f3s den\u00fancias contra<\/p>\n","protected":false},"author":20,"featured_media":18302,"comment_status":"open","ping_status":"closed","sticky":false,"template":"","format":"standard","meta":{"footnotes":""},"categories":[],"tags":[],"class_list":["post-18297","post","type-post","status-publish","format-standard","has-post-thumbnail"],"aioseo_notices":[],"amp_enabled":true,"_links":{"self":[{"href":"https:\/\/dentalpress.com.br\/portal\/wp-json\/wp\/v2\/posts\/18297","targetHints":{"allow":["GET"]}}],"collection":[{"href":"https:\/\/dentalpress.com.br\/portal\/wp-json\/wp\/v2\/posts"}],"about":[{"href":"https:\/\/dentalpress.com.br\/portal\/wp-json\/wp\/v2\/types\/post"}],"author":[{"embeddable":true,"href":"https:\/\/dentalpress.com.br\/portal\/wp-json\/wp\/v2\/users\/20"}],"replies":[{"embeddable":true,"href":"https:\/\/dentalpress.com.br\/portal\/wp-json\/wp\/v2\/comments?post=18297"}],"version-history":[{"count":0,"href":"https:\/\/dentalpress.com.br\/portal\/wp-json\/wp\/v2\/posts\/18297\/revisions"}],"wp:featuredmedia":[{"embeddable":true,"href":"https:\/\/dentalpress.com.br\/portal\/wp-json\/wp\/v2\/media\/18302"}],"wp:attachment":[{"href":"https:\/\/dentalpress.com.br\/portal\/wp-json\/wp\/v2\/media?parent=18297"}],"wp:term":[{"taxonomy":"category","embeddable":true,"href":"https:\/\/dentalpress.com.br\/portal\/wp-json\/wp\/v2\/categories?post=18297"},{"taxonomy":"post_tag","embeddable":true,"href":"https:\/\/dentalpress.com.br\/portal\/wp-json\/wp\/v2\/tags?post=18297"}],"curies":[{"name":"wp","href":"https:\/\/api.w.org\/{rel}","templated":true}]}}