{"id":18273,"date":"2017-05-17T16:03:23","date_gmt":"2017-05-17T19:03:23","guid":{"rendered":"https:\/\/www.dentalpress.com.br\/portal\/?p=18273"},"modified":"2017-05-17T16:04:22","modified_gmt":"2017-05-17T19:04:22","slug":"terceiros-molares-morfologia","status":"publish","type":"post","link":"https:\/\/dentalpress.com.br\/portal\/terceiros-molares-morfologia\/","title":{"rendered":"Terceiros molares apresentam grande varia\u00e7\u00e3o em sua morfologia interna"},"content":{"rendered":"<p class=\"p1\" style=\"text-align: justify;\">Em um estudo feito por pesquisadores da Faculdade de Odontologia de Piracicaba da Universidade de Campinas (SP) e da Universidade de Fortaleza (CE), concluiu-se que\u00a0os terceiros molares apresentam grande varia\u00e7\u00e3o em sua morfologia interna, sendo fundamental conhec\u00ea-la e domin\u00e1-la, quando o tratamento endod\u00f4ntico \u00e9 indicado.<\/p>\n<p class=\"p1\" style=\"text-align: justify;\"><a href=\"https:\/\/dentalpress.com.br\/portal\/wp-content\/uploads\/2017\/05\/terceiro-molar.jpg\"><img fetchpriority=\"high\" decoding=\"async\" class=\"aligncenter wp-image-18277 size-large\" src=\"https:\/\/dentalpress.com.br\/portal\/wp-content\/uploads\/2017\/05\/terceiro-molar-1024x512.jpg\" alt=\"\" width=\"1024\" height=\"512\" srcset=\"\/wp-content\/uploads\/2017\/05\/terceiro-molar-1024x512.jpg 1024w, \/wp-content\/uploads\/2017\/05\/terceiro-molar-300x150.jpg 300w, \/wp-content\/uploads\/2017\/05\/terceiro-molar-768x384.jpg 768w, \/wp-content\/uploads\/2017\/05\/terceiro-molar-1170x585.jpg 1170w, \/wp-content\/uploads\/2017\/05\/terceiro-molar-585x293.jpg 585w, \/wp-content\/uploads\/2017\/05\/terceiro-molar.jpg 1280w\" sizes=\"(max-width: 1024px) 100vw, 1024px\" \/><\/a><\/p>\n<p class=\"p1\" style=\"text-align: justify;\">A pesquisa, intitulada &#8220;Avalia\u00e7\u00e3o da morfologia interna de terceiros molares usando quatro m\u00e9todos diferentes&#8221; e publicada na revista <em>Dental Press Endodontics<\/em> (volume 7, n\u00famero 1),\u00a0avaliou a quantidade e configura\u00e7\u00e3o dos canais radiculares em terceiros molares superiores e inferiores, por meio de quatro m\u00e9todos (radiogr\u00e1fico, macrosc\u00f3pico, microsc\u00f3pico e cortes seriados).<\/p>\n<h2 class=\"p1\">Como foi realizado o estudo?<\/h2>\n<p class=\"p1\" style=\"text-align: justify;\">Foram selecionados 100 terceiros molares, sendo adotados como crit\u00e9rios de exclus\u00e3o: <a href=\"https:\/\/dentalpress.com.br\/portal\/curso-de-aperfeicoamento-em-cirurgia-de-dentes-retidos\/\">dentes<\/a> com coroa totalmente destru\u00edda por c\u00e1rie, rizog\u00eanese incompleta, reabsor\u00e7\u00e3o radicular ou fraturas; foram inclu\u00eddos dentes h\u00edgidos ou com pequenas restaura\u00e7\u00f5es.<\/p>\n<p class=\"p1\" style=\"text-align: justify;\">As amostras foram divididas em dois grupos (GS e GI), compostos com terceiros molares superiores (n = 50) e inferiores (n = 50), respectivamente, os quais foram, posteriormente, avaliados por meio dos m\u00e9todos radiogr\u00e1fico, macrosc\u00f3pico, microsc\u00f3pico e de cortes seriados. Houve maior preval\u00eancia de tr\u00eas canais (68,7% no Grupo S, e 65,3% no Grupo I). Predominou a configura\u00e7\u00e3o de canais circulares (64,9% no Grupo S, e 51,3% no Grupo I), seguida dos achatados (27,6% no Grupo S, e 38% no Grupo I) e ovais (7,4% no Grupo S, e 7% no Grupo I).<\/p>\n<h2 class=\"p1\">Quais foram as conclus\u00f5es?<\/h2>\n<p class=\"p1\" style=\"text-align: justify;\">De acordo com os resultados obtidos e por meio dos m\u00e9todos utilizados nesse estudo, conclui-se que os terceiros molares apresentam vasta varia\u00e7\u00e3o em sua morfologia interna: 69,4% dos terceiros molares superiores apresentaram tr\u00eas canais radiculares, sendo 64,92% com formato circular. Entre os terceiros molares inferiores, 57,04% apresentam tr\u00eas canais radiculares, sendo que 51,3% foram com morfologia circular. Entretanto, outras morfologias e n\u00fameros de canais radiculares podem ser encontrados tanto em terceiros molares superiores quanto em inferiores.<\/p>\n<hr \/>\n<p class=\"p1\" style=\"text-align: justify;\"><strong>Gostou deste estudo<\/strong>? Confira ele na \u00edntegra e mais artigos da \u00e1rea de <a href=\"https:\/\/dentalpress.com.br\/portal\/curso-intensivo-de-endodontia-para-molares\/\">Endodontia<\/a> adquirindo a revista <em>Dental Press Endodontics, <\/em>publica\u00e7\u00e3o\u00a0oficial da Sociedade Brasileira de Endodontia (SBEndo). <span style=\"color: #666699;\"><strong><a style=\"color: #666699;\" href=\"https:\/\/loja.dentalpress.com.br\/revistas\/revista-endodontics.html\" target=\"_blank\" rel=\"noopener noreferrer\">Saiba mais aqui!<\/a><\/strong><\/span><\/p>\n<p class=\"p1\" style=\"text-align: justify;\"><a href=\"https:\/\/loja.dentalpress.com.br\/revistas\/revista-endodontics.html\" target=\"_blank\" rel=\"noopener noreferrer\"><img decoding=\"async\" class=\"aligncenter wp-image-18012 size-full\" src=\"https:\/\/dentalpress.com.br\/portal\/wp-content\/uploads\/2017\/05\/Endo-V7N1-newsletter-1.jpg\" alt=\"\" width=\"774\" height=\"240\" srcset=\"\/wp-content\/uploads\/2017\/05\/Endo-V7N1-newsletter-1.jpg 774w, \/wp-content\/uploads\/2017\/05\/Endo-V7N1-newsletter-1-300x93.jpg 300w, \/wp-content\/uploads\/2017\/05\/Endo-V7N1-newsletter-1-768x238.jpg 768w, \/wp-content\/uploads\/2017\/05\/Endo-V7N1-newsletter-1-585x181.jpg 585w\" sizes=\"(max-width: 774px) 100vw, 774px\" \/><\/a><\/p>\n","protected":false},"excerpt":{"rendered":"<p>Em um estudo feito por pesquisadores da Faculdade de Odontologia de Piracicaba da Universidade de Campinas (SP) e da Universidade de Fortaleza (CE), concluiu-se que\u00a0os terceiros molares apresentam grande varia\u00e7\u00e3o em sua morfologia interna, sendo fundamental conhec\u00ea-la e domin\u00e1-la, quando o tratamento endod\u00f4ntico \u00e9 indicado. A pesquisa, intitulada &#8220;Avalia\u00e7\u00e3o da morfologia interna de terceiros molares<\/p>\n","protected":false},"author":20,"featured_media":18277,"comment_status":"open","ping_status":"closed","sticky":false,"template":"","format":"standard","meta":{"footnotes":""},"categories":[],"tags":[],"class_list":["post-18273","post","type-post","status-publish","format-standard","has-post-thumbnail"],"aioseo_notices":[],"amp_enabled":true,"_links":{"self":[{"href":"https:\/\/dentalpress.com.br\/portal\/wp-json\/wp\/v2\/posts\/18273","targetHints":{"allow":["GET"]}}],"collection":[{"href":"https:\/\/dentalpress.com.br\/portal\/wp-json\/wp\/v2\/posts"}],"about":[{"href":"https:\/\/dentalpress.com.br\/portal\/wp-json\/wp\/v2\/types\/post"}],"author":[{"embeddable":true,"href":"https:\/\/dentalpress.com.br\/portal\/wp-json\/wp\/v2\/users\/20"}],"replies":[{"embeddable":true,"href":"https:\/\/dentalpress.com.br\/portal\/wp-json\/wp\/v2\/comments?post=18273"}],"version-history":[{"count":0,"href":"https:\/\/dentalpress.com.br\/portal\/wp-json\/wp\/v2\/posts\/18273\/revisions"}],"wp:featuredmedia":[{"embeddable":true,"href":"https:\/\/dentalpress.com.br\/portal\/wp-json\/wp\/v2\/media\/18277"}],"wp:attachment":[{"href":"https:\/\/dentalpress.com.br\/portal\/wp-json\/wp\/v2\/media?parent=18273"}],"wp:term":[{"taxonomy":"category","embeddable":true,"href":"https:\/\/dentalpress.com.br\/portal\/wp-json\/wp\/v2\/categories?post=18273"},{"taxonomy":"post_tag","embeddable":true,"href":"https:\/\/dentalpress.com.br\/portal\/wp-json\/wp\/v2\/tags?post=18273"}],"curies":[{"name":"wp","href":"https:\/\/api.w.org\/{rel}","templated":true}]}}