{"id":18209,"date":"2017-05-15T13:55:30","date_gmt":"2017-05-15T16:55:30","guid":{"rendered":"https:\/\/www.dentalpress.com.br\/portal\/?p=18209"},"modified":"2017-05-15T13:59:23","modified_gmt":"2017-05-15T16:59:23","slug":"comprimento-de-limas-endodonticas","status":"publish","type":"post","link":"https:\/\/dentalpress.com.br\/portal\/comprimento-de-limas-endodonticas\/","title":{"rendered":"Comprimento de limas n\u00e3o influencia preparo de canal radicular"},"content":{"rendered":"<p class=\"p1\" style=\"text-align: justify;\">De acordo com um estudo de pesquisadores do\u00a0Departamento de <a href=\"https:\/\/dentalpress.com.br\/portal\/curso-intensivo-de-endodontia-para-molares\/\">Endodontia<\/a> da\u00a0Pontif\u00edcia Universidade Cat\u00f3lica do Paran\u00e1 e da Universidade Federal do Paran\u00e1, ambas de Curitiba (PR),\u00a0o comprimento das limas n\u00e3o influencia na centraliza\u00e7\u00e3o do preparo do canal radicular, nem no desvio apical de canais simulados.<\/p>\n<p class=\"p1\" style=\"text-align: justify;\"><a href=\"https:\/\/dentalpress.com.br\/portal\/wp-content\/uploads\/2017\/05\/lima-4.jpg\"><img fetchpriority=\"high\" decoding=\"async\" class=\"aligncenter wp-image-18219 \" src=\"https:\/\/dentalpress.com.br\/portal\/wp-content\/uploads\/2017\/05\/lima-4-1024x813.jpg\" alt=\"\" width=\"654\" height=\"519\" srcset=\"\/wp-content\/uploads\/2017\/05\/lima-4-1024x813.jpg 1024w, \/wp-content\/uploads\/2017\/05\/lima-4-300x238.jpg 300w, \/wp-content\/uploads\/2017\/05\/lima-4-768x610.jpg 768w, \/wp-content\/uploads\/2017\/05\/lima-4-1170x929.jpg 1170w, \/wp-content\/uploads\/2017\/05\/lima-4-585x464.jpg 585w, \/wp-content\/uploads\/2017\/05\/lima-4.jpg 1260w\" sizes=\"(max-width: 654px) 100vw, 654px\" \/><\/a><\/p>\n<p class=\"p1\" style=\"text-align: justify;\">Diversos fatores relacionados \u00e0s caracter\u00edsticas dos instrumentos \u2014 como sec\u00e7\u00e3o transversal, design da ponta e conicidade \u2014 podem intensificar a a\u00e7\u00e3o de amplia\u00e7\u00e3o das paredes do canal radicular. No entanto, n\u00e3o \u00e9 claro se o comprimento das limas pode interferir na qualidade do preparo.<span class=\"Apple-converted-space\">\u00a0<\/span><\/p>\n<p class=\"p1\" style=\"text-align: justify;\">O estudo, intitulado &#8220;Influ\u00eancia do comprimento das limas na qualidade do preparo do canal radicular&#8221; e publicado na revista Dental Press Endodontics (volume 7, n\u00famero 1), teve como\u00a0objetivo avaliar a influ\u00eancia do comprimento das limas na qualidade do preparo manual do canal radicular.<span class=\"Apple-converted-space\">\u00a0 <\/span><\/p>\n<h2 class=\"p1\" style=\"text-align: justify;\">Como foi realizada a pesquisa?<\/h2>\n<p class=\"p1\" style=\"text-align: justify;\">Trinta canais simulados (IM do Brasil) foram divididos em dois grupos e preparados com limas FlexoFile de 21 mm e de 25 mm. A t\u00e9cnica coroa-\u00e1pice foi utilizada e o limite apical de alargamento foi de uma lima de di\u00e2metro 35. Os canais radiculares simulados foram fotografados e radiografados antes e depois dos preparos, e as imagens foram analisadas utilizando-se o programa Image Tool 3.0. A distribui\u00e7\u00e3o do desgaste das paredes dos canais e o desvio apical foram analisados sobrepondo-se as imagens.<span class=\"Apple-converted-space\">\u00a0<\/span><\/p>\n<h2 class=\"p1\" style=\"text-align: justify;\">Quais foram os resultados?<\/h2>\n<p class=\"p1\" style=\"text-align: justify;\">N\u00e3o\u00a0foi observada diferen\u00e7a estatisticamente significativa entre os grupos, com rela\u00e7\u00e3o \u00e0 distribui\u00e7\u00e3o dos desgastes das paredes dos canais ou com rela\u00e7\u00e3o ao desvio apical, portanto concluiu-se que o comprimento das limas n\u00e3o influenciou na centraliza\u00e7\u00e3o do preparo do canal radicular.<\/p>\n<hr \/>\n<p class=\"p1\" style=\"text-align: justify;\"><strong>Gostou desta pesquisa?<\/strong> Confira ela na \u00edntegra e outros artigos na \u00e1rea da Endodontia na revista <em><strong>Dental Press Endodontics<\/strong><\/em>, publica\u00e7\u00e3o\u00a0oficial da Sociedade Brasileira de Endodontia (SBEndo). <strong><span style=\"color: #666699;\"><a style=\"color: #666699;\" href=\"https:\/\/loja.dentalpress.com.br\/revistas\/revista-endodontics.html\" target=\"_blank\" rel=\"noopener noreferrer\">Saiba mais aqui!<\/a><\/span><\/strong><\/p>\n<p class=\"p1\" style=\"text-align: justify;\"><a href=\"https:\/\/loja.dentalpress.com.br\/revistas\/revista-endodontics.html\" target=\"_blank\" rel=\"noopener noreferrer\"><img decoding=\"async\" class=\"aligncenter wp-image-18012 size-full\" src=\"https:\/\/dentalpress.com.br\/portal\/wp-content\/uploads\/2017\/05\/Endo-V7N1-newsletter-1.jpg\" alt=\"\" width=\"774\" height=\"240\" srcset=\"\/wp-content\/uploads\/2017\/05\/Endo-V7N1-newsletter-1.jpg 774w, \/wp-content\/uploads\/2017\/05\/Endo-V7N1-newsletter-1-300x93.jpg 300w, \/wp-content\/uploads\/2017\/05\/Endo-V7N1-newsletter-1-768x238.jpg 768w, \/wp-content\/uploads\/2017\/05\/Endo-V7N1-newsletter-1-585x181.jpg 585w\" sizes=\"(max-width: 774px) 100vw, 774px\" \/><\/a><\/p>\n","protected":false},"excerpt":{"rendered":"<p>De acordo com um estudo de pesquisadores do\u00a0Departamento de Endodontia da\u00a0Pontif\u00edcia Universidade Cat\u00f3lica do Paran\u00e1 e da Universidade Federal do Paran\u00e1, ambas de Curitiba (PR),\u00a0o comprimento das limas n\u00e3o influencia na centraliza\u00e7\u00e3o do preparo do canal radicular, nem no desvio apical de canais simulados. Diversos fatores relacionados \u00e0s caracter\u00edsticas dos instrumentos \u2014 como sec\u00e7\u00e3o transversal,<\/p>\n","protected":false},"author":20,"featured_media":18219,"comment_status":"open","ping_status":"closed","sticky":false,"template":"","format":"standard","meta":{"footnotes":""},"categories":[],"tags":[],"class_list":["post-18209","post","type-post","status-publish","format-standard","has-post-thumbnail"],"aioseo_notices":[],"amp_enabled":true,"_links":{"self":[{"href":"https:\/\/dentalpress.com.br\/portal\/wp-json\/wp\/v2\/posts\/18209","targetHints":{"allow":["GET"]}}],"collection":[{"href":"https:\/\/dentalpress.com.br\/portal\/wp-json\/wp\/v2\/posts"}],"about":[{"href":"https:\/\/dentalpress.com.br\/portal\/wp-json\/wp\/v2\/types\/post"}],"author":[{"embeddable":true,"href":"https:\/\/dentalpress.com.br\/portal\/wp-json\/wp\/v2\/users\/20"}],"replies":[{"embeddable":true,"href":"https:\/\/dentalpress.com.br\/portal\/wp-json\/wp\/v2\/comments?post=18209"}],"version-history":[{"count":0,"href":"https:\/\/dentalpress.com.br\/portal\/wp-json\/wp\/v2\/posts\/18209\/revisions"}],"wp:featuredmedia":[{"embeddable":true,"href":"https:\/\/dentalpress.com.br\/portal\/wp-json\/wp\/v2\/media\/18219"}],"wp:attachment":[{"href":"https:\/\/dentalpress.com.br\/portal\/wp-json\/wp\/v2\/media?parent=18209"}],"wp:term":[{"taxonomy":"category","embeddable":true,"href":"https:\/\/dentalpress.com.br\/portal\/wp-json\/wp\/v2\/categories?post=18209"},{"taxonomy":"post_tag","embeddable":true,"href":"https:\/\/dentalpress.com.br\/portal\/wp-json\/wp\/v2\/tags?post=18209"}],"curies":[{"name":"wp","href":"https:\/\/api.w.org\/{rel}","templated":true}]}}