{"id":18207,"date":"2017-05-17T15:42:52","date_gmt":"2017-05-17T18:42:52","guid":{"rendered":"https:\/\/www.dentalpress.com.br\/portal\/?p=18207"},"modified":"2017-05-17T15:50:32","modified_gmt":"2017-05-17T18:50:32","slug":"dr-oswaldo-scopin-estetica","status":"publish","type":"post","link":"https:\/\/dentalpress.com.br\/portal\/dr-oswaldo-scopin-estetica\/","title":{"rendered":"Dr. Oswaldo Scopin inicia segundo m\u00f3dulo do Excel\u00eancia na Est\u00e9tica"},"content":{"rendered":"<p style=\"text-align: justify;\">Nesta quarta-feira (17), teve inicio o 2\u00ba m\u00f3dulo do 6\u00ba <a href=\"https:\/\/dentalpress.com.br\/portal\/como-inserir-lasers-de-baixa-e-alta-potencia-na-rotina-clinica\/\">Curso<\/a> de Excel\u00eancia na Est\u00e9tica, com aulas do professor Dr. Oswaldo Scopin sobre o tema &#8220;Restaura\u00e7\u00f5es Adesivas: A chave para a reabilita\u00e7\u00e3o total conservadora&#8221;. O m\u00f3dulo se estende at\u00e9 sexta-feira (19).<\/p>\n<figure id=\"attachment_18283\" aria-describedby=\"caption-attachment-18283\" style=\"width: 1024px\" class=\"wp-caption aligncenter\"><a href=\"https:\/\/dentalpress.com.br\/portal\/wp-content\/uploads\/2017\/05\/oswaldo-1.png\"><img fetchpriority=\"high\" decoding=\"async\" class=\"wp-image-18283 size-large\" src=\"https:\/\/dentalpress.com.br\/portal\/wp-content\/uploads\/2017\/05\/oswaldo-1-1024x680.png\" alt=\"\" width=\"1024\" height=\"680\" srcset=\"\/wp-content\/uploads\/2017\/05\/oswaldo-1-1024x680.png 1024w, \/wp-content\/uploads\/2017\/05\/oswaldo-1-300x199.png 300w, \/wp-content\/uploads\/2017\/05\/oswaldo-1-768x510.png 768w, \/wp-content\/uploads\/2017\/05\/oswaldo-1-585x389.png 585w, \/wp-content\/uploads\/2017\/05\/oswaldo-1.png 1153w\" sizes=\"(max-width: 1024px) 100vw, 1024px\" \/><\/a><figcaption id=\"caption-attachment-18283\" class=\"wp-caption-text\">Dr. Oswaldo Scopin no 6\u00ba Excel\u00eancia na Est\u00e9tica (Foto: Giulia Cordeiro\/ Dental Press)<\/figcaption><\/figure>\n<p style=\"text-align: justify;\"><span style=\"font-weight: 400;\">O Dr. Oswaldo Scopin \u00e9 mestre, doutor em Pr\u00f3tese Dental e graduado pela\u00a0Faculdade de Odontologia de Piracicaba da Universidade Estadual de Campinas (FOP-Unicamp), possui certificado do &#8220;<i><a href=\"https:\/\/dentalpress.com.br\/portal\/especializacao-em-dentistica-restauradora\/\">Curso<\/a> Avan\u00e7ado a N\u00edvel de P\u00f3s-Gradua\u00e7\u00e3o em Pr\u00f3tese Dental\u201d\u00a0<\/i>da <i>New York Univesity-College of Dentistry <\/i>(EUA) e foi\u00a0convidado para o cargo de <i>\u201cTeaching Fellow\u201d<\/i> (professor assistente cl\u00ednico) no Departamento de Pr\u00f3tese da mesma Universidade. Ainda \u00e9 editor chefe da revista JCDR (<em>Journal of Clinical Dentistry and Research<\/em>) Dental Press e coordenador do curso de P\u00f3s-Gradua\u00e7\u00e3o em Odontologia Est\u00e9tica do Centro Universit\u00e1rio do SENAC, S\u00e3o Paulo, desde 2004.<\/span><\/p>\n<p style=\"text-align: justify;\">Veja as fotos:<\/p>\n<p>[flickr_set id=&#8221;72157681131140422&#8243;]<\/p>\n","protected":false},"excerpt":{"rendered":"<p>Nesta quarta-feira (17), teve inicio o 2\u00ba m\u00f3dulo do 6\u00ba Curso de Excel\u00eancia na Est\u00e9tica, com aulas do professor Dr. Oswaldo Scopin sobre o tema &#8220;Restaura\u00e7\u00f5es Adesivas: A chave para a reabilita\u00e7\u00e3o total conservadora&#8221;. O m\u00f3dulo se estende at\u00e9 sexta-feira (19). O Dr. Oswaldo Scopin \u00e9 mestre, doutor em Pr\u00f3tese Dental e graduado pela\u00a0Faculdade de<\/p>\n","protected":false},"author":20,"featured_media":18282,"comment_status":"open","ping_status":"closed","sticky":false,"template":"","format":"standard","meta":{"footnotes":""},"categories":[],"tags":[],"class_list":["post-18207","post","type-post","status-publish","format-standard","has-post-thumbnail"],"aioseo_notices":[],"amp_enabled":true,"_links":{"self":[{"href":"https:\/\/dentalpress.com.br\/portal\/wp-json\/wp\/v2\/posts\/18207","targetHints":{"allow":["GET"]}}],"collection":[{"href":"https:\/\/dentalpress.com.br\/portal\/wp-json\/wp\/v2\/posts"}],"about":[{"href":"https:\/\/dentalpress.com.br\/portal\/wp-json\/wp\/v2\/types\/post"}],"author":[{"embeddable":true,"href":"https:\/\/dentalpress.com.br\/portal\/wp-json\/wp\/v2\/users\/20"}],"replies":[{"embeddable":true,"href":"https:\/\/dentalpress.com.br\/portal\/wp-json\/wp\/v2\/comments?post=18207"}],"version-history":[{"count":0,"href":"https:\/\/dentalpress.com.br\/portal\/wp-json\/wp\/v2\/posts\/18207\/revisions"}],"wp:featuredmedia":[{"embeddable":true,"href":"https:\/\/dentalpress.com.br\/portal\/wp-json\/wp\/v2\/media\/18282"}],"wp:attachment":[{"href":"https:\/\/dentalpress.com.br\/portal\/wp-json\/wp\/v2\/media?parent=18207"}],"wp:term":[{"taxonomy":"category","embeddable":true,"href":"https:\/\/dentalpress.com.br\/portal\/wp-json\/wp\/v2\/categories?post=18207"},{"taxonomy":"post_tag","embeddable":true,"href":"https:\/\/dentalpress.com.br\/portal\/wp-json\/wp\/v2\/tags?post=18207"}],"curies":[{"name":"wp","href":"https:\/\/api.w.org\/{rel}","templated":true}]}}