{"id":18200,"date":"2017-05-15T10:40:54","date_gmt":"2017-05-15T13:40:54","guid":{"rendered":"https:\/\/www.dentalpress.com.br\/portal\/?p=18200"},"modified":"2017-05-15T13:52:36","modified_gmt":"2017-05-15T16:52:36","slug":"mini-implante-marcio-almeida","status":"publish","type":"post","link":"https:\/\/dentalpress.com.br\/portal\/mini-implante-marcio-almeida\/","title":{"rendered":"A revolu\u00e7\u00e3o dos parafusos extra-alveolares &#8211; por Marcio Almeida"},"content":{"rendered":"<h4><a href=\"https:\/\/dentalpress.com.br\/portal\/wp-content\/uploads\/2017\/05\/marcioalmeida.jpg\"><img fetchpriority=\"high\" decoding=\"async\" class=\"aligncenter wp-image-18201 size-medium\" src=\"https:\/\/dentalpress.com.br\/portal\/wp-content\/uploads\/2017\/05\/marcioalmeida-300x300.jpg\" alt=\"\" width=\"300\" height=\"300\" srcset=\"\/wp-content\/uploads\/2017\/05\/marcioalmeida-300x300.jpg 300w, \/wp-content\/uploads\/2017\/05\/marcioalmeida-150x150.jpg 150w, \/wp-content\/uploads\/2017\/05\/marcioalmeida.jpg 327w\" sizes=\"(max-width: 300px) 100vw, 300px\" \/><\/a><\/h4>\n<h4 style=\"text-align: center;\"><strong>Marcio Almeida<\/strong><\/h4>\n<h6 style=\"text-align: justify;\">P\u00f3s-doutor em Ortodontia pela USP, com passagem pela Universidade de Connecticut (EUA); autor do livro Ortodontia Cl\u00ednica e Biomec\u00e2nica (Dental Press); professor do programa de p\u00f3s-gradua\u00e7\u00e3o da UNOPAR; professor do Excel\u00eancia na Ortodontia e palestrante confirmado no 9\u00ba Congresso Internacional Dental Press.<\/h6>\n<hr \/>\n<p style=\"text-align: justify;\">O uso de mini-implantes utilizados para necessidades referentes a ancoragem na pr\u00e1tica ortod\u00f4ntica moderna tem se tornado uma ferramenta importante para n\u00f3s ortodontistas. Os mini-parafusos vem sendo utilizados com muita frequ\u00eancia para refor\u00e7o de ancoragem inseridos na regi\u00e3o dentoalveolar, especialmente entre as ra\u00edzes dent\u00e1rias. No entanto, a inser\u00e7\u00e3o em locais extrarradiculares permite maior versatilidade dos movimentos ortod\u00f4nticos uma vez que as ra\u00edzes n\u00e3o interferem com o deslocamento dent\u00e1rio.<\/p>\n<p style=\"text-align: justify;\">Para simplificar a aplica\u00e7\u00e3o dos conceitos de biomec\u00e2nica para o tratamento de m\u00e1s oclus\u00f5es complexas, em vez de segmentar a mec\u00e2nica pode-se aplicar uma mec\u00e2nica multi-vetorial proveniente de um sofisticado sistema de for\u00e7as usando para tanto os parafusos extra-alveolares. O uso de mini-parafusos mais longos (10 ou 12 mm) inseridos na regi\u00e3o da crista infrazigom\u00e1tica (extrarradicular) permite maior versatilidade dos movimentos ortod\u00f4nticos uma vez que as ra\u00edzes n\u00e3o interferem com o deslocamento dent\u00e1rio de nenhum elemento dent\u00e1rio sendo poss\u00edvel conseguir a distaliza\u00e7\u00e3o de todo o arco superior e inferior.<\/p>\n<h4 style=\"text-align: justify;\"><a href=\"https:\/\/www.dentalpress.com.br\/portal\/mini-implantes-congresso-internacional-dental-press\/\" target=\"_blank\" rel=\"noopener noreferrer\"><span style=\"color: #666699;\">&gt;&gt;&gt; Leia tamb\u00e9m:\u00a0Mini-implantes: prepare-se para o 9\u00ba Congresso Internacional Dental Press<\/span><\/a><\/h4>\n<p style=\"text-align: justify;\">O Dr. <a href=\"https:\/\/www.dentalpress.com.br\/portal\/chris-chang-congresso-internacional-dental-press\/\" target=\"_blank\" rel=\"noopener noreferrer\"><strong><span style=\"color: #666699;\">Chris Chang<\/span><\/strong><\/a>, palestrante confirmado no 9\u00ba Congresso Internacional Dental Press, \u00e9 um dos pioneiros nesta t\u00e9cnica que vem revolucionando a <a href=\"https:\/\/dentalpress.com.br\/portal\/excelencia-em-ortodontia-2\/\">Ortodontia<\/a> &#8211; e, apesar de executar h\u00e1 mais de 10 anos, somente nos \u00faltimos cinco vem divulgando seus resultados em palestras e na internet.<\/p>\n<p style=\"text-align: justify;\">Tive a oportunidade de trabalhar com o Dr. Chang num artigo publicado na Revista Cl\u00ednica de Ortodontia Dental Press (<span style=\"color: #666699;\"><strong><a style=\"color: #666699;\" href=\"https:\/\/www.dentalpress.com.br\/portal\/mini-implantes-congresso-internacional-dental-press\/\" target=\"_blank\" rel=\"noopener noreferrer\">clique aqui para ler<\/a><\/strong><\/span>), no qual demonstramos a possibilidade de tratamento de umas das m\u00e1s oclus\u00f5es mais dif\u00edceis, que \u00e9 a Classe III. Neste artigo, um paciente portador de Classe III esquel\u00e9tica foi tratado com o uso de mini-parafusos inseridos na regi\u00e3o de Buccal Shelf e mec\u00e2nica de distaliza\u00e7\u00e3o de toda denti\u00e7\u00e3o inferior, o que \u00e9 considerado uma revolu\u00e7\u00e3o na Ortodontia, uma vez que somente com o uso de mini-placas era poss\u00edvel este tipo e mec\u00e2nica.<\/p>\n<p style=\"text-align: justify;\">Penso que num prazo relativamente curto teremos a possibilidade de entender melhor esta mec\u00e2nica do Dr. Chang com a publica\u00e7\u00e3o de artigos sobre o tema que vir\u00e3o compor a nossa literatura. No entanto, posso dizer que fazendo a mesma h\u00e1 quatro anos, vejo uma possibilidade real de tratar problemas complexos e associados muito mais facilmente com os parafusos posicionados em crista e Buccal Shelf. Isto revolucionou a maneira como eu venho aplicando a minha Ortodontia.<\/p>\n<hr \/>\n<p style=\"text-align: justify;\">Gostou deste conte\u00fado? Novas abordagens da Ortodontia ser\u00e1 o tema do 9\u00ba Congresso Internacional Dental Press. <span style=\"color: #666699;\"><a style=\"color: #666699;\" href=\"http:\/\/dentalpress.com.br\/congresso\/\" target=\"_blank\" rel=\"noopener noreferrer\"><strong>Clique aqui<\/strong> <\/a><\/span>e saiba mais sobre este grande evento!<\/p>\n<p style=\"text-align: justify;\"><a href=\"http:\/\/congresso.dentalpress.com.br\/\" target=\"_blank\" rel=\"noopener noreferrer\"><img decoding=\"async\" class=\"aligncenter size-large wp-image-18202\" src=\"https:\/\/dentalpress.com.br\/portal\/wp-content\/uploads\/2017\/05\/palestrantes2-1024x341.jpg\" alt=\"\" width=\"1024\" height=\"341\" srcset=\"\/wp-content\/uploads\/2017\/05\/palestrantes2-1024x341.jpg 1024w, \/wp-content\/uploads\/2017\/05\/palestrantes2-300x100.jpg 300w, \/wp-content\/uploads\/2017\/05\/palestrantes2-768x256.jpg 768w, \/wp-content\/uploads\/2017\/05\/palestrantes2-1170x390.jpg 1170w, \/wp-content\/uploads\/2017\/05\/palestrantes2-585x195.jpg 585w, \/wp-content\/uploads\/2017\/05\/palestrantes2.jpg 1200w\" sizes=\"(max-width: 1024px) 100vw, 1024px\" \/><\/a><\/p>\n","protected":false},"excerpt":{"rendered":"<p>Marcio Almeida P\u00f3s-doutor em Ortodontia pela USP, com passagem pela Universidade de Connecticut (EUA); autor do livro Ortodontia Cl\u00ednica e Biomec\u00e2nica (Dental Press); professor do programa de p\u00f3s-gradua\u00e7\u00e3o da UNOPAR; professor do Excel\u00eancia na Ortodontia e palestrante confirmado no 9\u00ba Congresso Internacional Dental Press. O uso de mini-implantes utilizados para necessidades referentes a ancoragem na<\/p>\n","protected":false},"author":20,"featured_media":13035,"comment_status":"open","ping_status":"closed","sticky":false,"template":"","format":"standard","meta":{"footnotes":""},"categories":[],"tags":[],"class_list":["post-18200","post","type-post","status-publish","format-standard","has-post-thumbnail"],"aioseo_notices":[],"amp_enabled":true,"_links":{"self":[{"href":"https:\/\/dentalpress.com.br\/portal\/wp-json\/wp\/v2\/posts\/18200","targetHints":{"allow":["GET"]}}],"collection":[{"href":"https:\/\/dentalpress.com.br\/portal\/wp-json\/wp\/v2\/posts"}],"about":[{"href":"https:\/\/dentalpress.com.br\/portal\/wp-json\/wp\/v2\/types\/post"}],"author":[{"embeddable":true,"href":"https:\/\/dentalpress.com.br\/portal\/wp-json\/wp\/v2\/users\/20"}],"replies":[{"embeddable":true,"href":"https:\/\/dentalpress.com.br\/portal\/wp-json\/wp\/v2\/comments?post=18200"}],"version-history":[{"count":0,"href":"https:\/\/dentalpress.com.br\/portal\/wp-json\/wp\/v2\/posts\/18200\/revisions"}],"wp:featuredmedia":[{"embeddable":true,"href":"https:\/\/dentalpress.com.br\/portal\/wp-json\/wp\/v2\/media\/13035"}],"wp:attachment":[{"href":"https:\/\/dentalpress.com.br\/portal\/wp-json\/wp\/v2\/media?parent=18200"}],"wp:term":[{"taxonomy":"category","embeddable":true,"href":"https:\/\/dentalpress.com.br\/portal\/wp-json\/wp\/v2\/categories?post=18200"},{"taxonomy":"post_tag","embeddable":true,"href":"https:\/\/dentalpress.com.br\/portal\/wp-json\/wp\/v2\/tags?post=18200"}],"curies":[{"name":"wp","href":"https:\/\/api.w.org\/{rel}","templated":true}]}}