{"id":17957,"date":"2017-05-03T10:35:19","date_gmt":"2017-05-03T13:35:19","guid":{"rendered":"https:\/\/www.dentalpress.com.br\/portal\/?p=17957"},"modified":"2017-05-03T10:46:52","modified_gmt":"2017-05-03T13:46:52","slug":"24a-hospitalar","status":"publish","type":"post","link":"https:\/\/dentalpress.com.br\/portal\/24a-hospitalar\/","title":{"rendered":"Cuidado odontol\u00f3gico \u00e9 tema de palestra na 24\u00aa Hospitalar"},"content":{"rendered":"<p style=\"text-align: justify;\">Acontece no pr\u00f3ximo dia 18 de maio, durante a 24<sup>a <\/sup>Hospitalar Feira + F\u00f3rum, uma palestra com o tema: <strong>Como as tecnologias disruptivas est\u00e3o mudando os cuidados odontol\u00f3gicos<\/strong>, garantindo a seguran\u00e7a dos pacientes, dentro do CISS 2017 &#8211; Congresso Internacional de Servi\u00e7os de Sa\u00fade.<\/p>\n<p style=\"text-align: justify;\">O palestrante ser\u00e1 o Dr. Carlos Hugo Mart\u00ednez Mart\u00ednez, diretor m\u00e9dico e gerente da ASISA Dental, seguradora de planos odontol\u00f3gicos com 32 cl\u00ednicas pr\u00f3prias na Espanha e tamb\u00e9m em Lisboa e Mil\u00e3o. Mart\u00ednez tamb\u00e9m \u00e9 diretor m\u00e9dico do Grupo Hospitalar HLA, formado por 15 hospitais e 20 centros de diagn\u00f3sticos na Espanha, \u00fanico grupo hospitalar pertencente a uma cooperativa de sa\u00fade (Cooperativa Lavinia ASISA), formada por mais de 18 mil m\u00e9dicos em Madri, na Espanha.<\/p>\n<p style=\"text-align: justify;\"><a href=\"https:\/\/dentalpress.com.br\/portal\/wp-content\/uploads\/2017\/05\/Hospitalar-Feira-e-Forum-2017-1.jpg\"><img fetchpriority=\"high\" decoding=\"async\" class=\"aligncenter size-full wp-image-17958\" src=\"https:\/\/dentalpress.com.br\/portal\/wp-content\/uploads\/2017\/05\/Hospitalar-Feira-e-Forum-2017-1.jpg\" alt=\"\" width=\"870\" height=\"430\" srcset=\"\/wp-content\/uploads\/2017\/05\/Hospitalar-Feira-e-Forum-2017-1.jpg 870w, \/wp-content\/uploads\/2017\/05\/Hospitalar-Feira-e-Forum-2017-1-300x148.jpg 300w, \/wp-content\/uploads\/2017\/05\/Hospitalar-Feira-e-Forum-2017-1-768x380.jpg 768w, \/wp-content\/uploads\/2017\/05\/Hospitalar-Feira-e-Forum-2017-1-585x289.jpg 585w\" sizes=\"(max-width: 870px) 100vw, 870px\" \/><\/a><\/p>\n<table border=\"0\">\n<tbody>\n<tr>\n<td><strong>SERVI\u00c7O<\/strong><\/p>\n<p><strong>Palestra: Como as tecnologias disruptivas est\u00e3o mudando os cuidados odontol\u00f3gicos, garantindo a seguran\u00e7a dos pacientes<\/strong><\/p>\n<p><strong>Data:<\/strong> 18 de maio de 2017<\/p>\n<p><strong>Local:<\/strong> Expo Center Norte \u2013 Rua Jos\u00e9 Bernardo Pinto, 333 &#8211; S\u00e3o Paulo\/SP<\/p>\n<p><strong>Hor\u00e1rio:<\/strong> 09h00 \u2013 10h30, durante a mesa 5: Como a tecnologia afeta a Seguran\u00e7a do Paciente e a qualidade dos cuidados? Quais s\u00e3o as perspectivas para o futuro?<\/p>\n<p><span style=\"color: #666699;\"><strong><a style=\"color: #666699;\" href=\"http:\/\/www.hospitalar.com\/en\/\" target=\"_blank\" rel=\"noopener noreferrer\">Mais informa\u00e7\u00f5es aqui.<\/a>\u00a0<\/strong><\/span><\/td>\n<\/tr>\n<\/tbody>\n<\/table>\n<p style=\"text-align: justify;\"><strong>SOBRE A HOSPITALAR:<\/strong><\/p>\n<p style=\"text-align: justify;\">Hospitalar \u2013 Evento Internacional de Solu\u00e7\u00f5es, Produtos, Equipamentos, Servi\u00e7os e Tecnologia para Hospitais, Laborat\u00f3rios, Farm\u00e1cias, Cl\u00ednicas e Consult\u00f3rios, realizada em S\u00e3o Paulo, \u00e9 o principal evento especializado nesta \u00e1rea, o \u00fanico multissetorial em todo continente americano. \u00c9 a mais completa mostra de produtos para a \u00e1rea de sa\u00fade.<br \/>\nS\u00e3o 1,2 mil marcas expositoras e 90 mil visitas profissionais, incluindo pesquisadores, os pensadores do setor da sa\u00fade e milhares de dirigentes hospitalares, m\u00e9dicos, enfermeiros e profissionais que influenciam e\/ou decidem as compras de hospitais, cl\u00ednicas, consult\u00f3rios e laborat\u00f3rios.<\/p>\n<p style=\"text-align: right;\">Fonte: Assessoria de imprensa<\/p>\n","protected":false},"excerpt":{"rendered":"<p>Acontece no pr\u00f3ximo dia 18 de maio, durante a 24a Hospitalar Feira + F\u00f3rum, uma palestra com o tema: Como as tecnologias disruptivas est\u00e3o mudando os cuidados odontol\u00f3gicos, garantindo a seguran\u00e7a dos pacientes, dentro do CISS 2017 &#8211; Congresso Internacional de Servi\u00e7os de Sa\u00fade. O palestrante ser\u00e1 o Dr. Carlos Hugo Mart\u00ednez Mart\u00ednez, diretor m\u00e9dico<\/p>\n","protected":false},"author":20,"featured_media":17958,"comment_status":"open","ping_status":"closed","sticky":false,"template":"","format":"standard","meta":{"footnotes":""},"categories":[],"tags":[],"class_list":["post-17957","post","type-post","status-publish","format-standard","has-post-thumbnail"],"aioseo_notices":[],"amp_enabled":true,"_links":{"self":[{"href":"https:\/\/dentalpress.com.br\/portal\/wp-json\/wp\/v2\/posts\/17957","targetHints":{"allow":["GET"]}}],"collection":[{"href":"https:\/\/dentalpress.com.br\/portal\/wp-json\/wp\/v2\/posts"}],"about":[{"href":"https:\/\/dentalpress.com.br\/portal\/wp-json\/wp\/v2\/types\/post"}],"author":[{"embeddable":true,"href":"https:\/\/dentalpress.com.br\/portal\/wp-json\/wp\/v2\/users\/20"}],"replies":[{"embeddable":true,"href":"https:\/\/dentalpress.com.br\/portal\/wp-json\/wp\/v2\/comments?post=17957"}],"version-history":[{"count":0,"href":"https:\/\/dentalpress.com.br\/portal\/wp-json\/wp\/v2\/posts\/17957\/revisions"}],"wp:featuredmedia":[{"embeddable":true,"href":"https:\/\/dentalpress.com.br\/portal\/wp-json\/wp\/v2\/media\/17958"}],"wp:attachment":[{"href":"https:\/\/dentalpress.com.br\/portal\/wp-json\/wp\/v2\/media?parent=17957"}],"wp:term":[{"taxonomy":"category","embeddable":true,"href":"https:\/\/dentalpress.com.br\/portal\/wp-json\/wp\/v2\/categories?post=17957"},{"taxonomy":"post_tag","embeddable":true,"href":"https:\/\/dentalpress.com.br\/portal\/wp-json\/wp\/v2\/tags?post=17957"}],"curies":[{"name":"wp","href":"https:\/\/api.w.org\/{rel}","templated":true}]}}