{"id":17948,"date":"2017-05-03T13:09:45","date_gmt":"2017-05-03T16:09:45","guid":{"rendered":"https:\/\/www.dentalpress.com.br\/portal\/?p=17948"},"modified":"2017-09-15T13:25:21","modified_gmt":"2017-09-15T16:25:21","slug":"abordagem-interdisciplinar-periodontite","status":"publish","type":"post","link":"https:\/\/dentalpress.com.br\/portal\/abordagem-interdisciplinar-periodontite\/","title":{"rendered":"Abordagem interdisciplinar melhora resultados de pacientes com comprometimento periodontal"},"content":{"rendered":"<p class=\"p1\" style=\"text-align: justify;\">Uma equipe\u00a0de pesquisadores da Sociedade de Promo\u00e7\u00e3o Social do Fissurado L\u00e1bio Palatal (PROFIS) de Bauru (SP), da Universidade Sagrado Cora\u00e7\u00e3o tamb\u00e9m de Bauru, da Faculdade Especializada na \u00c1rea de Sa\u00fade do Rio Grande do Sul em Passo Fundo, do Centro de Tratamento das Anomalias Craniofaciais do Rio de Janeiro e do\u00a0Hospital Central da Aeron\u00e1utica tamb\u00e9m no Rio, concluiu que\u00a0a flexibiliza\u00e7\u00e3o do conceito de normalidade, o respeito \u00e0s limita\u00e7\u00f5es &#8211; sequelas dent\u00e1rias e\/ou periodontais &#8211; e a aceita\u00e7\u00e3o de uma abordagem multidisciplinar, permitem propor metas terap\u00eauticas que imp\u00f5em um menor custo biol\u00f3gico e resgatam est\u00e9tica e fun\u00e7\u00e3o.<\/p>\n<p class=\"p1\" style=\"text-align: justify;\"><a href=\"https:\/\/dentalpress.com.br\/portal\/wp-content\/uploads\/2017\/05\/tratamento-periodontal.png\"><img fetchpriority=\"high\" decoding=\"async\" class=\"aligncenter wp-image-17951 size-full\" src=\"https:\/\/dentalpress.com.br\/portal\/wp-content\/uploads\/2017\/05\/tratamento-periodontal.png\" alt=\"\" width=\"865\" height=\"478\" srcset=\"\/wp-content\/uploads\/2017\/05\/tratamento-periodontal.png 865w, \/wp-content\/uploads\/2017\/05\/tratamento-periodontal-300x166.png 300w, \/wp-content\/uploads\/2017\/05\/tratamento-periodontal-768x424.png 768w, \/wp-content\/uploads\/2017\/05\/tratamento-periodontal-585x323.png 585w\" sizes=\"(max-width: 865px) 100vw, 865px\" \/><\/a><\/p>\n<p class=\"p1\" style=\"text-align: justify;\">O estudo intitulado &#8220;<em>Surgical-orthodontic treatment in adult patients with periodontal disease: To recognize the problem and its limitations is the basis&#8221;,\u00a0<\/em>foi publicado no volume 16, n\u00famero 2, da Revista Cl\u00ednica de <a href=\"https:\/\/dentalpress.com.br\/portal\/excelencia-em-ortodontia-2\/\">Ortodontia<\/a> Dental Press. Atrav\u00e9s do relato de um caso cl\u00ednico, o estudo teve como objetivo expor a necessidade de considerar as limita\u00e7\u00f5es e de uma abordagem interdisciplinar, ao apresentar uma paciente de\u00a0Padr\u00e3o Face Longa grave, com comprometimento periodontal importante. Ap\u00f3s ser submetida \u00e0 um tratamento ortod\u00f4ntico descompensat\u00f3rio cir\u00fargico, a paciente apresentou resultados que evidenciaram a possibilidade de se resgatar a est\u00e9tica e a fun\u00e7\u00e3o mesmo na presen\u00e7a de limita\u00e7\u00f5es significativas.<\/p>\n<h2 class=\"p1\" style=\"text-align: justify;\">Qual a import\u00e2ncia do estudo?<\/h2>\n<p class=\"p1\" style=\"text-align: justify;\">O tratamento ortod\u00f4ntico em pacientes adultos com comprometimento periodontal faz parte da pr\u00e1tica cl\u00ednica de rotina. O aumento da expectativa de vida e a preocupa\u00e7\u00e3o com a est\u00e9tica, somados \u00e0 acessibilidade ao tratamento ortod\u00f4ntico, fizeram com que o n\u00famero de pacientes adultos em busca pelo tratamento ortod\u00f4ntico aumentasse. Esses pacientes exigem, em sua grande maioria, um tratamento interdisciplinar, em que a manuten\u00e7\u00e3o da sa\u00fade periodontal \u00e9 de suma import\u00e2ncia. Quando o problema extrapola a posi\u00e7\u00e3o dos dentes e acomete a est\u00e9tica facial e o padr\u00e3o respirat\u00f3rio, a <a href=\"https:\/\/dentalpress.com.br\/portal\/curso-de-aperfeicoamento-em-cirurgia-de-dentes-retidos\/\">cirurgia<\/a> ortogn\u00e1tica ganha valor.<\/p>\n<p class=\"p1\" style=\"text-align: justify;\"><a href=\"https:\/\/dentalpress.com.br\/portal\/wp-content\/uploads\/2017\/05\/periodontite.png\"><img decoding=\"async\" class=\"aligncenter wp-image-17952 size-full\" src=\"https:\/\/dentalpress.com.br\/portal\/wp-content\/uploads\/2017\/05\/periodontite.png\" alt=\"\" width=\"869\" height=\"481\" srcset=\"\/wp-content\/uploads\/2017\/05\/periodontite.png 869w, \/wp-content\/uploads\/2017\/05\/periodontite-300x166.png 300w, \/wp-content\/uploads\/2017\/05\/periodontite-768x425.png 768w, \/wp-content\/uploads\/2017\/05\/periodontite-585x324.png 585w\" sizes=\"(max-width: 869px) 100vw, 869px\" \/><\/a><\/p>\n<p class=\"p1\" style=\"text-align: justify;\">De fato, o tratamento destes pacientes adultos com condi\u00e7\u00e3o periodontal adversa \u00e9 um desafio cl\u00ednico. No entanto, a flexibilia\u00e7\u00e3o do conceito de normalidade e o entendimento das limita\u00e7\u00f5es vinculadas \u00e0 condi\u00e7\u00e3o cl\u00ednica do paciente permitem propor metas terap\u00eauticas que imp\u00f5em um menor custo biol\u00f3gico. Vale destacar que, para que se perpetue um quadro com aus\u00eancia de inflama\u00e7\u00e3o, \u00e9 imprescind\u00edvel uma boa educa\u00e7\u00e3o de higiene bucal, al\u00e9m de visitas regulares ao periodontista.<\/p>\n<p class=\"p1\" style=\"text-align: justify;\"><strong>Gostou desta pesquisa?<\/strong> Confira o artigo na \u00edntegra, e mais outros 6 artigos in\u00e9ditos de Ortodontia adquirindo a <strong>Revista\u00a0Cl\u00ednica de Ortodontia Dental Press<\/strong>, \u00a0revista oficial da <em>Asociaci\u00f3n Latinoamericana de Ortodoncistas<\/em> (ALADO). <strong><span style=\"color: #666699;\"><a style=\"color: #666699;\" href=\"https:\/\/loja.dentalpress.com.br\/revistas\/revista-clinica-de-ortodontia-dental-press.html\" target=\"_blank\" rel=\"noopener noreferrer\">Saiba mais sobre o peri\u00f3dico aqui!<\/a><\/span><\/strong><\/p>\n<hr \/>\n<p class=\"p1\" style=\"text-align: justify;\"><a href=\"https:\/\/loja.dentalpress.com.br\/revistas\/revista-clinica-de-ortodontia-dental-press.html\" target=\"_blank\" rel=\"noopener noreferrer\"><img decoding=\"async\" class=\"aligncenter wp-image-17864 size-full\" src=\"https:\/\/dentalpress.com.br\/portal\/wp-content\/uploads\/2017\/04\/Rev-Clinica-v16n2-newsletter.jpg\" alt=\"\" width=\"774\" height=\"240\" srcset=\"\/wp-content\/uploads\/2017\/04\/Rev-Clinica-v16n2-newsletter.jpg 774w, \/wp-content\/uploads\/2017\/04\/Rev-Clinica-v16n2-newsletter-300x93.jpg 300w, \/wp-content\/uploads\/2017\/04\/Rev-Clinica-v16n2-newsletter-768x238.jpg 768w, \/wp-content\/uploads\/2017\/04\/Rev-Clinica-v16n2-newsletter-585x181.jpg 585w\" sizes=\"(max-width: 774px) 100vw, 774px\" \/><\/a><\/p>\n","protected":false},"excerpt":{"rendered":"<p>Uma equipe\u00a0de pesquisadores da Sociedade de Promo\u00e7\u00e3o Social do Fissurado L\u00e1bio Palatal (PROFIS) de Bauru (SP), da Universidade Sagrado Cora\u00e7\u00e3o tamb\u00e9m de Bauru, da Faculdade Especializada na \u00c1rea de Sa\u00fade do Rio Grande do Sul em Passo Fundo, do Centro de Tratamento das Anomalias Craniofaciais do Rio de Janeiro e do\u00a0Hospital Central da Aeron\u00e1utica tamb\u00e9m<\/p>\n","protected":false},"author":20,"featured_media":17974,"comment_status":"open","ping_status":"closed","sticky":false,"template":"","format":"standard","meta":{"footnotes":""},"categories":[],"tags":[],"class_list":["post-17948","post","type-post","status-publish","format-standard","has-post-thumbnail"],"aioseo_notices":[],"amp_enabled":true,"_links":{"self":[{"href":"https:\/\/dentalpress.com.br\/portal\/wp-json\/wp\/v2\/posts\/17948","targetHints":{"allow":["GET"]}}],"collection":[{"href":"https:\/\/dentalpress.com.br\/portal\/wp-json\/wp\/v2\/posts"}],"about":[{"href":"https:\/\/dentalpress.com.br\/portal\/wp-json\/wp\/v2\/types\/post"}],"author":[{"embeddable":true,"href":"https:\/\/dentalpress.com.br\/portal\/wp-json\/wp\/v2\/users\/20"}],"replies":[{"embeddable":true,"href":"https:\/\/dentalpress.com.br\/portal\/wp-json\/wp\/v2\/comments?post=17948"}],"version-history":[{"count":0,"href":"https:\/\/dentalpress.com.br\/portal\/wp-json\/wp\/v2\/posts\/17948\/revisions"}],"wp:featuredmedia":[{"embeddable":true,"href":"https:\/\/dentalpress.com.br\/portal\/wp-json\/wp\/v2\/media\/17974"}],"wp:attachment":[{"href":"https:\/\/dentalpress.com.br\/portal\/wp-json\/wp\/v2\/media?parent=17948"}],"wp:term":[{"taxonomy":"category","embeddable":true,"href":"https:\/\/dentalpress.com.br\/portal\/wp-json\/wp\/v2\/categories?post=17948"},{"taxonomy":"post_tag","embeddable":true,"href":"https:\/\/dentalpress.com.br\/portal\/wp-json\/wp\/v2\/tags?post=17948"}],"curies":[{"name":"wp","href":"https:\/\/api.w.org\/{rel}","templated":true}]}}