{"id":17897,"date":"2017-04-28T16:15:42","date_gmt":"2017-04-28T19:15:42","guid":{"rendered":"https:\/\/www.dentalpress.com.br\/portal\/?p=17897"},"modified":"2017-04-28T16:46:42","modified_gmt":"2017-04-28T19:46:42","slug":"tratamento-compensatorio-limitado-de-adulto-com-assimetria-e-ma-oclusao-padrao-iii","status":"publish","type":"post","link":"https:\/\/dentalpress.com.br\/portal\/tratamento-compensatorio-limitado-de-adulto-com-assimetria-e-ma-oclusao-padrao-iii\/","title":{"rendered":"Tratamento compensat\u00f3rio limitado de adulto com assimetria e m\u00e1 oclus\u00e3o do Padr\u00e3o III"},"content":{"rendered":"<div class=\"page\" data-page-number=\"1\" data-loaded=\"true\">\n<div class=\"textLayer\">\n<p style=\"text-align: justify;\"><strong>Autores:\u00a0Tien Lian, Mauricio Almeida Cardoso,\u00a0Liliana \u00c1vila Maltagliati e\u00a0Leopoldino Capelozza Filho.<\/strong><\/p>\n<p style=\"text-align: justify;\"><a href=\"https:\/\/dentalpress.com.br\/portal\/wp-content\/uploads\/2017\/04\/Captura-de-Tela-2017-04-28-a\u0300s-15.37.10.png\"><img fetchpriority=\"high\" decoding=\"async\" class=\"aligncenter wp-image-17901 \" src=\"https:\/\/dentalpress.com.br\/portal\/wp-content\/uploads\/2017\/04\/Captura-de-Tela-2017-04-28-a\u0300s-15.37.10.png\" alt=\"\" width=\"724\" height=\"436\" srcset=\"\/wp-content\/uploads\/2017\/04\/Captura-de-Tela-2017-04-28-a\u0300s-15.37.10.png 919w, \/wp-content\/uploads\/2017\/04\/Captura-de-Tela-2017-04-28-a\u0300s-15.37.10-300x181.png 300w, \/wp-content\/uploads\/2017\/04\/Captura-de-Tela-2017-04-28-a\u0300s-15.37.10-768x463.png 768w, \/wp-content\/uploads\/2017\/04\/Captura-de-Tela-2017-04-28-a\u0300s-15.37.10-585x353.png 585w\" sizes=\"(max-width: 724px) 100vw, 724px\" \/><\/a><\/p>\n<p style=\"text-align: justify;\">O presente relato de caso cl\u00ednico ilustra o tratamento compensat\u00f3rio de uma paciente adulta, portadora de laterognatismo suave, lim\u00edtrofe para Padr\u00e3o III por defici\u00eancia maxilar relativa. A paciente procurou tratamento com a queixa principal relacionada a desgastes, al\u00e9m de diastemas nos <a href=\"https:\/\/dentalpress.com.br\/portal\/curso-de-aperfeicoamento-em-cirurgia-de-dentes-retidos\/\">dentes<\/a> anteriores, e espa\u00e7os associados a sequelas de exodontias efetuadas em tratamento ortod\u00f4ntico pr\u00e9vio. Os problemas oclusais envolviam os tr\u00eas planos de espa\u00e7o: mordida cruzada posterior, aus\u00eancia de trespasses horizontal e vertical, com pouca exposi\u00e7\u00e3o de incisivos, tanto com o l\u00e1bio em repouso como no <a href=\"https:\/\/dentalpress.com.br\/portal\/imersao-em-correcao-de-sorriso-gengival\/\">sorriso<\/a>. A mec\u00e2nica assim\u00e9trica minimalista proposta resgatou, de modo compensat\u00f3rio, a forma das arcadas dent\u00e1rias e, associada \u00e0 reanatomiza\u00e7\u00e3o dent\u00e1ria e ao procedimento reabilitador, permitiu alcan\u00e7ar rela\u00e7\u00f5es oclusais satisfat\u00f3rias, em um contexto consciente do progn\u00f3stico limitado.<\/p>\n<h2 style=\"text-align: center;\"><a href=\"http:\/\/grupo.dentalpress.com.br\/faac4db50baa603fdf9f\" target=\"_blank\" rel=\"noopener noreferrer\"><span style=\"color: #666699;\">&gt;&gt;&gt; Baixe o artigo na \u00edntegra aqui! &lt;&lt;&lt;<\/span><\/a><\/h2>\n<div class=\"endOfContent\"><\/div>\n<\/div>\n<\/div>\n<div class=\"page\" data-page-number=\"2\" data-loaded=\"true\"><\/div>\n","protected":false},"excerpt":{"rendered":"<p>Autores:\u00a0Tien Lian, Mauricio Almeida Cardoso,\u00a0Liliana \u00c1vila Maltagliati e\u00a0Leopoldino Capelozza Filho. O presente relato de caso cl\u00ednico ilustra o tratamento compensat\u00f3rio de uma paciente adulta, portadora de laterognatismo suave, lim\u00edtrofe para Padr\u00e3o III por defici\u00eancia maxilar relativa. A paciente procurou tratamento com a queixa principal relacionada a desgastes, al\u00e9m de diastemas nos dentes anteriores, e espa\u00e7os<\/p>\n","protected":false},"author":20,"featured_media":17901,"comment_status":"open","ping_status":"closed","sticky":false,"template":"","format":"standard","meta":{"footnotes":""},"categories":[],"tags":[],"class_list":["post-17897","post","type-post","status-publish","format-standard","has-post-thumbnail"],"aioseo_notices":[],"amp_enabled":true,"_links":{"self":[{"href":"https:\/\/dentalpress.com.br\/portal\/wp-json\/wp\/v2\/posts\/17897","targetHints":{"allow":["GET"]}}],"collection":[{"href":"https:\/\/dentalpress.com.br\/portal\/wp-json\/wp\/v2\/posts"}],"about":[{"href":"https:\/\/dentalpress.com.br\/portal\/wp-json\/wp\/v2\/types\/post"}],"author":[{"embeddable":true,"href":"https:\/\/dentalpress.com.br\/portal\/wp-json\/wp\/v2\/users\/20"}],"replies":[{"embeddable":true,"href":"https:\/\/dentalpress.com.br\/portal\/wp-json\/wp\/v2\/comments?post=17897"}],"version-history":[{"count":0,"href":"https:\/\/dentalpress.com.br\/portal\/wp-json\/wp\/v2\/posts\/17897\/revisions"}],"wp:featuredmedia":[{"embeddable":true,"href":"https:\/\/dentalpress.com.br\/portal\/wp-json\/wp\/v2\/media\/17901"}],"wp:attachment":[{"href":"https:\/\/dentalpress.com.br\/portal\/wp-json\/wp\/v2\/media?parent=17897"}],"wp:term":[{"taxonomy":"category","embeddable":true,"href":"https:\/\/dentalpress.com.br\/portal\/wp-json\/wp\/v2\/categories?post=17897"},{"taxonomy":"post_tag","embeddable":true,"href":"https:\/\/dentalpress.com.br\/portal\/wp-json\/wp\/v2\/tags?post=17897"}],"curies":[{"name":"wp","href":"https:\/\/api.w.org\/{rel}","templated":true}]}}