{"id":17885,"date":"2017-04-28T16:34:08","date_gmt":"2017-04-28T19:34:08","guid":{"rendered":"https:\/\/www.dentalpress.com.br\/portal\/?p=17885"},"modified":"2017-04-28T16:34:08","modified_gmt":"2017-04-28T19:34:08","slug":"a-odontologia-estetica-como-causa-e-solucao-da-reabsorcao-cervical-externa","status":"publish","type":"post","link":"https:\/\/dentalpress.com.br\/portal\/a-odontologia-estetica-como-causa-e-solucao-da-reabsorcao-cervical-externa\/","title":{"rendered":"A Odontologia Est\u00e9tica como causa e solu\u00e7\u00e3o da Reabsor\u00e7\u00e3o Cervical Externa: a import\u00e2ncia  do traumatismo dent\u00e1rio"},"content":{"rendered":"<p style=\"text-align: justify;\"><strong>Autor: Alberto Consolaro.<\/strong><\/p>\n<p style=\"text-align: justify;\">A import\u00e2ncia da indu\u00e7\u00e3o, diagn\u00f3stico e tratamento da Reabsor\u00e7\u00e3o Cervical Externa na pr\u00e1tica da Odontologia Est\u00e9tica tem sido subestimada, mas como poss\u00edvel causa por alguns de seus procedimentos, talvez n\u00e3o deva ser sobrevalorizada.<\/p>\n<p style=\"text-align: justify;\"><a href=\"https:\/\/dentalpress.com.br\/portal\/wp-content\/uploads\/2017\/04\/consolaro-2.png\"><img fetchpriority=\"high\" decoding=\"async\" class=\"aligncenter wp-image-17887 size-large\" src=\"https:\/\/dentalpress.com.br\/portal\/wp-content\/uploads\/2017\/04\/consolaro-2-1024x578.png\" alt=\"\" width=\"1024\" height=\"578\" srcset=\"\/wp-content\/uploads\/2017\/04\/consolaro-2-1024x578.png 1024w, \/wp-content\/uploads\/2017\/04\/consolaro-2-300x169.png 300w, \/wp-content\/uploads\/2017\/04\/consolaro-2-768x434.png 768w, \/wp-content\/uploads\/2017\/04\/consolaro-2-1170x661.png 1170w, \/wp-content\/uploads\/2017\/04\/consolaro-2-585x330.png 585w, \/wp-content\/uploads\/2017\/04\/consolaro-2.png 1386w\" sizes=\"(max-width: 1024px) 100vw, 1024px\" \/><\/a><\/p>\n<p style=\"text-align: justify;\">A Reabsor\u00e7\u00e3o Cervical Externa \u00e9 freq\u00fcente e tem causa definida, mas em alguns poucos casos a sua etiologia poderia ser qualificada como idiop\u00e1tica. Na maioria destes casos idiop\u00e1ticos, infelizmente, o diagn\u00f3stico de idiopatia \u00e9 precipitado, pois algumas manobras da pr\u00e1tica cl\u00ednica podem estar associadas \u00e0 sua origem. Na pr\u00e1tica da Odontologia Est\u00e9tica algumas manobras podem ter implica\u00e7\u00f5es na etiologia da Reabsor\u00e7\u00e3o Cervical Externa.<\/p>\n<h2 style=\"text-align: center;\"><a href=\"http:\/\/grupo.dentalpress.com.br\/7b67a41348a0b569951c\" target=\"_blank\" rel=\"noopener noreferrer\"><span style=\"color: #666699;\">&gt;&gt;&gt; Baixe o artigo na \u00edntegra aqui! &lt;&lt;&lt;<\/span><\/a><\/h2>\n","protected":false},"excerpt":{"rendered":"<p>Autor: Alberto Consolaro. A import\u00e2ncia da indu\u00e7\u00e3o, diagn\u00f3stico e tratamento da Reabsor\u00e7\u00e3o Cervical Externa na pr\u00e1tica da Odontologia Est\u00e9tica tem sido subestimada, mas como poss\u00edvel causa por alguns de seus procedimentos, talvez n\u00e3o deva ser sobrevalorizada. A Reabsor\u00e7\u00e3o Cervical Externa \u00e9 freq\u00fcente e tem causa definida, mas em alguns poucos casos a sua etiologia poderia<\/p>\n","protected":false},"author":20,"featured_media":17887,"comment_status":"open","ping_status":"closed","sticky":false,"template":"","format":"standard","meta":{"footnotes":""},"categories":[],"tags":[],"class_list":["post-17885","post","type-post","status-publish","format-standard","has-post-thumbnail"],"aioseo_notices":[],"amp_enabled":true,"_links":{"self":[{"href":"https:\/\/dentalpress.com.br\/portal\/wp-json\/wp\/v2\/posts\/17885","targetHints":{"allow":["GET"]}}],"collection":[{"href":"https:\/\/dentalpress.com.br\/portal\/wp-json\/wp\/v2\/posts"}],"about":[{"href":"https:\/\/dentalpress.com.br\/portal\/wp-json\/wp\/v2\/types\/post"}],"author":[{"embeddable":true,"href":"https:\/\/dentalpress.com.br\/portal\/wp-json\/wp\/v2\/users\/20"}],"replies":[{"embeddable":true,"href":"https:\/\/dentalpress.com.br\/portal\/wp-json\/wp\/v2\/comments?post=17885"}],"version-history":[{"count":0,"href":"https:\/\/dentalpress.com.br\/portal\/wp-json\/wp\/v2\/posts\/17885\/revisions"}],"wp:featuredmedia":[{"embeddable":true,"href":"https:\/\/dentalpress.com.br\/portal\/wp-json\/wp\/v2\/media\/17887"}],"wp:attachment":[{"href":"https:\/\/dentalpress.com.br\/portal\/wp-json\/wp\/v2\/media?parent=17885"}],"wp:term":[{"taxonomy":"category","embeddable":true,"href":"https:\/\/dentalpress.com.br\/portal\/wp-json\/wp\/v2\/categories?post=17885"},{"taxonomy":"post_tag","embeddable":true,"href":"https:\/\/dentalpress.com.br\/portal\/wp-json\/wp\/v2\/tags?post=17885"}],"curies":[{"name":"wp","href":"https:\/\/api.w.org\/{rel}","templated":true}]}}