{"id":17871,"date":"2017-05-01T09:14:34","date_gmt":"2017-05-01T12:14:34","guid":{"rendered":"https:\/\/www.dentalpress.com.br\/portal\/?p=17871"},"modified":"2017-05-01T09:25:10","modified_gmt":"2017-05-01T12:25:10","slug":"2-circuito-de-biomecanica","status":"publish","type":"post","link":"https:\/\/dentalpress.com.br\/portal\/2-circuito-de-biomecanica\/","title":{"rendered":"Dr. M\u00e1rcio Almeida abre 2\u00ba Circuito de Biomec\u00e2nica"},"content":{"rendered":"<p style=\"text-align: justify;\">Nesta segunda-feira de feriado (01), o Dr. Marcio Almeida d\u00e1 in\u00edcio ao 2\u00ba Circuito de Biomec\u00e2nica.\u00a0O <a href=\"https:\/\/dentalpress.com.br\/portal\/como-inserir-lasers-de-baixa-e-alta-potencia-na-rotina-clinica\/\">curso<\/a>, que segue at\u00e9 quinta-feira (04), visa\u00a0proporcionar aos participantes ferramentas para\u00a0resolver problemas complexos como desvios de linha m\u00e9dia, impacta\u00e7\u00f5es dent\u00e1rias, assimetrias de planos oclusais, fechamentos de espa\u00e7os \u00a0sim\u00e9tricos e assim\u00e9tricos, entre outros, enfatizando a aplica\u00e7\u00e3o da Biomec\u00e2nica Moderna.<\/p>\n<figure id=\"attachment_17919\" aria-describedby=\"caption-attachment-17919\" style=\"width: 1024px\" class=\"wp-caption aligncenter\"><a href=\"https:\/\/dentalpress.com.br\/portal\/wp-content\/uploads\/2017\/05\/biomec\u00e2nica-e1493641309963.jpg\"><img fetchpriority=\"high\" decoding=\"async\" class=\"wp-image-17919 size-large\" src=\"https:\/\/dentalpress.com.br\/portal\/wp-content\/uploads\/2017\/05\/biomec\u00e2nica-1024x683.jpg\" alt=\"\" width=\"1024\" height=\"683\" \/><\/a><figcaption id=\"caption-attachment-17919\" class=\"wp-caption-text\">Dr. M\u00e1rcio Almeida no 2\u00ba Circuito de Biomec\u00e2nica (Foto: Renata Mastromauro)<\/figcaption><\/figure>\n<p style=\"text-align: justify;\">Nos dois primeiros dias, quem comanda o audit\u00f3rio \u00e9 o professor Dr. Marcio Almeida; na quarta e quinta-feira, o Dr. Maur\u00edcio Sakima assume o posto. Ser\u00e3o abordados temas como onde e quando a segmenta\u00e7\u00e3o da mec\u00e2nica faz a diferen\u00e7a nos casos cl\u00ednicos, emprego da biomec\u00e2nica com \u00eanfase na est\u00e9tica do sorriso, uso de mini-implantes para corre\u00e7\u00e3o de mordida aberta e sobremordida, tipos de miniplacas: indica\u00e7\u00f5es, vantagens e desvantagens, e muito mais. Na parte pr\u00e1tica, as mec\u00e2nicas utilizadas para a corre\u00e7\u00e3o dos problemas mencionados ser\u00e3o aplicadas nos typodonts reais para mergulho em \u00e1gua quente, e as movimenta\u00e7\u00f5es propostas poder\u00e3o ser verificadas e os poss\u00edveis efeitos colaterais ser\u00e3o discutidos e corrigidos.<\/p>\n<p style=\"text-align: justify;\">Autor do livro <em><a href=\"https:\/\/dentalpress.com.br\/portal\/excelencia-em-ortodontia-2\/\">Ortodontia<\/a> Cl\u00ednica e Biomec\u00e2nica<\/em> (Editora Dental Press), o professor Dr. Marcio Almeida \u00e9 p\u00f3s-doutor em Ortodontia pela Universidade de S\u00e3o Paulo (USP), com passagem pela Universidade de Connecticut, nos Estados Unidos, al\u00e9m de consultor cient\u00edficos de diversas publica\u00e7\u00f5es no Brasil e no exterior. Atualmente \u00e9 professor do programa de p\u00f3s-gradua\u00e7\u00e3o da Universidade Norte do Paran\u00e1 (Unopar), em Londrina.<\/p>\n<p style=\"text-align: justify;\">O professor Dr. Maur\u00edcio Sakima \u00e9 doutor em Ortodontia pela Universidade Estadual Julio Mesquita Filho (Unesp-Araraquara), institui\u00e7\u00e3o onde atua como professor assistente. \u00c9 tamb\u00e9m professor convidado da Aarhus Royal Dental College, na Dinamarca, onde concluiu seu p\u00f3s-doutoramento.<\/p>\n<p style=\"text-align: justify;\">Veja as fotos:<\/p>\n<p>[flickr_set id=&#8221;72157681171331481&#8243;]<\/p>\n","protected":false},"excerpt":{"rendered":"<p>Nesta segunda-feira de feriado (01), o Dr. Marcio Almeida d\u00e1 in\u00edcio ao 2\u00ba Circuito de Biomec\u00e2nica.\u00a0O curso, que segue at\u00e9 quinta-feira (04), visa\u00a0proporcionar aos participantes ferramentas para\u00a0resolver problemas complexos como desvios de linha m\u00e9dia, impacta\u00e7\u00f5es dent\u00e1rias, assimetrias de planos oclusais, fechamentos de espa\u00e7os \u00a0sim\u00e9tricos e assim\u00e9tricos, entre outros, enfatizando a aplica\u00e7\u00e3o da Biomec\u00e2nica Moderna. Nos<\/p>\n","protected":false},"author":20,"featured_media":17919,"comment_status":"open","ping_status":"closed","sticky":false,"template":"","format":"standard","meta":{"footnotes":""},"categories":[],"tags":[],"class_list":["post-17871","post","type-post","status-publish","format-standard","has-post-thumbnail"],"aioseo_notices":[],"amp_enabled":true,"_links":{"self":[{"href":"https:\/\/dentalpress.com.br\/portal\/wp-json\/wp\/v2\/posts\/17871","targetHints":{"allow":["GET"]}}],"collection":[{"href":"https:\/\/dentalpress.com.br\/portal\/wp-json\/wp\/v2\/posts"}],"about":[{"href":"https:\/\/dentalpress.com.br\/portal\/wp-json\/wp\/v2\/types\/post"}],"author":[{"embeddable":true,"href":"https:\/\/dentalpress.com.br\/portal\/wp-json\/wp\/v2\/users\/20"}],"replies":[{"embeddable":true,"href":"https:\/\/dentalpress.com.br\/portal\/wp-json\/wp\/v2\/comments?post=17871"}],"version-history":[{"count":0,"href":"https:\/\/dentalpress.com.br\/portal\/wp-json\/wp\/v2\/posts\/17871\/revisions"}],"wp:featuredmedia":[{"embeddable":true,"href":"https:\/\/dentalpress.com.br\/portal\/wp-json\/wp\/v2\/media\/17919"}],"wp:attachment":[{"href":"https:\/\/dentalpress.com.br\/portal\/wp-json\/wp\/v2\/media?parent=17871"}],"wp:term":[{"taxonomy":"category","embeddable":true,"href":"https:\/\/dentalpress.com.br\/portal\/wp-json\/wp\/v2\/categories?post=17871"},{"taxonomy":"post_tag","embeddable":true,"href":"https:\/\/dentalpress.com.br\/portal\/wp-json\/wp\/v2\/tags?post=17871"}],"curies":[{"name":"wp","href":"https:\/\/api.w.org\/{rel}","templated":true}]}}