{"id":17750,"date":"2017-04-24T15:13:22","date_gmt":"2017-04-24T18:13:22","guid":{"rendered":"https:\/\/www.dentalpress.com.br\/portal\/?p=17750"},"modified":"2017-04-25T09:07:12","modified_gmt":"2017-04-25T12:07:12","slug":"nova-edicao-da-dpjo-traz-8-artigos-ineditos","status":"publish","type":"post","link":"https:\/\/dentalpress.com.br\/portal\/nova-edicao-da-dpjo-traz-8-artigos-ineditos\/","title":{"rendered":"Nova edi\u00e7\u00e3o da DPJO traz oito artigos in\u00e9ditos"},"content":{"rendered":"<p style=\"text-align: justify;\">A segunda edi\u00e7\u00e3o de 2017 da Dental Press Journal of Orthodontics (DPJO) j\u00e1 est\u00e1 dispon\u00edvel para compra em formato digital, e logo chegar\u00e1 \u00e0s m\u00e3os dos assinantes. Publicada em Portugu\u00eas e Ingl\u00eas, o DPJO \u00e9 a revista oficial da Associa\u00e7\u00e3o Brasileira de <a href=\"https:\/\/dentalpress.com.br\/portal\/excelencia-em-ortodontia-2\/\">Ortodontia<\/a> e Ortopedia Facial (ABOR) e do Board Brasileiro de\u00a0Ortodontia e Ortopedia Facial (BBO) e o principal peri\u00f3dico cient\u00edfico da especialidade na Am\u00e9rica Latina.<\/p>\n<p style=\"text-align: justify;\"><a href=\"https:\/\/dentalpress.com.br\/portal\/wp-content\/uploads\/2017\/04\/capa-dpjo.png\"><img fetchpriority=\"high\" decoding=\"async\" class=\"aligncenter wp-image-17765 size-full\" src=\"https:\/\/dentalpress.com.br\/portal\/wp-content\/uploads\/2017\/04\/capa-dpjo.png\" alt=\"\" width=\"634\" height=\"832\" srcset=\"\/wp-content\/uploads\/2017\/04\/capa-dpjo.png 634w, \/wp-content\/uploads\/2017\/04\/capa-dpjo-229x300.png 229w, \/wp-content\/uploads\/2017\/04\/capa-dpjo-585x768.png 585w\" sizes=\"(max-width: 634px) 100vw, 634px\" \/><\/a><\/p>\n<h2>Se\u00e7\u00f5es da DPJO<\/h2>\n<p class=\"p1\" style=\"text-align: justify;\">Nas se\u00e7\u00f5es desta edi\u00e7\u00e3o, o editor chefe Dr. David Normando fala sobre\u00a0o tema &#8220;Por que alguns tratamentos demoram tanto e outros n\u00e3o?&#8221; no Editorial; o Dr.\u00a0Matheus Melo Pithon escreve sobre &#8220;Destaques da literatura ortod\u00f4ntica mundial&#8221; na coluna\u00a0<em>Orthodontics Highlights;\u00a0<\/em>no T\u00f3pico Especial o Dr. Renato Parsekian Martins aborda o tema\u00a0&#8220;<a href=\"https:\/\/dentalpress.com.br\/portal\/imersao-em-correcao-de-sorriso-gengival\/\">Corre\u00e7\u00e3o<\/a> vertical antecipada da curva de Spee&#8221;; e na coluna <em>Insight\u00a0Ortod\u00f4ntico <\/em>a\u00a0Dra.\u00a0Mariana Trevizan e o Dr. Alberto Consolaro falam sobre &#8220;Pr\u00e9-maxila: um osso independente que pode fundamentar terap\u00eauticas para o crescimento do ter\u00e7o m\u00e9dio da face!&#8221;.<\/p>\n<h4 class=\"p1\" style=\"text-align: justify;\"><span style=\"color: #666699;\"><a style=\"color: #666699;\" href=\"https:\/\/www.dentalpress.com.br\/portal\/dpjo-digital-v22n1\/\" target=\"_blank\" rel=\"noopener noreferrer\">&gt;&gt;&gt; Leia Tamb\u00e9m:\u00a0Nova edi\u00e7\u00e3o do DPJO j\u00e1 est\u00e1 dispon\u00edvel em formato digital<\/a><\/span><\/h4>\n<p class=\"p1\" style=\"text-align: justify;\">Ainda nas se\u00e7\u00f5es, temos Paul Gange como entrevistado da edi\u00e7\u00e3o, e ainda o Caso Cl\u00ednico BBO &#8220;Agenesia de segundo pr\u00e9-molar inferior em paciente com biprotrus\u00e3o dent\u00e1ria&#8221;, do Dr. Carlos Alberto Estevanell Tavares.<\/p>\n<h2>Artigos in\u00e9ditos<\/h2>\n<p class=\"p1\" style=\"text-align: justify;\">A nova edi\u00e7\u00e3o da DPJO ainda conta com 8 artigos in\u00e9ditos, confira:<\/p>\n<p class=\"p1\" style=\"text-align: justify;\"><strong>Tempo de conten\u00e7\u00e3o ap\u00f3s tratamento da mordida cruzada posterior com expans\u00e3o maxilar: uma revis\u00e3o sistem\u00e1tica,<\/strong>\u00a0por Julia Garcia Costa, Tha\u00eds Magalh\u00e3es Galindo, Claudia Trindade Mattos, Adriana de Alcantara Cury-Saramago;<\/p>\n<p class=\"p3\" style=\"text-align: justify;\"><strong>Altera\u00e7\u00f5es na cor e degrada\u00e7\u00e3o da for\u00e7a de ligaduras el\u00e1sticas ortod\u00f4nticas,<\/strong>\u00a0por Samaneh Nakhaei, Raha Habib Agahi, Amin Aminian, Masoud Rezaeizadeh;<\/p>\n<p class=\"p3\" style=\"text-align: justify;\"><strong>O <a href=\"https:\/\/dentalpress.com.br\/portal\/como-inserir-lasers-de-baixa-e-alta-potencia-na-rotina-clinica\/\">laser<\/a> de CO<span class=\"s1\">2 <\/span>reduz a resist\u00eancia adesiva de diferentes tipos de braquetes <a href=\"https:\/\/dentalpress.com.br\/portal\/curso-de-imersao-laminados-ceramicos-clinico\/\">cer\u00e2micos<\/a>?<\/strong>\u00a0por F\u00e1bio Louren\u00e7o Romano, Giovanna Pessoti, Rodrigo Galo, Jaciara Miranda Gomes-Silva, Mar\u00edlia Pac\u00edfico Lucisano, Maria Cristina Borsatto, Paulo Nelson-Filho;<\/p>\n<p class=\"p3\" style=\"text-align: justify;\"><strong>Avalia\u00e7\u00e3o da expans\u00e3o maxilar r\u00e1pida e lenta usando tomografia computadorizada de feixe c\u00f4nico: ensaio cl\u00ednico randomizado,\u00a0<\/strong>por\u00a0Juliana da S. Pereira, Helder B. Jacob, Arno Locks, Mauricio Brunetto, Gerson L. U. Ribeiro;<\/p>\n<p class=\"p3\" style=\"text-align: justify;\"><strong>\u00cdndice de falhas nos 6 meses ap\u00f3s a colagem de braquetes com uma <a href=\"https:\/\/dentalpress.com.br\/portal\/imersao-em-resina-compostas\/\">resina<\/a> composta fluida: um estudo randomizado controlado, em boca dividida<\/strong>, por Sindhuja Krishnan, Saravana Pandian, R. Rajagopal;<\/p>\n<p class=\"p3\" style=\"text-align: justify;\"><strong>Influ\u00eancia do posicionamento sagital da mand\u00edbula na atratividade facial e percep\u00e7\u00e3o social<\/strong>, por \u00a0Lorena Marques Ferreira de Sena, Lislley Anne Lacerda Damasceno e Ara\u00fajo, Arthur Costa Rodrigues Farias, Hallissa Simpl\u00edcio Gomes Pereira;<\/p>\n<p class=\"p3\" style=\"text-align: justify;\"><strong>An\u00e1lise facial subjetiva e sua correla\u00e7\u00e3o com as rela\u00e7\u00f5es dent\u00e1rias<\/strong>, por Gustavo Silva Si\u00e9cola, Leopoldino Capelozza Filho, Diego Coelho Lorenzoni, Guilherme Janson, Jos\u00e9 Fernando Castanha Henriques;<\/p>\n<p class=\"p3\" style=\"text-align: justify;\"><strong>Diferentes posi\u00e7\u00f5es verticais dos incisivos centrais superiores influenciam na percep\u00e7\u00e3o est\u00e9tica do sorriso?<\/strong>, por Erica Bretas Cabral Menezes, Marcos Alan Vieira Bittencourt, Andre Wilson Machado.<\/p>\n<hr \/>\n<p class=\"p3\" style=\"text-align: justify;\"><a href=\"https:\/\/loja.dentalpress.com.br\/revistas\/revista-dental-press-journal-of-orthodontics-em-portugues.html\" target=\"_blank\" rel=\"noopener noreferrer\"><img decoding=\"async\" class=\"aligncenter wp-image-17756 \" src=\"https:\/\/dentalpress.com.br\/portal\/wp-content\/uploads\/2017\/04\/Baner-para-loja-1024x421.jpg\" alt=\"\" width=\"651\" height=\"267\" srcset=\"\/wp-content\/uploads\/2017\/04\/Baner-para-loja-1024x421.jpg 1024w, \/wp-content\/uploads\/2017\/04\/Baner-para-loja-300x123.jpg 300w, \/wp-content\/uploads\/2017\/04\/Baner-para-loja-768x315.jpg 768w, \/wp-content\/uploads\/2017\/04\/Baner-para-loja-1170x481.jpg 1170w, \/wp-content\/uploads\/2017\/04\/Baner-para-loja-585x240.jpg 585w, \/wp-content\/uploads\/2017\/04\/Baner-para-loja.jpg 1171w\" sizes=\"(max-width: 651px) 100vw, 651px\" \/><\/a><\/p>\n","protected":false},"excerpt":{"rendered":"<p>A segunda edi\u00e7\u00e3o de 2017 da Dental Press Journal of Orthodontics (DPJO) j\u00e1 est\u00e1 dispon\u00edvel para compra em formato digital, e logo chegar\u00e1 \u00e0s m\u00e3os dos assinantes. Publicada em Portugu\u00eas e Ingl\u00eas, o DPJO \u00e9 a revista oficial da Associa\u00e7\u00e3o Brasileira de Ortodontia e Ortopedia Facial (ABOR) e do Board Brasileiro de\u00a0Ortodontia e Ortopedia Facial<\/p>\n","protected":false},"author":20,"featured_media":17764,"comment_status":"open","ping_status":"closed","sticky":false,"template":"","format":"standard","meta":{"footnotes":""},"categories":[],"tags":[],"class_list":["post-17750","post","type-post","status-publish","format-standard","has-post-thumbnail"],"aioseo_notices":[],"amp_enabled":true,"_links":{"self":[{"href":"https:\/\/dentalpress.com.br\/portal\/wp-json\/wp\/v2\/posts\/17750","targetHints":{"allow":["GET"]}}],"collection":[{"href":"https:\/\/dentalpress.com.br\/portal\/wp-json\/wp\/v2\/posts"}],"about":[{"href":"https:\/\/dentalpress.com.br\/portal\/wp-json\/wp\/v2\/types\/post"}],"author":[{"embeddable":true,"href":"https:\/\/dentalpress.com.br\/portal\/wp-json\/wp\/v2\/users\/20"}],"replies":[{"embeddable":true,"href":"https:\/\/dentalpress.com.br\/portal\/wp-json\/wp\/v2\/comments?post=17750"}],"version-history":[{"count":0,"href":"https:\/\/dentalpress.com.br\/portal\/wp-json\/wp\/v2\/posts\/17750\/revisions"}],"wp:featuredmedia":[{"embeddable":true,"href":"https:\/\/dentalpress.com.br\/portal\/wp-json\/wp\/v2\/media\/17764"}],"wp:attachment":[{"href":"https:\/\/dentalpress.com.br\/portal\/wp-json\/wp\/v2\/media?parent=17750"}],"wp:term":[{"taxonomy":"category","embeddable":true,"href":"https:\/\/dentalpress.com.br\/portal\/wp-json\/wp\/v2\/categories?post=17750"},{"taxonomy":"post_tag","embeddable":true,"href":"https:\/\/dentalpress.com.br\/portal\/wp-json\/wp\/v2\/tags?post=17750"}],"curies":[{"name":"wp","href":"https:\/\/api.w.org\/{rel}","templated":true}]}}