{"id":17599,"date":"2017-04-20T17:58:29","date_gmt":"2017-04-20T20:58:29","guid":{"rendered":"https:\/\/www.dentalpress.com.br\/portal\/?p=17599"},"modified":"2017-04-26T09:40:21","modified_gmt":"2017-04-26T12:40:21","slug":"9-congresso-internacional-dental-press","status":"publish","type":"post","link":"https:\/\/dentalpress.com.br\/portal\/9-congresso-internacional-dental-press\/","title":{"rendered":"Vem a\u00ed o 9\u00ba Congresso Internacional Dental Press"},"content":{"rendered":"<p><iframe src=\"https:\/\/www.youtube.com\/embed\/ZD0sKXvpp8s\" width=\"560\" height=\"315\" frameborder=\"0\" allowfullscreen=\"allowfullscreen\"><\/iframe><\/p>\n<p style=\"text-align: justify;\">A Dental Press est\u00e1 preparando a 9\u00aa edi\u00e7\u00e3o do congresso mais exclusivo da <a href=\"https:\/\/dentalpress.com.br\/portal\/excelencia-em-ortodontia-2\/\">Ortodontia<\/a> brasileira. Nos dias <strong>22, 23 e 24 de mar\u00e7o de 2018<\/strong>, Maring\u00e1 recebe o <strong>9\u00ba Congresso Internacional Dental Press<\/strong>.\u00a0<span style=\"font-weight: 400;\">Pela primeira vez, al\u00e9m de acontecer em um dos melhores teatros do pa\u00eds, o <\/span>Calil Haddad<span style=\"font-weight: 400;\">, a programa\u00e7\u00e3o se estender\u00e1 \u00e0 sede da <\/span>Dental Press<span style=\"font-weight: 400;\">, um espa\u00e7o de 3 mil metros quadrados a poucos passos do teatro.<\/span><\/p>\n<p style=\"text-align: justify;\"><span style=\"font-weight: 400;\">O maior nome da ortodontia mundial, <\/span><b>Chris Chang,<\/b><span style=\"font-weight: 400;\">\u00a0ser\u00e1 a atra\u00e7\u00e3o principal do evento.\u00a0<\/span>Palestrante, professor e CEO do Beethoven Orthodontic and Implant Group, em Hsinchu City, Taiwan, ele \u00e9 PhD em Fisiologia \u00d3ssea e Especialista em Ortodontia pela Indiana University, nos Estados Unidos. Criador do protocolo OrthoBoneScrew, ele revolucionou a forma de planejar e executar as movimenta\u00e7\u00f5es dentoalveolares com a utiliza\u00e7\u00e3o de parafusos ortod\u00f4nticos.<\/p>\n<figure id=\"attachment_17700\" aria-describedby=\"caption-attachment-17700\" style=\"width: 477px\" class=\"wp-caption aligncenter\"><a href=\"https:\/\/dentalpress.com.br\/portal\/wp-content\/uploads\/2017\/04\/chris-chang.png\"><img fetchpriority=\"high\" decoding=\"async\" class=\"wp-image-17700 size-full\" src=\"https:\/\/dentalpress.com.br\/portal\/wp-content\/uploads\/2017\/04\/chris-chang.png\" alt=\"Congresso Internacional Dental Press\" width=\"477\" height=\"535\" srcset=\"\/wp-content\/uploads\/2017\/04\/chris-chang.png 477w, \/wp-content\/uploads\/2017\/04\/chris-chang-267x300.png 267w\" sizes=\"(max-width: 477px) 100vw, 477px\" \/><\/a><figcaption id=\"caption-attachment-17700\" class=\"wp-caption-text\">Dr. Chris Chang, de Taiwan, ser\u00e1 o convidado internacional do 9\u00ba Congresso Internacional Dental Press (Foto: Divulga\u00e7\u00e3o)<\/figcaption><\/figure>\n<p style=\"text-align: justify;\">Novas abordagens da Ortodontia tamb\u00e9m ser\u00e3o apresentadas por 10 palestrantes nacionais de alt\u00edssimo n\u00edvel: <strong>Carlo Marassi, Carlos Alexandre C\u00e2mara, Daniela Garib, Ertty Silva, Jorge Faber, Leopoldino Capelozza, Marcio Almeida, Marcos Janson e Nelson Mucha.\u00a0<\/strong>A abertura ficar\u00e1 a cargo de <strong>Alberto Consolaro<\/strong>, com uma apresenta\u00e7\u00e3o que misturar\u00e1 ci\u00eancia e arte.<\/p>\n<h2 style=\"text-align: justify;\"><b>Para poucos<\/b><\/h2>\n<p style=\"text-align: justify;\"><span style=\"font-weight: 400;\">O evento exclusivo, para apenas <\/span><b>700 ortodontistas<\/b><span style=\"font-weight: 400;\">, promover\u00e1 grandes encontros. Ser\u00e3o duas festas \u2013 a Welcome Party, com food trucks, cerveja artesanal, boa m\u00fasica e muito mais, em nossa casa, a Dental Press; e a Festa Principal, <\/span><i><span style=\"font-weight: 400;\">all inclusive<\/span><\/i><span style=\"font-weight: 400;\">, no espa\u00e7o mais requintado da cidade, o Moinho Vermelho, com jantar completo, banda e bebidas \u00e0 vontade.<\/span><\/p>\n<h2><strong>Workshops<\/strong><\/h2>\n<p>Pela primeira vez, a Dental Press abre as\u00a0portas \u00a0de sua sede para uma programa\u00e7\u00e3o paralela ao evento principal. Grandes nomes da Ortodontia ministrar\u00e3o <a href=\"https:\/\/dentalpress.com.br\/portal\/especializacao-em-implantodontia-transforme-sua-carreira-com-precisao-e-seguranca\/\">cursos<\/a> exclusivos com vagas limitadas: Marcos Janson, Marcio Almeida e Ertty Silva. Mais informa\u00e7\u00f5es sobre os workshops ser\u00e3o divulgadas em breve.<\/p>\n<h2 style=\"text-align: justify;\"><strong>Inscri\u00e7\u00f5es<\/strong><\/h2>\n<h3 style=\"text-align: justify;\">Para mais\u00a0informa\u00e7\u00f5es, acesse o site do congresso <span style=\"color: #ffcc00;\"><a style=\"color: #ffcc00;\" href=\"http:\/\/congresso.dentalpress.com.br\/\" target=\"_blank\" rel=\"noopener noreferrer\">aqui<\/a>.<\/span> N\u00e3o fique de fora; <span style=\"color: #ffcc00;\"><a style=\"color: #ffcc00;\" href=\"http:\/\/congresso.dentalpress.com.br\/\" target=\"_blank\" rel=\"noopener noreferrer\">inscreva-se agora<\/a><\/span> e garanta o valor do primeiro lote!<\/h3>\n<p>&nbsp;<\/p>\n<p><a href=\"http:\/\/congresso.dentalpress.com.br\/\" target=\"_blank\" rel=\"noopener noreferrer\"><img decoding=\"async\" class=\"aligncenter size-large wp-image-17710\" src=\"https:\/\/dentalpress.com.br\/portal\/wp-content\/uploads\/2017\/04\/palestrantes2-1024x341.jpg\" alt=\"\" width=\"1024\" height=\"341\" srcset=\"\/wp-content\/uploads\/2017\/04\/palestrantes2-1024x341.jpg 1024w, \/wp-content\/uploads\/2017\/04\/palestrantes2-300x100.jpg 300w, \/wp-content\/uploads\/2017\/04\/palestrantes2-768x256.jpg 768w, \/wp-content\/uploads\/2017\/04\/palestrantes2-1170x390.jpg 1170w, \/wp-content\/uploads\/2017\/04\/palestrantes2-585x195.jpg 585w, \/wp-content\/uploads\/2017\/04\/palestrantes2.jpg 1200w\" sizes=\"(max-width: 1024px) 100vw, 1024px\" \/><\/a><\/p>\n","protected":false},"excerpt":{"rendered":"<p>A Dental Press est\u00e1 preparando a 9\u00aa edi\u00e7\u00e3o do congresso mais exclusivo da Ortodontia brasileira. Nos dias 22, 23 e 24 de mar\u00e7o de 2018, Maring\u00e1 recebe o 9\u00ba Congresso Internacional Dental Press.\u00a0Pela primeira vez, al\u00e9m de acontecer em um dos melhores teatros do pa\u00eds, o Calil Haddad, a programa\u00e7\u00e3o se estender\u00e1 \u00e0 sede da<\/p>\n","protected":false},"author":11,"featured_media":17699,"comment_status":"open","ping_status":"closed","sticky":false,"template":"","format":"standard","meta":{"footnotes":""},"categories":[],"tags":[],"class_list":["post-17599","post","type-post","status-publish","format-standard","has-post-thumbnail"],"aioseo_notices":[],"amp_enabled":true,"_links":{"self":[{"href":"https:\/\/dentalpress.com.br\/portal\/wp-json\/wp\/v2\/posts\/17599","targetHints":{"allow":["GET"]}}],"collection":[{"href":"https:\/\/dentalpress.com.br\/portal\/wp-json\/wp\/v2\/posts"}],"about":[{"href":"https:\/\/dentalpress.com.br\/portal\/wp-json\/wp\/v2\/types\/post"}],"author":[{"embeddable":true,"href":"https:\/\/dentalpress.com.br\/portal\/wp-json\/wp\/v2\/users\/11"}],"replies":[{"embeddable":true,"href":"https:\/\/dentalpress.com.br\/portal\/wp-json\/wp\/v2\/comments?post=17599"}],"version-history":[{"count":0,"href":"https:\/\/dentalpress.com.br\/portal\/wp-json\/wp\/v2\/posts\/17599\/revisions"}],"wp:featuredmedia":[{"embeddable":true,"href":"https:\/\/dentalpress.com.br\/portal\/wp-json\/wp\/v2\/media\/17699"}],"wp:attachment":[{"href":"https:\/\/dentalpress.com.br\/portal\/wp-json\/wp\/v2\/media?parent=17599"}],"wp:term":[{"taxonomy":"category","embeddable":true,"href":"https:\/\/dentalpress.com.br\/portal\/wp-json\/wp\/v2\/categories?post=17599"},{"taxonomy":"post_tag","embeddable":true,"href":"https:\/\/dentalpress.com.br\/portal\/wp-json\/wp\/v2\/tags?post=17599"}],"curies":[{"name":"wp","href":"https:\/\/api.w.org\/{rel}","templated":true}]}}