{"id":17593,"date":"2017-04-25T08:00:52","date_gmt":"2017-04-25T11:00:52","guid":{"rendered":"https:\/\/www.dentalpress.com.br\/portal\/?p=17593"},"modified":"2017-04-25T15:29:51","modified_gmt":"2017-04-25T18:29:51","slug":"biopatologia-bucal-unesp","status":"publish","type":"post","link":"https:\/\/dentalpress.com.br\/portal\/biopatologia-bucal-unesp\/","title":{"rendered":"Unesp abre vagas para mestrado e doutorado em Biopatologia Bucal"},"content":{"rendered":"<p style=\"text-align: justify;\"><span class=\"Capitular\">O<\/span> Programa de P\u00f3s-gradua\u00e7\u00e3o em Biopatologia Bucal do Instituto de Ci\u00eancia e Tecnologia de S\u00e3o Jos\u00e9 dos Campos (ICT\/Unesp) est\u00e1 com inscri\u00e7\u00f5es abertas, at\u00e9 8 de maio, para o Processo Seletivo dos <a href=\"https:\/\/dentalpress.com.br\/portal\/especializacao-em-implantodontia-transforme-sua-carreira-com-precisao-e-seguranca\/\">Cursos<\/a> de Mestrado e Doutorado, nas \u00e1reas de Microbiologia\/Imunologia e Patologia, para in\u00edcio no 2\u00ba semestre de 2017. Trata-se de\u00a0um programa multidisciplinar com enfoque em Ci\u00eancias B\u00e1sicas na \u00e1rea da Sa\u00fade, com \u00eanfase em Odontologia. Poder\u00e3o se inscrever cirurgi\u00f5es-dentistas e profissionais de outras \u00e1reas com <a href=\"https:\/\/dentalpress.com.br\/portal\/como-inserir-lasers-de-baixa-e-alta-potencia-na-rotina-clinica\/\">curso<\/a> superior.<\/p>\n<p style=\"text-align: justify;\">O programa \u00e9 avaliado com o conceito &#8220;5&#8221; pela Funda\u00e7\u00e3o Coordena\u00e7\u00e3o de <a href=\"https:\/\/dentalpress.com.br\/portal\/curso-de-aperfeicoamento-em-cirurgia-de-dentes-retidos\/\">Aperfei\u00e7oamento<\/a> de Pessoal de N\u00edvel Superior &#8211; CAPES, nos tri\u00eanios 2001-2003 e 2004-2006. Nos tri\u00eanios 2007-2009 e 2010-2012 obteve conceito &#8220;4&#8221;.<\/p>\n<p style=\"text-align: justify;\">Para mais informa\u00e7\u00f5es, clique<span style=\"color: #666699;\"> <a style=\"color: #666699;\" href=\"http:\/\/www.ict.unesp.br\/#!\/pos-graduacao\/pg-biopatologia\/processo-seletivo-2014\/\" target=\"_blank\" rel=\"noopener noreferrer\">aqui<\/a><\/span>.<\/p>\n","protected":false},"excerpt":{"rendered":"<p>O Programa de P\u00f3s-gradua\u00e7\u00e3o em Biopatologia Bucal do Instituto de Ci\u00eancia e Tecnologia de S\u00e3o Jos\u00e9 dos Campos (ICT\/Unesp) est\u00e1 com inscri\u00e7\u00f5es abertas, at\u00e9 8 de maio, para o Processo Seletivo dos Cursos de Mestrado e Doutorado, nas \u00e1reas de Microbiologia\/Imunologia e Patologia, para in\u00edcio no 2\u00ba semestre de 2017. Trata-se de\u00a0um programa multidisciplinar com<\/p>\n","protected":false},"author":11,"featured_media":17792,"comment_status":"open","ping_status":"closed","sticky":false,"template":"","format":"standard","meta":{"footnotes":""},"categories":[],"tags":[],"class_list":["post-17593","post","type-post","status-publish","format-standard","has-post-thumbnail"],"aioseo_notices":[],"amp_enabled":true,"_links":{"self":[{"href":"https:\/\/dentalpress.com.br\/portal\/wp-json\/wp\/v2\/posts\/17593","targetHints":{"allow":["GET"]}}],"collection":[{"href":"https:\/\/dentalpress.com.br\/portal\/wp-json\/wp\/v2\/posts"}],"about":[{"href":"https:\/\/dentalpress.com.br\/portal\/wp-json\/wp\/v2\/types\/post"}],"author":[{"embeddable":true,"href":"https:\/\/dentalpress.com.br\/portal\/wp-json\/wp\/v2\/users\/11"}],"replies":[{"embeddable":true,"href":"https:\/\/dentalpress.com.br\/portal\/wp-json\/wp\/v2\/comments?post=17593"}],"version-history":[{"count":0,"href":"https:\/\/dentalpress.com.br\/portal\/wp-json\/wp\/v2\/posts\/17593\/revisions"}],"wp:featuredmedia":[{"embeddable":true,"href":"https:\/\/dentalpress.com.br\/portal\/wp-json\/wp\/v2\/media\/17792"}],"wp:attachment":[{"href":"https:\/\/dentalpress.com.br\/portal\/wp-json\/wp\/v2\/media?parent=17593"}],"wp:term":[{"taxonomy":"category","embeddable":true,"href":"https:\/\/dentalpress.com.br\/portal\/wp-json\/wp\/v2\/categories?post=17593"},{"taxonomy":"post_tag","embeddable":true,"href":"https:\/\/dentalpress.com.br\/portal\/wp-json\/wp\/v2\/tags?post=17593"}],"curies":[{"name":"wp","href":"https:\/\/api.w.org\/{rel}","templated":true}]}}