{"id":17562,"date":"2017-04-17T12:38:05","date_gmt":"2017-04-17T15:38:05","guid":{"rendered":"https:\/\/www.dentalpress.com.br\/portal\/?p=17562"},"modified":"2017-04-17T13:50:31","modified_gmt":"2017-04-17T16:50:31","slug":"mordida-torta-estresse-precoce","status":"publish","type":"post","link":"https:\/\/dentalpress.com.br\/portal\/mordida-torta-estresse-precoce\/","title":{"rendered":"Mordida torta sugere estresse precoce, diz pesquisa"},"content":{"rendered":"<p style=\"text-align: justify;\">Uma nova pesquisa feita pela<span style=\"color: #666699;\"> <a style=\"color: #666699;\" href=\"http:\/\/www.washington.edu\/\" target=\"_blank\">Universidade de Washington<\/a> <\/span>sugere que uma mordida\u00a0torta\u00a0\u00e9 um marcador de estresses que ocorrem na vida precoce, at\u00e9 mil dias ap\u00f3s a concep\u00e7\u00e3o.<\/p>\n<p style=\"text-align: justify;\"><a href=\"https:\/\/dentalpress.com.br\/portal\/wp-content\/uploads\/2017\/04\/recem-nascido-1.jpg\"><img fetchpriority=\"high\" decoding=\"async\" class=\"aligncenter wp-image-17565 size-large\" src=\"https:\/\/dentalpress.com.br\/portal\/wp-content\/uploads\/2017\/04\/recem-nascido-1-1024x682.jpg\" alt=\"\" width=\"1024\" height=\"682\" srcset=\"\/wp-content\/uploads\/2017\/04\/recem-nascido-1-1024x682.jpg 1024w, \/wp-content\/uploads\/2017\/04\/recem-nascido-1-300x200.jpg 300w, \/wp-content\/uploads\/2017\/04\/recem-nascido-1-768x512.jpg 768w, \/wp-content\/uploads\/2017\/04\/recem-nascido-1-1170x779.jpg 1170w, \/wp-content\/uploads\/2017\/04\/recem-nascido-1-585x390.jpg 585w, \/wp-content\/uploads\/2017\/04\/recem-nascido-1.jpg 1920w\" sizes=\"(max-width: 1024px) 100vw, 1024px\" \/><\/a><\/p>\n<p style=\"text-align: justify;\">As pesquisas confirmam repetidamente que os primeiros mil dias ap\u00f3s a concep\u00e7\u00e3o influenciam fortemente a expectativa de vida e a suscetibilidade de uma pessoa a doen\u00e7as cr\u00f4nicas. O marcador prim\u00e1rio utilizado para identificar o estresse precoce \u00e9 o baixo peso ao nascer, o que pode, por exemplo, indicar m\u00e1 nutri\u00e7\u00e3o da m\u00e3e durante a gravidez.<\/p>\n<h5 style=\"text-align: justify;\"><span style=\"color: #666699;\"><a style=\"color: #666699;\" href=\"https:\/\/www.dentalpress.com.br\/portal\/bebes-dermatite-carie\/\" target=\"_blank\">&gt;&gt;&gt; Leia Tamb\u00e9m:\u00a0Beb\u00eas com dermatite at\u00f3pica t\u00eam maior risco de contrair c\u00e1rie<\/a><\/span><\/h5>\n<p style=\"text-align: justify;\">Mas o baixo peso ao nascer \u00e9 um marcador apenas at\u00e9 o nascimento, cerca de 280 dias &#8211; muito aqu\u00e9m de uma medida \u00fatil para os primeiros mil dias. Por isso,\u00a0pesquisadores da Universidade de Washington, de acordo com uma nova pesquisa, sugerem que uma mordida assim\u00e9trica\u00a0\u00e9 um marcador inovador que tamb\u00e9m captura os estresses precoce da vida que ocorrem ap\u00f3s o nascimento.<\/p>\n<p style=\"text-align: justify;\">&#8220;As<span style=\"color: #666699;\"> <a style=\"color: #666699;\" href=\"https:\/\/www.dentalpress.com.br\/portal\/pesquisa-sugere-que-assimetrias-mandibulares-nao-se-associam-com-ausencia-de-dentes\/\" target=\"_blank\">assimetrias<\/a> <\/span>no cr\u00e2nio e nos <a href=\"https:\/\/dentalpress.com.br\/portal\/curso-de-aperfeicoamento-em-cirurgia-de-dentes-retidos\/\">dentes<\/a> t\u00eam sido usadas por d\u00e9cadas por antrop\u00f3logos para determinar\u00a0o estresse ambiental, mas raramente t\u00eam sido usadas em popula\u00e7\u00f5es vivas&#8221;, disse Philippe Hujoel, autor da pesquisa.\u00a0&#8220;Essas assimetrias de face inferior podem ser avaliadas observando a mordida dent\u00e1ria nos dentes permanentes &#8211; um exame que pode ser conclu\u00eddo em segundos e que ter\u00e1 mais precis\u00e3o do que a recorda\u00e7\u00e3o materna de peso ao nascer, ou ainda mais f\u00e1cil do que buscar\u00a0uma certid\u00e3o de nascimento&#8221;.<\/p>\n<h2 style=\"text-align: justify;\">O que \u00e9 uma mordida assim\u00e9trica?<\/h2>\n<p style=\"text-align: justify;\">Hujoel, professor da <em>UW School of Dentistry<\/em>, descreve uma mordida torta ou assim\u00e9trica quando os dentes mordem para tr\u00e1s ou para a frente de um dos lados do rosto. As assimetrias de mordida para tr\u00e1s, a assimetria de face inferior mais comum na popula\u00e7\u00e3o dos EUA, variaram aleatoriamente entre os lados esquerdo e direito da face, e essa aleatoriedade \u00e9 uma evid\u00eancia do estresse no in\u00edcio da vida, de acordo com ele.<\/p>\n<p style=\"text-align: justify;\">O professor ainda enfatizou que os dentes tortos\u00a0<em>overbites<\/em> e <em>underbites<\/em> s\u00e3o diferentes de uma mordida assim\u00e9trica. Essas condi\u00e7\u00f5es podem ser associadas a mordidas assim\u00e9tricas e sim\u00e9tricas, e quando sim\u00e9tricas, s\u00e3o\u00a0em grande parte reflexo de gen\u00e9tica e n\u00e3o estresse ambiental.<\/p>\n<h2 style=\"text-align: justify;\">Como foi realizada a pesquisa?<\/h2>\n<p style=\"text-align: justify;\">Erin Masterson, Anne-Marie Bollen e Hujoel pesquisaram dados coletados de 1966 a 1970, conseguindo uma amostra de 6 mil e 654 jovens entre 12 a 17 anos de idade, envolvidos no exame <em>National Health Examination Survey<\/em>. O estudo descobriu que um em cada quatro adolescentes dos EUA tinham as assimetrias de face inferior.<\/p>\n<p style=\"text-align: justify;\">&#8220;As assimetrias de face inferior eram comuns em uma gera\u00e7\u00e3o que se tornou tipificada por uma epidemia de diabetes e obesidade na idade adulta&#8221;, observou Hujoel, que \u00e9 professor adjunto de epidemiologia da Escola de Sa\u00fade P\u00fablica. A equipe teve que olhar para os dados de quatro d\u00e9cadas atr\u00e1s porque na d\u00e9cada de 1970, ele diz que os pesquisadores dent\u00e1rios encarregados de projetar inqu\u00e9ritos nos EUA come\u00e7aram a desconsiderar o valor de diagnosticar a assimetria facial, e pararam de tomar essas medi\u00e7\u00f5es.<\/p>\n<h5 style=\"text-align: justify;\"><span style=\"color: #666699;\"><a style=\"color: #666699;\" href=\"https:\/\/www.dentalpress.com.br\/portal\/relacao-entre-ma-saude-bucal-e-diabetes-infatil\/\" target=\"_blank\">&gt;&gt;&gt; Leia Tamb\u00e9m:\u00a0Pesquisa mostra rela\u00e7\u00e3o entre m\u00e1 sa\u00fade bucal e diabetes infantil<\/a><\/span><\/h5>\n<p style=\"text-align: justify;\">&#8220;De uma perspectiva biol\u00f3gica, esta decis\u00e3o resultou em uma incapacidade de rastrear de forma confi\u00e1vel as tend\u00eancias nos EUA&#8221;, disse Hujoel &#8220;N\u00e3o temos informa\u00e7\u00f5es atuais sobre a preval\u00eancia de assimetrias de face inferior na popula\u00e7\u00e3o dos EUA&#8221;.<\/p>\n<p style=\"text-align: justify;\">Pesquisas adicionais s\u00e3o necess\u00e1rias para identificar se as assimetrias de face inferior s\u00e3o preditivas de doen\u00e7as cr\u00f4nicas em popula\u00e7\u00f5es vivas, da mesma forma que as assimetrias de cr\u00e2nio t\u00eam sido associadas a doen\u00e7as degenerativas em popula\u00e7\u00f5es h\u00e1 muito desaparecidas.<\/p>\n<h4 style=\"text-align: justify;\"><span style=\"color: #666699;\"><a style=\"color: #666699;\" href=\"http:\/\/onlinelibrary.wiley.com\/wol1\/doi\/10.1002\/ajhb.23005\/full\" target=\"_blank\">Baixe o artigo na \u00edntegra em ingl\u00eas aqui.<\/a><\/span><\/h4>\n<p style=\"text-align: right;\">Fonte: ScienceDaily<\/p>\n","protected":false},"excerpt":{"rendered":"<p>Uma nova pesquisa feita pela Universidade de Washington sugere que uma mordida\u00a0torta\u00a0\u00e9 um marcador de estresses que ocorrem na vida precoce, at\u00e9 mil dias ap\u00f3s a concep\u00e7\u00e3o. As pesquisas confirmam repetidamente que os primeiros mil dias ap\u00f3s a concep\u00e7\u00e3o influenciam fortemente a expectativa de vida e a suscetibilidade de uma pessoa a doen\u00e7as cr\u00f4nicas. O<\/p>\n","protected":false},"author":20,"featured_media":17565,"comment_status":"open","ping_status":"closed","sticky":false,"template":"","format":"standard","meta":{"footnotes":""},"categories":[],"tags":[],"class_list":["post-17562","post","type-post","status-publish","format-standard","has-post-thumbnail"],"aioseo_notices":[],"amp_enabled":true,"_links":{"self":[{"href":"https:\/\/dentalpress.com.br\/portal\/wp-json\/wp\/v2\/posts\/17562","targetHints":{"allow":["GET"]}}],"collection":[{"href":"https:\/\/dentalpress.com.br\/portal\/wp-json\/wp\/v2\/posts"}],"about":[{"href":"https:\/\/dentalpress.com.br\/portal\/wp-json\/wp\/v2\/types\/post"}],"author":[{"embeddable":true,"href":"https:\/\/dentalpress.com.br\/portal\/wp-json\/wp\/v2\/users\/20"}],"replies":[{"embeddable":true,"href":"https:\/\/dentalpress.com.br\/portal\/wp-json\/wp\/v2\/comments?post=17562"}],"version-history":[{"count":0,"href":"https:\/\/dentalpress.com.br\/portal\/wp-json\/wp\/v2\/posts\/17562\/revisions"}],"wp:featuredmedia":[{"embeddable":true,"href":"https:\/\/dentalpress.com.br\/portal\/wp-json\/wp\/v2\/media\/17565"}],"wp:attachment":[{"href":"https:\/\/dentalpress.com.br\/portal\/wp-json\/wp\/v2\/media?parent=17562"}],"wp:term":[{"taxonomy":"category","embeddable":true,"href":"https:\/\/dentalpress.com.br\/portal\/wp-json\/wp\/v2\/categories?post=17562"},{"taxonomy":"post_tag","embeddable":true,"href":"https:\/\/dentalpress.com.br\/portal\/wp-json\/wp\/v2\/tags?post=17562"}],"curies":[{"name":"wp","href":"https:\/\/api.w.org\/{rel}","templated":true}]}}