{"id":17482,"date":"2017-04-12T14:39:05","date_gmt":"2017-04-12T17:39:05","guid":{"rendered":"https:\/\/www.dentalpress.com.br\/portal\/?p=17482"},"modified":"2017-04-13T15:48:41","modified_gmt":"2017-04-13T18:48:41","slug":"dr-paulo-conti-no-19o-excelencia-na-ortodontia","status":"publish","type":"post","link":"https:\/\/dentalpress.com.br\/portal\/dr-paulo-conti-no-19o-excelencia-na-ortodontia\/","title":{"rendered":"Dr. Paulo Conti no 19\u00ba Excel\u00eancia na Ortodontia"},"content":{"rendered":"<p>Nesta quarta-feira (12), quem assume o audit\u00f3rio no 19\u00ba <a href=\"https:\/\/dentalpress.com.br\/portal\/excelencia-em-ortodontia-2\/\">Excel\u00eancia<\/a> na <a href=\"https:\/\/dentalpress.com.br\/portal\/excelencia-em-alinhadores-e-ortodontia-digital-2\/\">Ortodontia<\/a>\u00a0\u00e9 o professor Dr. Paulo Conti, falando sobre o tema de <a href=\"https:\/\/dentalpress.com.br\/portal\/excelencia-em-dtm-2\/\">DTM<\/a>.<\/p>\n<figure id=\"attachment_17488\" aria-describedby=\"caption-attachment-17488\" style=\"width: 1024px\" class=\"wp-caption aligncenter\"><a href=\"https:\/\/dentalpress.com.br\/portal\/wp-content\/uploads\/2017\/04\/paulo-conti.png\"><img fetchpriority=\"high\" decoding=\"async\" class=\"wp-image-17488 size-large\" src=\"https:\/\/dentalpress.com.br\/portal\/wp-content\/uploads\/2017\/04\/paulo-conti-1024x737.png\" alt=\"excel\u00eancia na ortodontia \" width=\"1024\" height=\"737\" srcset=\"\/wp-content\/uploads\/2017\/04\/paulo-conti-1024x737.png 1024w, \/wp-content\/uploads\/2017\/04\/paulo-conti-300x216.png 300w, \/wp-content\/uploads\/2017\/04\/paulo-conti-768x553.png 768w, \/wp-content\/uploads\/2017\/04\/paulo-conti-585x421.png 585w, \/wp-content\/uploads\/2017\/04\/paulo-conti.png 1116w\" sizes=\"(max-width: 1024px) 100vw, 1024px\" \/><\/a><figcaption id=\"caption-attachment-17488\" class=\"wp-caption-text\">Dr. Paulo Conti no 19\u00ba Excel\u00eancia na Ortodontia (Foto: Renata Mastromauro\/ Dental Press)<\/figcaption><\/figure>\n<p style=\"text-align: justify;\">O Dr. \u00a0Paulo Cesar Conti \u00e9 graduado em Odontologia pela Universidade De S\u00e3o Paulo, mestre e doutor em Reabilita\u00e7\u00e3o Oral pela Faculdade De Odontologia De Bauru (Usp), p\u00f3s-Doutorado Pela <em>University Of Medicine And Dentistry Of New Jersey\u00a0<\/em>(EUA), professor titular da Faculdade de\u00a0Odontologia de Bauru, da Universidade de S\u00e3o Paulo e Chefe de Departamento de Pr\u00f3tese da mesma institui\u00e7\u00e3o, al\u00e9m de ser diplomado da<em> &#8220;American Board Of <a href=\"https:\/\/dentalpress.com.br\/portal\/especializacao-em-harmonizacao-orofacial\/\">Orofacial<\/a> Pain&#8221;,\u00a0<\/em>Presidente Sbdof, e ainda consultor da revista <em>Dental Press Journal Of Orthodontics.<\/em><\/p>\n<p style=\"text-align: justify;\">A partir das 16:30, o professor Dr. Luiz Gandini\u00a0\u00e9 quem assume as aulas, falando sobre o tema\u00a0<em>&#8220;<\/em>Porque em algumas situa\u00e7\u00f5es<em>\u00a0<\/em>n\u00e3o \u00e9 coerente a utiliza\u00e7\u00e3o de fios cont\u00ednuos?<em>&#8220;.<\/em><\/p>\n<p style=\"text-align: justify;\">Veja as fotos:<\/p>\n<p>[flickr_set id=&#8221;72157679287941613&#8243;] [flickr_set id=&#8221;72157679330705133&#8243;]<\/p>\n<p>&nbsp;<\/p>\n","protected":false},"excerpt":{"rendered":"<p>Nesta quarta-feira (12), quem assume o audit\u00f3rio no 19\u00ba Excel\u00eancia na Ortodontia\u00a0\u00e9 o professor Dr. Paulo Conti, falando sobre o tema de DTM. O Dr. \u00a0Paulo Cesar Conti \u00e9 graduado em Odontologia pela Universidade De S\u00e3o Paulo, mestre e doutor em Reabilita\u00e7\u00e3o Oral pela Faculdade De Odontologia De Bauru (Usp), p\u00f3s-Doutorado Pela University Of Medicine<\/p>\n","protected":false},"author":20,"featured_media":17488,"comment_status":"open","ping_status":"closed","sticky":false,"template":"","format":"standard","meta":{"footnotes":""},"categories":[],"tags":[],"class_list":["post-17482","post","type-post","status-publish","format-standard","has-post-thumbnail"],"aioseo_notices":[],"amp_enabled":true,"_links":{"self":[{"href":"https:\/\/dentalpress.com.br\/portal\/wp-json\/wp\/v2\/posts\/17482","targetHints":{"allow":["GET"]}}],"collection":[{"href":"https:\/\/dentalpress.com.br\/portal\/wp-json\/wp\/v2\/posts"}],"about":[{"href":"https:\/\/dentalpress.com.br\/portal\/wp-json\/wp\/v2\/types\/post"}],"author":[{"embeddable":true,"href":"https:\/\/dentalpress.com.br\/portal\/wp-json\/wp\/v2\/users\/20"}],"replies":[{"embeddable":true,"href":"https:\/\/dentalpress.com.br\/portal\/wp-json\/wp\/v2\/comments?post=17482"}],"version-history":[{"count":0,"href":"https:\/\/dentalpress.com.br\/portal\/wp-json\/wp\/v2\/posts\/17482\/revisions"}],"wp:featuredmedia":[{"embeddable":true,"href":"https:\/\/dentalpress.com.br\/portal\/wp-json\/wp\/v2\/media\/17488"}],"wp:attachment":[{"href":"https:\/\/dentalpress.com.br\/portal\/wp-json\/wp\/v2\/media?parent=17482"}],"wp:term":[{"taxonomy":"category","embeddable":true,"href":"https:\/\/dentalpress.com.br\/portal\/wp-json\/wp\/v2\/categories?post=17482"},{"taxonomy":"post_tag","embeddable":true,"href":"https:\/\/dentalpress.com.br\/portal\/wp-json\/wp\/v2\/tags?post=17482"}],"curies":[{"name":"wp","href":"https:\/\/api.w.org\/{rel}","templated":true}]}}