{"id":17450,"date":"2017-04-11T14:35:05","date_gmt":"2017-04-11T17:35:05","guid":{"rendered":"https:\/\/www.dentalpress.com.br\/portal\/?p=17450"},"modified":"2017-04-11T15:09:29","modified_gmt":"2017-04-11T18:09:29","slug":"dra-daniela-garib-comanda-o-excelencia-na-ortodontia","status":"publish","type":"post","link":"https:\/\/dentalpress.com.br\/portal\/dra-daniela-garib-comanda-o-excelencia-na-ortodontia\/","title":{"rendered":"Dra. Daniela Garib comanda o Excel\u00eancia na Ortodontia"},"content":{"rendered":"<p style=\"text-align: justify;\">Nesta ter\u00e7a-feira (11), o dia \u00e9 da Dra. Daniela Garib neste segundo m\u00f3dulo do 19\u00ba <a href=\"https:\/\/dentalpress.com.br\/portal\/como-inserir-lasers-de-baixa-e-alta-potencia-na-rotina-clinica\/\">Curso<\/a> de <a href=\"https:\/\/dentalpress.com.br\/portal\/excelencia-em-ortodontia-2\/\">Excel\u00eancia<\/a> na Ortodontia, que \u00a0ministra aulas durante todo o dia sobre &#8220;Associa\u00e7\u00e3o das Anomalias Dent\u00e1rias&#8221;. Ela ainda far\u00e1 uma transmiss\u00e3o ao vivo no facebook na<span style=\"color: #666699;\"> <a style=\"color: #666699;\" href=\"https:\/\/www.facebook.com\/dentalpresseditora\" target=\"_blank\">p\u00e1gina Dental Press Editora<\/a><\/span>, \u00e1s 16 horas, falando sobre &#8220;As 3 dicas para o sucesso do tracionamento dos caninos superiores retidos&#8221;.<\/p>\n<figure id=\"attachment_17462\" aria-describedby=\"caption-attachment-17462\" style=\"width: 1024px\" class=\"wp-caption aligncenter\"><a href=\"https:\/\/dentalpress.com.br\/portal\/wp-content\/uploads\/2017\/04\/daniela-garib-3.png\"><img fetchpriority=\"high\" decoding=\"async\" class=\"wp-image-17462 size-large\" src=\"https:\/\/dentalpress.com.br\/portal\/wp-content\/uploads\/2017\/04\/daniela-garib-3-1024x573.png\" alt=\"excel\u00eancia na ortodontia\" width=\"1024\" height=\"573\" srcset=\"\/wp-content\/uploads\/2017\/04\/daniela-garib-3-1024x573.png 1024w, \/wp-content\/uploads\/2017\/04\/daniela-garib-3-300x168.png 300w, \/wp-content\/uploads\/2017\/04\/daniela-garib-3-768x430.png 768w, \/wp-content\/uploads\/2017\/04\/daniela-garib-3-585x327.png 585w, \/wp-content\/uploads\/2017\/04\/daniela-garib-3.png 1144w\" sizes=\"(max-width: 1024px) 100vw, 1024px\" \/><\/a><figcaption id=\"caption-attachment-17462\" class=\"wp-caption-text\">Dra. Daniela Gariba no 19\u00ba Excel\u00eancia na Ortodontia (Foto: Giulia Cordeiro\/ Dental Press)<\/figcaption><\/figure>\n<p style=\"text-align: justify;\">A Dra. Daniela Gamba Garib \u00e9 graduada em Odontologia, mestre e doutora em Ortodontia e Ortopedia Facial pela Faculdade de Odontologia de Bauru (USP), p\u00f3s-doutorada pela Harvard School of Dental Medicine (EUA), professora doutora em Ortodontia do Hospital de Reabilita\u00e7\u00e3o de Anomalias Craniofaciais e da Faculdade de Odontologia de Bauru (USP), presidente da Comiss\u00e3o de P\u00f3s-gradua\u00e7\u00e3o do HRAC-USP, coordenadora do Programa de P\u00f3s-gradua\u00e7\u00e3o em Ci\u00eancias da Reabilita\u00e7\u00e3o, \u00c1rea de Concentra\u00e7\u00e3o, Fissuras Orofacias e Anomalias Relacionada, al\u00e9m de ser editora adjunta da Revista Journal of Orthodontics da Editora Dental Press.<\/p>\n<p style=\"text-align: justify;\">Veja as fotos:<\/p>\n<p>[flickr_set id=&#8221;72157679924791082&#8243;]<\/p>\n","protected":false},"excerpt":{"rendered":"<p>Nesta ter\u00e7a-feira (11), o dia \u00e9 da Dra. Daniela Garib neste segundo m\u00f3dulo do 19\u00ba Curso de Excel\u00eancia na Ortodontia, que \u00a0ministra aulas durante todo o dia sobre &#8220;Associa\u00e7\u00e3o das Anomalias Dent\u00e1rias&#8221;. Ela ainda far\u00e1 uma transmiss\u00e3o ao vivo no facebook na p\u00e1gina Dental Press Editora, \u00e1s 16 horas, falando sobre &#8220;As 3 dicas para<\/p>\n","protected":false},"author":20,"featured_media":17461,"comment_status":"open","ping_status":"closed","sticky":false,"template":"","format":"standard","meta":{"footnotes":""},"categories":[],"tags":[],"class_list":["post-17450","post","type-post","status-publish","format-standard","has-post-thumbnail"],"aioseo_notices":[],"amp_enabled":true,"_links":{"self":[{"href":"https:\/\/dentalpress.com.br\/portal\/wp-json\/wp\/v2\/posts\/17450","targetHints":{"allow":["GET"]}}],"collection":[{"href":"https:\/\/dentalpress.com.br\/portal\/wp-json\/wp\/v2\/posts"}],"about":[{"href":"https:\/\/dentalpress.com.br\/portal\/wp-json\/wp\/v2\/types\/post"}],"author":[{"embeddable":true,"href":"https:\/\/dentalpress.com.br\/portal\/wp-json\/wp\/v2\/users\/20"}],"replies":[{"embeddable":true,"href":"https:\/\/dentalpress.com.br\/portal\/wp-json\/wp\/v2\/comments?post=17450"}],"version-history":[{"count":0,"href":"https:\/\/dentalpress.com.br\/portal\/wp-json\/wp\/v2\/posts\/17450\/revisions"}],"wp:featuredmedia":[{"embeddable":true,"href":"https:\/\/dentalpress.com.br\/portal\/wp-json\/wp\/v2\/media\/17461"}],"wp:attachment":[{"href":"https:\/\/dentalpress.com.br\/portal\/wp-json\/wp\/v2\/media?parent=17450"}],"wp:term":[{"taxonomy":"category","embeddable":true,"href":"https:\/\/dentalpress.com.br\/portal\/wp-json\/wp\/v2\/categories?post=17450"},{"taxonomy":"post_tag","embeddable":true,"href":"https:\/\/dentalpress.com.br\/portal\/wp-json\/wp\/v2\/tags?post=17450"}],"curies":[{"name":"wp","href":"https:\/\/api.w.org\/{rel}","templated":true}]}}