{"id":17380,"date":"2017-04-07T15:03:50","date_gmt":"2017-04-07T18:03:50","guid":{"rendered":"https:\/\/www.dentalpress.com.br\/portal\/?p=17380"},"modified":"2017-04-07T18:03:00","modified_gmt":"2017-04-07T21:03:00","slug":"diastemas-interincisivos-centrais-superiores","status":"publish","type":"post","link":"https:\/\/dentalpress.com.br\/portal\/diastemas-interincisivos-centrais-superiores\/","title":{"rendered":"Diastemas interincisivos centrais superiores: quando e como intervir?"},"content":{"rendered":"<div id=\"pageContainer1\" class=\"page\" data-page-number=\"1\" data-loaded=\"true\">\n<p class=\"textLayer\" style=\"text-align: justify;\"><strong>Autores:<\/strong> Renato Rodrigues de Almeida, Daniela Gamba Garib, Renata Rodrigues de Almeida-Pedrin, Marcio Rodrigues de Almeida, Arnaldo Pinzan, Marisa Helena Zingaretti Junqueira.<\/p>\n<p class=\"textLayer\" style=\"text-align: justify;\"><a href=\"https:\/\/dentalpress.com.br\/portal\/wp-content\/uploads\/2017\/04\/diastema-1.png\"><img fetchpriority=\"high\" decoding=\"async\" class=\"aligncenter wp-image-17387 size-large\" src=\"https:\/\/dentalpress.com.br\/portal\/wp-content\/uploads\/2017\/04\/diastema-1-1024x461.png\" alt=\"\" width=\"1024\" height=\"461\" srcset=\"\/wp-content\/uploads\/2017\/04\/diastema-1-1024x461.png 1024w, \/wp-content\/uploads\/2017\/04\/diastema-1-300x135.png 300w, \/wp-content\/uploads\/2017\/04\/diastema-1-768x346.png 768w, \/wp-content\/uploads\/2017\/04\/diastema-1-1170x527.png 1170w, \/wp-content\/uploads\/2017\/04\/diastema-1-585x263.png 585w, \/wp-content\/uploads\/2017\/04\/diastema-1.png 1342w\" sizes=\"(max-width: 1024px) 100vw, 1024px\" \/><\/a><\/p>\n<h2 class=\"textLayer\" style=\"text-align: justify;\"><strong>Resumo<\/strong><\/h2>\n<p class=\"textLayer\" style=\"text-align: justify;\">Contemporaneamente, os diastemas interincisivos centrais superiores s\u00e3o vistos como um fator antiest\u00e9tico sendo altamente prejudicial do ponto de vista social. O diagn\u00f3stico diferencial dessa anomalia da oclus\u00e3o deve ser realizado o mais cedo poss\u00edvel, n\u00e3o s\u00f3 para orientar o paciente e seus pais bem como para encetar o tratamento procurando devolver ao paciente uma est\u00e9tica agrad\u00e1vel e o bem estar social. Na realidade o diastema mediano constitui um aspecto de normalidade durante a inf\u00e2ncia e, com o desenvolvimento da oclus\u00e3o, h\u00e1 um fechamento isiol\u00f3gico signiicativo. A sua persist\u00eancia depende da etiologia que \u00e9 multifatorial e geralmente est\u00e1 relacionada a: discrep\u00e2ncia dente-osso positiva, microdontia, agenesias dos incisivos laterais superiores, h\u00e1bitos principalmente de suc\u00e7\u00e3o, <a href=\"https:\/\/dentalpress.com.br\/portal\/curso-de-aperfeicoamento-em-cirurgia-de-dentes-retidos\/\">dentes<\/a> supranumer\u00e1rios irrompidos ou ainda intra-\u00f3sseo, hereditariedade, freio labial hipertr\u00f3ico e outros. O objetivo principal desse trabalho \u00e9 o de nortear o leitor com rela\u00e7\u00e3o \u00e0 \u00e9poca (quando) e como intervir para o cerramento desse espa\u00e7o.<\/p>\n<p class=\"textLayer\" style=\"text-align: justify;\"><strong>Palavras-chave:<\/strong> Diastema. Freio labial. Etiologia. Tratamento ortod\u00f4ntico.<\/p>\n<h3 class=\"textLayer\" style=\"text-align: justify;\"><a href=\"http:\/\/grupo.dentalpress.com.br\/artigo-diastema-interincisivos\" target=\"_blank\"><span style=\"color: #666699;\">Baixe o artigo na \u00edntegra aqui.<\/span><\/a><\/h3>\n<p class=\"textLayer\" style=\"text-align: justify;\"><span style=\"color: #666699;\">\u00a0<\/span><\/p>\n<\/div>\n","protected":false},"excerpt":{"rendered":"<p>Autores: Renato Rodrigues de Almeida, Daniela Gamba Garib, Renata Rodrigues de Almeida-Pedrin, Marcio Rodrigues de Almeida, Arnaldo Pinzan, Marisa Helena Zingaretti Junqueira. Resumo Contemporaneamente, os diastemas interincisivos centrais superiores s\u00e3o vistos como um fator antiest\u00e9tico sendo altamente prejudicial do ponto de vista social. O diagn\u00f3stico diferencial dessa anomalia da oclus\u00e3o deve ser realizado o mais<\/p>\n","protected":false},"author":20,"featured_media":17385,"comment_status":"open","ping_status":"closed","sticky":false,"template":"","format":"standard","meta":{"footnotes":""},"categories":[],"tags":[],"class_list":["post-17380","post","type-post","status-publish","format-standard","has-post-thumbnail"],"aioseo_notices":[],"amp_enabled":true,"_links":{"self":[{"href":"https:\/\/dentalpress.com.br\/portal\/wp-json\/wp\/v2\/posts\/17380","targetHints":{"allow":["GET"]}}],"collection":[{"href":"https:\/\/dentalpress.com.br\/portal\/wp-json\/wp\/v2\/posts"}],"about":[{"href":"https:\/\/dentalpress.com.br\/portal\/wp-json\/wp\/v2\/types\/post"}],"author":[{"embeddable":true,"href":"https:\/\/dentalpress.com.br\/portal\/wp-json\/wp\/v2\/users\/20"}],"replies":[{"embeddable":true,"href":"https:\/\/dentalpress.com.br\/portal\/wp-json\/wp\/v2\/comments?post=17380"}],"version-history":[{"count":0,"href":"https:\/\/dentalpress.com.br\/portal\/wp-json\/wp\/v2\/posts\/17380\/revisions"}],"wp:featuredmedia":[{"embeddable":true,"href":"https:\/\/dentalpress.com.br\/portal\/wp-json\/wp\/v2\/media\/17385"}],"wp:attachment":[{"href":"https:\/\/dentalpress.com.br\/portal\/wp-json\/wp\/v2\/media?parent=17380"}],"wp:term":[{"taxonomy":"category","embeddable":true,"href":"https:\/\/dentalpress.com.br\/portal\/wp-json\/wp\/v2\/categories?post=17380"},{"taxonomy":"post_tag","embeddable":true,"href":"https:\/\/dentalpress.com.br\/portal\/wp-json\/wp\/v2\/tags?post=17380"}],"curies":[{"name":"wp","href":"https:\/\/api.w.org\/{rel}","templated":true}]}}